{"id":536327,"date":"2025-11-15T16:23:53","date_gmt":"2025-11-15T16:23:53","guid":{"rendered":"https:\/\/www.europesays.com\/fr\/536327\/"},"modified":"2025-11-15T16:23:53","modified_gmt":"2025-11-15T16:23:53","slug":"football-coupe-de-france-7e-tour-tomblaine","status":"publish","type":"post","link":"https:\/\/www.europesays.com\/fr\/536327\/","title":{"rendered":"Football &#8211; Coupe de France (7e tour). Tomblaine"},"content":{"rendered":"<p>Tomblaine (R3) &#8211; ASNL (L2)<\/p>\n<p>Ce dimanche \u00e0 15\u00a0h\u00a045<\/p>\n<p>Quand on est all\u00e9 le solliciter mardi soir pour parler de ce match \u00e9v\u00e9nement lors de l\u2019entra\u00eenement du GSAT, il nous a spontan\u00e9ment renvoy\u00e9s vers son co\u00e9quipier Morad Sehili, <a href=\"https:\/\/www.estrepublicain.fr\/sport\/2025\/11\/13\/tomblaine-as-nancy-lorraine-(j-3)-c-est-l-apotheose-pour-nous-se-rejouit-morad-sehili-le-doyen-du-gsat\" target=\"_blank\" rel=\"noopener\">le doyen de l\u2019\u00e9quipe<\/a> , pour qu\u2019il soit mis en avant plut\u00f4t que lui-m\u00eame. Une anecdote qui illustre bien le sens du collectif et le respect dont fait preuve Ismail Arbouze. \u00ab\u00a0C\u2019est pour\u00a0\u00e7a aussi que je suis le capitaine, je suis ce lien avec les \u201canciens\u201d et les plus jeunes\u00a0\u00bb, confie-t-il. Le n\u00b09 tomblainois, \u00e2g\u00e9 de 32 ans, est effectivement une figure phare de son \u00e9quipe, trait d\u2019union entre les nouvelles g\u00e9n\u00e9rations et les \u00e9l\u00e9ments plus \u00e2g\u00e9s qui composent l\u2019\u00e9quipe, dont il fait partie.<\/p>\n<p>  Le GSAT, sa deuxi\u00e8me maison<\/p>\n<p>Il faut dire aussi que Tomblaine, c\u2019est la maison pour lui\u00a0: \u00ab\u00a0J\u2019ai commenc\u00e9 au club en poussins jusqu\u2019en U13 avant de partir \u00e0 Jarville pour continuer ma progression. Je suis revenu pour ma premi\u00e8re ann\u00e9e en seniors apr\u00e8s une blessure en U19 R1. \u00c0 l\u2019\u00e9poque, on avait \u00e9t\u00e9 champions, d\u00e9j\u00e0, mais en D3, comme le club \u00e9tait tomb\u00e9 assez bas. Apr\u00e8s, j\u2019ai \u00e9t\u00e9 pendant longtemps \u00e9ducateur au club, j\u2019ai \u00e9t\u00e9 fonctionnaire \u00e0 la ville aussi. Dans l\u2019\u00e9quipe, il y a des jeunes que j\u2019ai connus lors de classes de neige ou \u00e0 l\u2019\u00e9cole. Et maintenant je suis leur co\u00e9quipier et on vit ce parcours. Je trouve que c\u2019est une belle histoire\u00a0\u00bb.<\/p>\n<p>Elle l\u2019est. Et tout aussi belle que celle de son come-back dans son \u00ab\u00a0club de c\u0153ur\u00a0\u00bb il y a un an, couronn\u00e9e d\u2019une mont\u00e9e en R3 en juin dernier puis de <a href=\"https:\/\/www.estrepublicain.fr\/sport\/2025\/10\/27\/apres-son-exploit-tomblaine-le-petit-poucet-du-grand-est-reve-de-tirer-un-club-pro-au-7-sup-e-sup-tour\" target=\"_blank\" rel=\"noopener\">ce fantastique parcours en Coupe de France<\/a>.<\/p>\n<p>  \u00ab\u00a0Je ne pouvais pas r\u00eaver mieux\u00a0!\u00a0\u00bb<\/p>\n<p>\u00ab\u00a0\u00c7a a toujours \u00e9t\u00e9 mon r\u00eave, que notre bande d\u2019amis tomblainois revienne un jour au club (les Faouzi Laouani, Salim Sehili, Mohamed Farhi\u2026)\u00a0\u00bb, d\u00e9crit-il. \u00ab\u00a0Certains \u00e9taient d\u00e9j\u00e0 revenus quand le club \u00e9tait en D2. Moi je suis revenu la saison derni\u00e8re. Il y avait d\u00e9j\u00e0 eu la mont\u00e9e, et l\u00e0, de vivre en parall\u00e8le cette aventure, c\u2019est incroyable. On est tr\u00e8s soud\u00e9s, on est comme des fr\u00e8res. Pour nous, d\u00e9j\u00e0, c\u2019\u00e9tait un r\u00eave d\u2019avoir les maillots, sachant que le club n\u2019avait jamais atteint le 4e\u00a0 tour\u00a0! Apr\u00e8s, on voyait plus haut dans un coin de notre t\u00eate en se disant pourquoi pas aller au 7e\u00a0 tour pour rencontrer une \u00e9quipe pro. Et l\u00e0, on va jouer contre l\u2019ASNL, la r\u00e9f\u00e9rence de notre d\u00e9partement. Je ne pouvais pas r\u00eaver mieux\u00a0!\u00a0\u00bb<\/p>\n<p>Lui a d\u00e9j\u00e0 connu beaucoup de belles choses par le pass\u00e9, comme ses 24 buts inscrits avec Saint-Max\/Essey en 2016-2017 (dont 22 lors de la deuxi\u00e8me partie de saison) suivie de la mont\u00e9e en R2 deux ans plus tard, ou encore l\u2019accession en N3 avec Champigneulles en 2022 et le tripl\u00e9 en district avec la B de Villers en 2024. Mais aussi des moments plus difficiles, avec quelques blessures graves. Dont il s\u2019est \u00e0 chaque fois relev\u00e9. Pour arriver \u00e0 cet affrontement \u00e0 venir avec les pros nanc\u00e9iens, la cerise sur le g\u00e2teau pour lui et ses \u00e9quipiers. \u00ab\u00a0\u00c7a va me marquer\u00a0\u00bb, pr\u00e9voit-il \u00e0 l\u2019avance. \u00c0 n\u2019en pas douter. Une r\u00e9compense pour son engagement et son attachement exemplaires. <\/p>\n","protected":false},"excerpt":{"rendered":"Tomblaine (R3) &#8211; ASNL (L2) Ce dimanche \u00e0 15\u00a0h\u00a045 Quand on est all\u00e9 le solliciter mardi soir pour&hellip;\n","protected":false},"author":2,"featured_media":536328,"comment_status":"","ping_status":"","sticky":false,"template":"","format":"standard","meta":{"footnotes":""},"categories":[9635],"tags":[1111,11,3703,15922,1704,1777,674,63,1011,27,775,11260,1702,12,25,517,1700,11703],"class_list":{"0":"post-536327","1":"post","2":"type-post","3":"status-publish","4":"format-standard","5":"has-post-thumbnail","7":"category-nancy","8":"tag-actu","9":"tag-actualites","10":"tag-asnl","11":"tag-coupe-de-france-de-football","12":"tag-edition-nancy-et-agglomeration","13":"tag-eu","14":"tag-europe","15":"tag-football","16":"tag-fr","17":"tag-france","18":"tag-grand-est","19":"tag-metropole-du-grand-nancy-54b4","20":"tag-nancy","21":"tag-news","22":"tag-republique-francaise","23":"tag-sport","24":"tag-sport-lorrain","25":"tag-tomblaine"},"share_on_mastodon":{"url":"https:\/\/pubeurope.com\/@fr\/115554645670625915","error":""},"_links":{"self":[{"href":"https:\/\/www.europesays.com\/fr\/wp-json\/wp\/v2\/posts\/536327","targetHints":{"allow":["GET"]}}],"collection":[{"href":"https:\/\/www.europesays.com\/fr\/wp-json\/wp\/v2\/posts"}],"about":[{"href":"https:\/\/www.europesays.com\/fr\/wp-json\/wp\/v2\/types\/post"}],"author":[{"embeddable":true,"href":"https:\/\/www.europesays.com\/fr\/wp-json\/wp\/v2\/users\/2"}],"replies":[{"embeddable":true,"href":"https:\/\/www.europesays.com\/fr\/wp-json\/wp\/v2\/comments?post=536327"}],"version-history":[{"count":0,"href":"https:\/\/www.europesays.com\/fr\/wp-json\/wp\/v2\/posts\/536327\/revisions"}],"wp:featuredmedia":[{"embeddable":true,"href":"https:\/\/www.europesays.com\/fr\/wp-json\/wp\/v2\/media\/536328"}],"wp:attachment":[{"href":"https:\/\/www.europesays.com\/fr\/wp-json\/wp\/v2\/media?parent=536327"}],"wp:term":[{"taxonomy":"category","embeddable":true,"href":"https:\/\/www.europesays.com\/fr\/wp-json\/wp\/v2\/categories?post=536327"},{"taxonomy":"post_tag","embeddable":true,"href":"https:\/\/www.europesays.com\/fr\/wp-json\/wp\/v2\/tags?post=536327"}],"curies":[{"name":"wp","href":"https:\/\/api.w.org\/{rel}","templated":true}]}}