{"id":536329,"date":"2025-11-15T16:26:14","date_gmt":"2025-11-15T16:26:14","guid":{"rendered":"https:\/\/www.europesays.com\/fr\/536329\/"},"modified":"2025-11-15T16:26:14","modified_gmt":"2025-11-15T16:26:14","slug":"coupe-de-france-quand-aura-lieu-le-huitieme-tour-sport","status":"publish","type":"post","link":"https:\/\/www.europesays.com\/fr\/536329\/","title":{"rendered":"Coupe de France. Quand aura lieu le huiti\u00e8me tour\u00a0? . Sport"},"content":{"rendered":"<p>Encore un petit effort avant le Graal pour les petits poucets de la Coupe de France\u00a0? Le Graal en question\u00a0: passer le huiti\u00e8me tour et esp\u00e9rer tirer le gros lot puisque les 18\u00a0clubs de Ligue 1\u00a0feront leur entrer en lice au tour suivant, en 32e de finale. Mais avant cela, il y a un huiti\u00e8me tour \u00e0 disputer, alors que le tour pr\u00e9c\u00e9dent a \u00e9cum\u00e9 pr\u00e8s de 80\u00a0\u00e9quipes.<\/p>\n<p><strong>Lire aussi.<\/strong>\u00a0<a href=\"https:\/\/rennes.maville.com\/sport\/detail_-coupe-de-france.-tous-les-clubs-qualifies-pour-le-huitieme-tour-_54135-7064333_actu.Htm\" target=\"_blank\" rel=\"noopener\">Tous les clubs qualifi\u00e9s pour le huiti\u00e8me tour<\/a><\/p>\n<p>Quand aura lieu le huiti\u00e8me tour de la Coupe de France\u00a0?<\/p>\n<p>Le huiti\u00e8me tour de la Coupe de France se tiendra les 28, 29 et 30\u00a0novembre 2025. <a href=\"https:\/\/www.ouest-france.fr\/sport\/football\/coupe-de-france\/direct\/direct-suivez-les-tirages-des-7e-et-8e-tours-de-coupe-de-france-en-direct-cca97556-db3f-4154-82d5-822905008045\" target=\"_blank\" rel=\"noopener\">Le tirage au sort avait d\u2019ailleurs d\u00e9j\u00e0 eu lieu, le mercredi 29\u00a0octobre.<\/a><\/p>\n<p>Les qualifi\u00e9s<\/p>\n<p>Ligue 2 : Annecy, Grenoble, Reims, Amiens, Troyes<\/p>\n<p>National : Le Puy Foot<\/p>\n<p>National 2 : US Avranches<\/p>\n<p>R\u00e9gional 1 : FC Mulhouse<\/p>\n<p>\u00a0<\/p>\n","protected":false},"excerpt":{"rendered":"Encore un petit effort avant le Graal pour les petits poucets de la Coupe de France\u00a0? Le Graal&hellip;\n","protected":false},"author":2,"featured_media":536330,"comment_status":"","ping_status":"","sticky":false,"template":"","format":"standard","meta":{"footnotes":""},"categories":[9619],"tags":[1111,11,3809,1465,1777,674,63,1011,27,1792,1922,12,882,25,479,517,2310,1470],"class_list":{"0":"post-536329","1":"post","2":"type-post","3":"status-publish","4":"format-standard","5":"has-post-thumbnail","7":"category-toulon","8":"tag-actu","9":"tag-actualites","10":"tag-ball","11":"tag-basket","12":"tag-eu","13":"tag-europe","14":"tag-football","15":"tag-fr","16":"tag-france","17":"tag-handball","18":"tag-info","19":"tag-news","20":"tag-provence-alpes-cote-dazur","21":"tag-republique-francaise","22":"tag-rugby","23":"tag-sport","24":"tag-toulon","25":"tag-volley"},"share_on_mastodon":{"url":"https:\/\/pubeurope.com\/@fr\/115554653584754365","error":""},"_links":{"self":[{"href":"https:\/\/www.europesays.com\/fr\/wp-json\/wp\/v2\/posts\/536329","targetHints":{"allow":["GET"]}}],"collection":[{"href":"https:\/\/www.europesays.com\/fr\/wp-json\/wp\/v2\/posts"}],"about":[{"href":"https:\/\/www.europesays.com\/fr\/wp-json\/wp\/v2\/types\/post"}],"author":[{"embeddable":true,"href":"https:\/\/www.europesays.com\/fr\/wp-json\/wp\/v2\/users\/2"}],"replies":[{"embeddable":true,"href":"https:\/\/www.europesays.com\/fr\/wp-json\/wp\/v2\/comments?post=536329"}],"version-history":[{"count":0,"href":"https:\/\/www.europesays.com\/fr\/wp-json\/wp\/v2\/posts\/536329\/revisions"}],"wp:featuredmedia":[{"embeddable":true,"href":"https:\/\/www.europesays.com\/fr\/wp-json\/wp\/v2\/media\/536330"}],"wp:attachment":[{"href":"https:\/\/www.europesays.com\/fr\/wp-json\/wp\/v2\/media?parent=536329"}],"wp:term":[{"taxonomy":"category","embeddable":true,"href":"https:\/\/www.europesays.com\/fr\/wp-json\/wp\/v2\/categories?post=536329"},{"taxonomy":"post_tag","embeddable":true,"href":"https:\/\/www.europesays.com\/fr\/wp-json\/wp\/v2\/tags?post=536329"}],"curies":[{"name":"wp","href":"https:\/\/api.w.org\/{rel}","templated":true}]}}