{"id":536333,"date":"2025-11-15T16:28:14","date_gmt":"2025-11-15T16:28:14","guid":{"rendered":"https:\/\/www.europesays.com\/fr\/536333\/"},"modified":"2025-11-15T16:28:14","modified_gmt":"2025-11-15T16:28:14","slug":"un-homme-de-43-ans-interpelle-apres-la-decouverte-de-4-kg-de-cannabis","status":"publish","type":"post","link":"https:\/\/www.europesays.com\/fr\/536333\/","title":{"rendered":"un homme de 43 ans interpell\u00e9 apr\u00e8s la d\u00e9couverte de 4 kg de cannabis"},"content":{"rendered":"<p>\nD&rsquo;apr\u00e8s ses dires, il serait tomb\u00e9 sur une plantation de cannabis et aurait r\u00e9colt\u00e9 la marchandise dans l&rsquo;id\u00e9e de la revendre.<\/p>\n<p>\n\u00a9 Photo d\u2019illustration \u2013 Cannabis.<\/p>\n<p><a data-no-instant=\"1\" href=\"https:\/\/nimes-metropole-entreprises.fr\/le-territoire-de-nimes-metropole\/un-reseau-economique-et-collaboratif\/digiweek-de-nimes-metropole\/\" rel=\"noopener nofollow\" class=\"a2t-link\" aria-label=\"461-image\" target=\"_blank\"><img decoding=\"async\" loading=\"lazy\" src=\"https:\/\/www.europesays.com\/fr\/wp-content\/uploads\/2025\/11\/1762508179_745_461-image.jpeg\" alt=\"\"   width=\"1220\" height=\"260\"\/><\/a><\/p>\n<p>Apr\u00e8s avoir re\u00e7u une information sur la pr\u00e9sence de <strong>produits stup\u00e9fiants<\/strong> dans un appartement du secteur du <strong>Grand M<\/strong> \u00e0 <a href=\"https:\/\/infoccitanie.fr\/tag\/montpellier\/\" rel=\"nofollow noopener\" target=\"_blank\">Montpellier<\/a>, les policiers ont mis en place une <strong>surveillance<\/strong> cibl\u00e9e. Leur attention s\u2019est rapidement port\u00e9e sur un logement en particulier en raison de la <strong>forte odeur de drogue<\/strong>.<\/p>\n<p>Il aurait r\u00e9colt\u00e9 la marchandise dans l\u2019id\u00e9e de la revendre<\/p>\n<p>Ce mercredi, un homme de 43 ans, <strong>l\u2019occupant des lieux<\/strong>, a \u00e9t\u00e9 vu entrant dans l\u2019appartement. Lors de la <strong>perquisition<\/strong>, les forces de l\u2019ordre ont saisi<strong> pr\u00e8s de 4 kg de cannabis<\/strong>. Interpell\u00e9 et plac\u00e9 en <strong>garde \u00e0 vue<\/strong>, le suspect explique \u00eatre tomb\u00e9 sur une<strong> plantation de cannabis <\/strong>et avoir <strong>r\u00e9colt\u00e9 la marchandise<\/strong> dans <strong>l\u2019id\u00e9e de la revendre.<\/strong> Pr\u00e9sent\u00e9 devant le procureur de la R\u00e9publique ce 14 novembre, il devrait faire l\u2019objet d\u2019une comparution sur reconnaissance pr\u00e9alable de culpabilit\u00e9 (<strong>CRPC<\/strong>).<\/p>\n","protected":false},"excerpt":{"rendered":"D&rsquo;apr\u00e8s ses dires, il serait tomb\u00e9 sur une plantation de cannabis et aurait r\u00e9colt\u00e9 la marchandise dans l&rsquo;id\u00e9e&hellip;\n","protected":false},"author":2,"featured_media":536334,"comment_status":"","ping_status":"","sticky":false,"template":"","format":"standard","meta":{"footnotes":""},"categories":[9599],"tags":[1111,11,1777,674,1011,27,2208,12,2680,1072,25],"class_list":{"0":"post-536333","1":"post","2":"type-post","3":"status-publish","4":"format-standard","5":"has-post-thumbnail","7":"category-montpellier","8":"tag-actu","9":"tag-actualites","10":"tag-eu","11":"tag-europe","12":"tag-fr","13":"tag-france","14":"tag-montpellier","15":"tag-news","16":"tag-occitanie","17":"tag-police","18":"tag-republique-francaise"},"share_on_mastodon":{"url":"https:\/\/pubeurope.com\/@fr\/115554661596740644","error":""},"_links":{"self":[{"href":"https:\/\/www.europesays.com\/fr\/wp-json\/wp\/v2\/posts\/536333","targetHints":{"allow":["GET"]}}],"collection":[{"href":"https:\/\/www.europesays.com\/fr\/wp-json\/wp\/v2\/posts"}],"about":[{"href":"https:\/\/www.europesays.com\/fr\/wp-json\/wp\/v2\/types\/post"}],"author":[{"embeddable":true,"href":"https:\/\/www.europesays.com\/fr\/wp-json\/wp\/v2\/users\/2"}],"replies":[{"embeddable":true,"href":"https:\/\/www.europesays.com\/fr\/wp-json\/wp\/v2\/comments?post=536333"}],"version-history":[{"count":0,"href":"https:\/\/www.europesays.com\/fr\/wp-json\/wp\/v2\/posts\/536333\/revisions"}],"wp:featuredmedia":[{"embeddable":true,"href":"https:\/\/www.europesays.com\/fr\/wp-json\/wp\/v2\/media\/536334"}],"wp:attachment":[{"href":"https:\/\/www.europesays.com\/fr\/wp-json\/wp\/v2\/media?parent=536333"}],"wp:term":[{"taxonomy":"category","embeddable":true,"href":"https:\/\/www.europesays.com\/fr\/wp-json\/wp\/v2\/categories?post=536333"},{"taxonomy":"post_tag","embeddable":true,"href":"https:\/\/www.europesays.com\/fr\/wp-json\/wp\/v2\/tags?post=536333"}],"curies":[{"name":"wp","href":"https:\/\/api.w.org\/{rel}","templated":true}]}}