{"id":536335,"date":"2025-11-15T16:30:36","date_gmt":"2025-11-15T16:30:36","guid":{"rendered":"https:\/\/www.europesays.com\/fr\/536335\/"},"modified":"2025-11-15T16:30:36","modified_gmt":"2025-11-15T16:30:36","slug":"normandy-4-good-parfum-berry-a-rouen-transforme-le-lin-normand-en-un-parfum-unique","status":"publish","type":"post","link":"https:\/\/www.europesays.com\/fr\/536335\/","title":{"rendered":"Normandy 4\u00a0Good. Parfum Berry \u00e0 Rouen transforme le lin normand en un parfum unique"},"content":{"rendered":"<p>La 5e \u00e9dition du <a href=\"https:\/\/www.ouest-france.fr\/medias\/ouest-france\/e-dossier\/normandy-4-good\/\" target=\"_blank\" rel=\"noopener\">concours Normandy 4\u00a0Good<\/a> est lanc\u00e9e. Initi\u00e9 par la Caisse d\u2019\u00c9pargne Normandie, il r\u00e9compense \u00ab\u00a0l\u2019innovation \u00e0 impact\u00a0\u00bb (concernant l\u2019environnement, l\u2019inclusion num\u00e9rique, la sant\u00e9 et le mieux vivre) au travers de plusieurs prix\u00a0: le prix innovation, le prix start-up, le prix jeunes, le prix Paris-Normandie et le prix Ouest-France. Le Prix Ouest-France, c\u2019est vous\u00a0! Internautes et lecteurs, vous pouvez choisir quel est votre projet pr\u00e9f\u00e9r\u00e9 parmi les huit projets \u00ab\u00a0qui visent \u00e0 diminuer l\u2019impact de l\u2019activit\u00e9 humaine sur le r\u00e9chauffement climatique\u00a0\u00bb. La c\u00e9r\u00e9monie de remise des prix aura lieu au MoHo, \u00e0 Caen, le 16\u00a0d\u00e9cembre 2025.<\/p>\n<p>C\u00e9cile Vialla, 60\u00a0ans, fourmille d\u2019id\u00e9es. Il est bien loin le temps o\u00f9 elle volait pour Air France, se lan\u00e7ait dans la m\u00e9diation familiale et le maquillage \u00ab\u00a0social\u00a0\u00bb pour des femmes victimes de violences conjugales. Du maquillage au parfum cependant, le pont \u00e9tait d\u00e9j\u00e0 esquiss\u00e9.<\/p>\n<p>Cr\u00e9atrice de Parfum Berry \u00e0 Rouen en 2016, elle conduit aujourd\u2019hui un projet de parfum 100\u00a0% lin, int\u00e9grant la fragrance et un packaging soign\u00e9 en lien avec la fibre normande. La R\u00e9gion Normandie, l\u2019\u00e9cole d\u2019ing\u00e9nieurs en agriculture UniLaSalle, l\u2019universit\u00e9 de Rouen et l\u2019Union europ\u00e9enne sont d\u00e9j\u00e0 dans le flacon.<\/p>\n<p><strong>Voir aussi\u00a0: <\/strong> <a href=\"https:\/\/www.ouest-france.fr\/economie\/automobile\/video-le-lin-normand-un-atout-design-et-ecologique-pour-alleger-les-voitures-60d9a79d-b067-3bd6-a34e-ab1780d73fe6\" target=\"_blank\" rel=\"noopener\">VID\u00c9O. Le lin normand, un atout design et \u00e9cologique pour all\u00e9ger les voitures<\/a><\/p>\n<p>Le lin sent la vanille\u00a0!<\/p>\n<p>La cr\u00e9atrice surprend par une simple question.<strong> \u00ab\u00a0Vous avez d\u00e9j\u00e0 senti une fleur de lin\u00a0? Eh bien, elle ne sent rien. C\u2019est un peu d\u00e9sesp\u00e9rant de prime abord, alors que dans le m\u00eame temps, cette fleur est si belle, sauvage. Alors comment faire de cette fleur normande un v\u00e9ritable parfum\u00a0? J\u2019ai voulu consid\u00e9rer que le lin, c\u2019est aussi la tige et les graines, et j\u2019ai travaill\u00e9 le lin comme un tout.\u00a0\u00bb<\/strong><\/p>\n<p>Appuy\u00e9e par la parfumerie Damiette \u00e0 Rouen \u2013 d\u00e9j\u00e0 au fait de la cr\u00e9ation de parfums \u2013 et par un laboratoire de l\u2019universit\u00e9 de Rouen, C\u00e9cile Vialla mise sur un proc\u00e9d\u00e9 exclusif, Olfactive ID, qui capture l\u2019identit\u00e9 mol\u00e9culaire des lieux et des mati\u00e8res. <strong>\u00ab\u00a0Nous avons men\u00e9 une v\u00e9ritable exploration sensorielle du lin normand,<\/strong> raconte la cr\u00e9atrice. <strong>Racines, tiges, fleurs, capsules, fibres\u2026 Chaque partie du lin a \u00e9t\u00e9 analys\u00e9e \u00e0 l\u2019aide de techniques de pointe. Le r\u00e9sultat, c\u2019est plus de trente compos\u00e9s odorants identifi\u00e9s, une v\u00e9ritable carte d\u2019identit\u00e9 invisible du lin. Parmi ces d\u00e9couvertes, deux signatures \u00e9tonnantes\u00a0: la vanilline, qui apporte une douceur enveloppante et gourmande\u00a0et le linalol, aux accents frais et floraux.\u00a0\u00bb<\/strong><\/p>\n<p><strong>Lire aussi\u00a0:<\/strong> <a href=\"https:\/\/caen.maville.com\/actu\/actudet_-reportage.-une-plante-extraordinaire-ces-normands-cultivent-le-lin-depuis-quatre-generations-_4-5807178_actu.Htm\" target=\"_blank\" rel=\"noopener\">REPORTAGE. \u00ab\u00a0Une plante extraordinaire\u00a0\u00bb\u00a0: ces Normands cultivent le lin depuis quatre g\u00e9n\u00e9rations<\/a><\/p>\n<p>Packaging \u00e9cocon\u00e7u<\/p>\n<p>Cette alchimie inattendue donne aujourd\u2019hui naissance \u00e0 \u00ab\u00a0Eau de lin\u00a0\u00bb, premier parfum au monde directement inspir\u00e9 de l\u2019ADN olfactif du lin normand. <strong>\u00ab\u00a0La technologie employ\u00e9e ne\u00a0se contente pas d\u2019inventer un parfum\u00a0: elle r\u00e9v\u00e8le ce qui existe d\u00e9j\u00e0, mais que personne n\u2019avait encore su sentir. Le lin a livr\u00e9 son secret\u00a0! <\/strong>assure C\u00e9cile Vialla. <strong>Mais ce\u00a0parfum cr\u00e9\u00e9 n\u2019est pas une fin en soi. Il int\u00e8gre un projet global appel\u00e9 \u00ab\u00a0Lenefin\u00a0\u00bb (lin, \u00e9coconception, Normandie, fragrance, innovation). Notre ambition, c\u2019est la mise en valeur du lin normand et des circuits courts, la collaboration avec des artisans d\u2019art pour un packaging \u00e9cocon\u00e7u \u00e0 base de lin fibre normand.\u00a0\u00bb<\/strong><\/p>\n<p>Pour lancer la fabrication et la commercialisation du parfum, l\u2019entreprise conduit une\u00a0campagne de financement participatif (<a href=\"https:\/\/fr.ulule.com\/parfum-berry-eaudelin\/\" target=\"_blank\" rel=\"noopener\">fr.ulule.com\/parfum-berry-eaudelin\/<\/a>). Les fonds serviront d\u2019abord \u00e0 cr\u00e9er\u00a0vingt-cinq parfums \u00ab\u00a0Eau de lin\u00a0\u00bb num\u00e9rot\u00e9s, accompagn\u00e9s du packaging en lin fibre \u00e9coproduit \u00e0 la main par un artisan d\u2019art normand, puis \u00e0 investir dans la\u00a0fabrication des 100\u00a0premiers flacons de 10\u00a0ml.<\/p>\n<p>\u00a0<\/p>\n","protected":false},"excerpt":{"rendered":"La 5e \u00e9dition du concours Normandy 4\u00a0Good est lanc\u00e9e. Initi\u00e9 par la Caisse d\u2019\u00c9pargne Normandie, il r\u00e9compense \u00ab\u00a0l\u2019innovation&hellip;\n","protected":false},"author":2,"featured_media":536336,"comment_status":"","ping_status":"","sticky":false,"template":"","format":"standard","meta":{"footnotes":""},"categories":[9587],"tags":[15540,1111,11,65574,5492,1777,674,1011,27,47869,61026,12,34021,5161,65573,2298,25,9590,7784,10336],"class_list":{"0":"post-536335","1":"post","2":"type-post","3":"status-publish","4":"format-standard","5":"has-post-thumbnail","7":"category-rouen","8":"tag-15540","9":"tag-actu","10":"tag-actualites","11":"tag-berry","12":"tag-caen","13":"tag-eu","14":"tag-europe","15":"tag-fr","16":"tag-france","17":"tag-good","18":"tag-lin","19":"tag-news","20":"tag-normand","21":"tag-normandie","22":"tag-normandy","23":"tag-parfum","24":"tag-republique-francaise","25":"tag-rouen","26":"tag-transforme","27":"tag-unique"},"share_on_mastodon":{"url":"https:\/\/pubeurope.com\/@fr\/115554669228356877","error":""},"_links":{"self":[{"href":"https:\/\/www.europesays.com\/fr\/wp-json\/wp\/v2\/posts\/536335","targetHints":{"allow":["GET"]}}],"collection":[{"href":"https:\/\/www.europesays.com\/fr\/wp-json\/wp\/v2\/posts"}],"about":[{"href":"https:\/\/www.europesays.com\/fr\/wp-json\/wp\/v2\/types\/post"}],"author":[{"embeddable":true,"href":"https:\/\/www.europesays.com\/fr\/wp-json\/wp\/v2\/users\/2"}],"replies":[{"embeddable":true,"href":"https:\/\/www.europesays.com\/fr\/wp-json\/wp\/v2\/comments?post=536335"}],"version-history":[{"count":0,"href":"https:\/\/www.europesays.com\/fr\/wp-json\/wp\/v2\/posts\/536335\/revisions"}],"wp:featuredmedia":[{"embeddable":true,"href":"https:\/\/www.europesays.com\/fr\/wp-json\/wp\/v2\/media\/536336"}],"wp:attachment":[{"href":"https:\/\/www.europesays.com\/fr\/wp-json\/wp\/v2\/media?parent=536335"}],"wp:term":[{"taxonomy":"category","embeddable":true,"href":"https:\/\/www.europesays.com\/fr\/wp-json\/wp\/v2\/categories?post=536335"},{"taxonomy":"post_tag","embeddable":true,"href":"https:\/\/www.europesays.com\/fr\/wp-json\/wp\/v2\/tags?post=536335"}],"curies":[{"name":"wp","href":"https:\/\/api.w.org\/{rel}","templated":true}]}}