{"id":536340,"date":"2025-11-15T16:34:37","date_gmt":"2025-11-15T16:34:37","guid":{"rendered":"https:\/\/www.europesays.com\/fr\/536340\/"},"modified":"2025-11-15T16:34:37","modified_gmt":"2025-11-15T16:34:37","slug":"troc-vetements-festival-de-blues-ateliers-danse-que-faire-a-rennes-ce-week-end-nos-10-idees-de-sorties","status":"publish","type":"post","link":"https:\/\/www.europesays.com\/fr\/536340\/","title":{"rendered":"Troc v\u00eatements, festival de Blues, ateliers danse&#8230; Que faire \u00e0 Rennes ce week-end ? Nos 10 id\u00e9es de sorties"},"content":{"rendered":"<p>                    Par<br \/>\n        <strong><br \/>\n            <a href=\"https:\/\/actu.fr\/auteur\/laurene-fertin\" title=\"Consulter tous les articles de Laur\u00e8ne Fertin\" target=\"_blank\" rel=\"noopener\">Laur\u00e8ne Fertin<\/a><br \/>\n                    <\/strong><\/p>\n<p>        Publi\u00e9 le<\/p>\n<p>            14 nov. 2025 \u00e0 16h05        <\/p>\n<p><a href=\"https:\/\/actu.fr\/bretagne\/rennes_35238\/meteo-en-bretagne-des-temperatures-proches-des-records-pour-la-saison-mais-ca-ne-va-pas-durer_63397682.html\" target=\"_blank\" rel=\"noopener\">Si les temp\u00e9ratures vont rafra\u00eechir en Bretagne, apr\u00e8s des douceurs exceptionnelles,<\/a> la culture est l\u00e0 pour vous r\u00e9chauffer \u00e0 Rennes. Initiation au tango, concert dans le cadre du festival Jazz \u00e0 l\u2019Ouest, troc de v\u00eatements\u2026 Voici <strong>10 id\u00e9es de sorties<\/strong> pour profiter de votre week-end, du vendredi\u00a014 au dimanche 16\u00a0novembre 2025.<\/p>\n<p>Vendredi 14\u00a0novembre<\/p>\n<p class=\" wall-content\">Nous vous en parlions dans <a href=\"https:\/\/actu.fr\/bretagne\/rennes_35238\/pres-de-rennes-une-vente-de-plantes-a-petit-prix-s-ouvre-dans-ce-centre-commercial_63429661.html\" target=\"_blank\" rel=\"noopener\">cet article<\/a>, du jeudi\u00a013 au samedi 15\u00a0novembre, le centre commercial Carrefour Cesson accueille une vente \u00e9ph\u00e9m\u00e8re de plantes sign\u00e9es Jardin Nomade. Plantes d\u2019int\u00e9rieur, fleuries, cactus, succulentes ou encore herbes aromatiques seront propos\u00e9s d\u00e8s 1,50\u00a0euro, indiquent les organisateurs.<\/p>\n<p>La vente Jardin Nomade aura lieu Porte 1 (en face d\u2019Ultra Premium Direct et Beauty Success), du jeudi\u00a013 au samedi 15\u00a0novembre 2025, de 9h30 \u00e0 20h00. Entr\u00e9e libre. Paiement en esp\u00e8ce ou carte bancaire.<\/p>\n<p>\u00a0<\/p>\n<ul class=\" wall-content\">\n<li><strong>Atelier pour apprendre le tango<\/strong><\/li>\n<\/ul>\n<p class=\" wall-content\">Vous avez toujours r\u00eav\u00e9 de savoir danser, et, en particulier, le <strong>tango<\/strong>\u2009? Une \u00e9quipe de danseurs et danseuses b\u00e9n\u00e9voles organisent, tous les vendredis soir, <strong>des ateliers<\/strong> pour apprendre cette danse latine.<\/p>\n<p>Votre r\u00e9gion, votre actu !<\/p>\n<p>Recevez chaque jour les infos qui comptent pour vous.<\/p>\n<p>\t<a href=\"https:\/\/actu.fr\/newsletter\" class=\"ac-btn ac-btn--corner ac-btn--medium ac-btn--blue800\" target=\"_blank\" rel=\"noopener\">S&rsquo;incrire<\/a><\/p>\n<p class=\" wall-content\">Les ateliers se d\u00e9roulent \u00e0 <strong>la maison de quartier La Binquenais<\/strong> et durent <strong>1 heure 15.<\/strong>\u00a0L\u2019\u00e9v\u00e9nement est ouvert \u00e0 toutes et tous, en <strong>duo<\/strong> ou en <strong>solo.<\/strong><\/p>\n<p>Ateliers tango, \u00e0 la <a href=\"https:\/\/www.google.fr\/maps\/place\/Maison+de+Quartier+de+la+Binquenais\/@48.0927225,-1.6697888,1013m\/data=!3m2!1e3!4b1!4m6!3m5!1s0x480edfbc0db1d7ed:0xeafd02e317ce3c88!8m2!3d48.0927189!4d-1.6672139!16s%2Fg%2F11b6jbztsg?entry=ttu&amp;g_ep=EgoyMDI1MTExMS4wIKXMDSoASAFQAw%3D%3D\" target=\"_blank\" rel=\"noopener\">maison de quartier La Binquenais place Bir-Hakeim<\/a>, vendredi 14\u00a0novembre de 20h15 \u00e0 21h30.<\/p>\n<p>\u00a0<\/p>\n<ul class=\" wall-content\">\n<li><strong>Ap\u00e9ro-concert dans le cadre de Jazz \u00e0 l\u2019Ouest<\/strong><\/li>\n<\/ul>\n<p class=\" wall-content\"><a href=\"https:\/\/actu.fr\/bretagne\/rennes_35238\/le-festival-jazz-a-l-ouest-revient-a-rennes-voici-la-liste-des-concerts-gratuits-a-ne-pas-manquer_63272303.html\" target=\"_blank\" rel=\"noopener\">Le festival Jazz \u00e0 l\u2019Ouest<\/a>, organis\u00e9 par la MJC de Br\u00e9quigny, propose <strong>un ap\u00e9ro-concert<\/strong> gratuit en pr\u00e9sence du pianiste <strong>Kwam\u00e9 Ba<\/strong> qui invite, dans un trio, \u00e0 d\u00e9couvrir un m\u00e9lange de rythmiques traditionnelles et de jazz-funk.<\/p>\n<p class=\" wall-content\">\n<p>Rendez-vous vendredi 14\u00a0novembre \u00e0 la MJC de Br\u00e9quigny au <a href=\"https:\/\/www.google.fr\/maps\/place\/15+Av.+Georges+Graff,+35200+Rennes\/@48.0836729,-1.6944234,1013m\/data=!3m2!1e3!4b1!4m6!3m5!1s0x480edfe1765e5b5f:0xab41c20cc3511bc5!8m2!3d48.0836693!4d-1.6918485!16s%2Fg%2F11pcpxkb1t?entry=ttu&amp;g_ep=EgoyMDI1MTExMS4wIKXMDSoASAFQAw%3D%3D\" target=\"_blank\" rel=\"noopener\">15, avenue Georges-Graff<\/a> \u00e0 Rennes. La soir\u00e9e est gratuite. Concert assis et debout, bar et petite restauration sur place. Pour plus d\u2019infos, c\u2019est <a href=\"http:\/\/jazzalouest.com\/apero-concert-kwame-fenyan-ba\/\" target=\"_blank\" rel=\"noopener\">ici<\/a>.<\/p>\n<p>\u00a0<\/p>\n<p class=\" wall-content\">Le rendez-vous des fans de blues revient, cette ann\u00e9e, dans la commune de <strong>Monfort-sur-Meu<\/strong>, pr\u00e8s de Rennes\u2009: le <strong>Monfort blues festival<\/strong>. L\u2019\u00e9v\u00e9nement d\u00e9bute ce vendredi 14\u00a0novembre et se termine samedi 15\u00a0novembre. Au programme\u2009: Mike Sponza, Peter Karp, Lazy Buddies ou encore Tia Carroll. Trois concerts seront par ailleurs gratuits.<\/p>\n<p class=\" wall-content\">\n<p>Rendez-vous \u00e0 la salle du Confluent, 20, La Cotelais \u00e0 Montfort-sur-Meu. Infos pratiques au 07\u200986\u200967\u200916\u200926. Tarifs par jour\u2009: 10\u00a0euros (-18\u00a0ans) \/ 14\u00a0euros (groupe +\u00a010\u00a0personnes sur justificatif \u00e0 pr\u00e9senter lors de l\u2019acc\u00e8s) \/ 14\u00a0euros (\u00e9tudiant, r\u00e9duit) \/ 22\u00a0euros (tarif plein). Les billets peuvent \u00eatre achet\u00e9s <a href=\"https:\/\/www.vostickets.net\/billet\/FR\/representation-MONTFORT_SUR_MEU-28010-0.wb\" target=\"_blank\" rel=\"noopener\">ici<\/a> pour la soir\u00e9e de vendredi et <a href=\"https:\/\/www.vostickets.net\/billet\/FR\/representation-MONTFORT_SUR_MEU-28008-0.wb\" target=\"_blank\" rel=\"noopener\">ici<\/a>, pour la soir\u00e9e de samedi. Buvette et restauration sur place.Samedi 15\u00a0novembre<\/p>\n<p class=\" wall-content\">Pourquoi ne pas passer un apr\u00e8s-midi \u00e0 jardinier, cr\u00e9er et partager ses savoir-faire, en famille\u2009? La ferme de la Gautrais, \u00e0 Saint-Jacques-de-la-Lande accueille Liv, une nouvelle b\u00e9n\u00e9vole au sein de A.N.E (Animation Nature Environnement). Cette derni\u00e8re animera un atelier qui consiste en <strong>la plantation d\u2019un bulbe de fleur<\/strong>. La d\u00e9coration du pot de plantation sera personnalis\u00e9e pour <strong>repartir avec une cr\u00e9ation color\u00e9e \u00e0 la maison<\/strong>.<\/p>\n<p>Atelier jardinage, samedi 15\u00a0novembre, d\u00e8s 14h30 \u00e0 la <a href=\"https:\/\/www.goaogle.fr\/maps\/place\/Ferme+de+la+Gautrais\/@48.0613841,-1.7269146,1013m\/data=!3m2!1e3!4b1!4m6!3m5!1s0x480f1fda366e52ad:0x18eccc3c799bc223!8m2!3d48.0613805!4d-1.7243397!16s%2Fg%2F113fr5znc?entry=ttu&amp;g_ep=EgoyMDI1MTExMS4wIKXMDSoASAFQAw%3D%3D\" target=\"_blank\" rel=\"noopener\">ferme de la Gautrais,<\/a> 15, all\u00e9e de la Gautrais \u00e0 Saint-Jacques-de-la-Lande. 5\u00a0euros par participant. Enfants bienvenus \u00e0 partir de 4\u00a0ans. Le mat\u00e9riel est fourni. R\u00e9servation obligatoire au 06\u200958\u200939\u200904\u200999.<\/p>\n<p>\u00a0<\/p>\n<p class=\" wall-content\">Le <strong>V and B<\/strong>, \u00e0 Rennes, accueille une soir\u00e9e r\u00e9serv\u00e9e aux c\u00e9libataires pour partir \u00e0 la rencontre de nouvelles personnes. La tranche d\u2019\u00e2ge est situ\u00e9e <strong>entre 35 et 65\u00a0ans.<\/strong> Le lieu est privatis\u00e9 pour la soir\u00e9e, qui se d\u00e9roule sur <a href=\"https:\/\/www.billetweb.fr\/soiree-celibataires-rennes-novembre2025?fbclid=IwY2xjawOD57lleHRuA2FlbQIxMABicmlkETFrRGlyOG5sdGtVdmhhZmc2c3J0YwZhcHBfaWQQMjIyMDM5MTc4ODIwMDg5MgABHvMi5AeqTWm4NbF4Drons7DJuW-t0FzVK4iXK9IfuZkd08JTmxh24Az1gcaO_aem_EnG8ev98T1JbKR6tgU1Qvw\" target=\"_blank\" rel=\"noopener\">inscription<\/a> (18\u00a0euros). Les places sont limit\u00e9es.\u00a0Un before est organis\u00e9 d\u00e8s 18h avec animation, un verre est offert \u00e0 l\u2019arriv\u00e9e.<\/p>\n<p>Soir\u00e9e c\u00e9libataire, samedi 15\u00a0novembre, de 18h \u00e0 minuit,<a href=\"https:\/\/www.google.fr\/maps\/place\/Rue+Jean+le+Ho,+35000+Rennes\/@48.1049841,-1.7262265,1013m\/data=!3m2!1e3!4b1!4m6!3m5!1s0x480ee058d0cb3c91:0x28f2bdbb6dfc0382!8m2!3d48.1049805!4d-1.7236516!16s%2Fg%2F1tr9mttz?entry=ttu&amp;g_ep=EgoyMDI1MTExMS4wIKXMDSoASAFQAw%3D%3D\" target=\"_blank\" rel=\"noopener\"> rue Jean-le-Ho<\/a>, \u00e0 Rennes.<\/p>\n<p>\u00a0<\/p>\n<ul class=\" wall-content\">\n<li><strong>Soir\u00e9e shatta Caribbean Fever<\/strong><\/li>\n<\/ul>\n<p class=\" wall-content\">Le <strong>Morex Custom House<\/strong>, \u00e0 Vezin-le-Coquet, organise une soir\u00e9e shatta Caribbean Fever, avec plusieurs DJs aux manettes\u2009: DJ Capitaine Puff originaire de Venezuela, DJ LC Mix, artiste franco br\u00e9silien.<\/p>\n<p>Soir\u00e9e Shatta Caribbean Fever, Morex Custom House, <a href=\"https:\/\/www.google.fr\/maps\/place\/11+Rue+du+Lieutenant+Colonel+Dubois,+35132+Vezin-le-Coquet\/@48.1054302,-1.7407975,1013m\/data=!3m2!1e3!4b1!4m6!3m5!1s0x480ee0553bfdcb0b:0xdab5dbed26a6b61!8m2!3d48.1054266!4d-1.7382226!16s%2Fg%2F11bw42s794?entry=ttu&amp;g_ep=EgoyMDI1MTExMS4wIKXMDSoASAFQAw%3D%3D\" target=\"_blank\" rel=\"noopener\">11, rue du Lieutenant-Colonel Dubois<\/a> \u00e0 Vezin-le-Coquet, samedi 15\u00a0novembre de 18h \u00e0 minuit. L\u2019entr\u00e9e est gratuite. Acc\u00e8s\u2009: Bus 54, 55, 56.<\/p>\n<p>\u00a0<\/p>\n<p>Dimanche 16\u00a0novembre<\/p>\n<p class=\" wall-content\">L\u2019association Nature Environnement de Thorign\u00e9-Fouillard propose un troc v\u00eatements ce dimanche 16\u00a0novembre. Le principe est simple\u2009: apportez les pi\u00e8ces que <strong>vous ne portez plus<\/strong> (v\u00eatements et chaussures en bon \u00e9tat et de saison) et <strong>repartez avec des nouveaut\u00e9s<\/strong> (maximum cinq pi\u00e8ces par personne).<\/p>\n<p>Le Troc V\u00eatements se situe dans les locaux de Rain\u00e9a (<a href=\"https:\/\/www.google.fr\/maps\/place\/10+Rue+Louis+Bl%C3%A9riot,+35000+Rennes\/@48.1018116,-1.680458,1013m\/data=!3m2!1e3!4b1!4m6!3m5!1s0x480edfc96c8083c5:0x83a835d70997a5c8!8m2!3d48.101808!4d-1.6778831!16s%2Fg%2F11c5mg68h7?entry=ttu&amp;g_ep=EgoyMDI1MTExMS4wIKXMDSoASAFQAw%3D%3D\" target=\"_blank\" rel=\"noopener\">10, rue Louis-Bl\u00e9riot<\/a>), au fond de la rue \u00e0 droite tout au fond du parking, il y a des places pour se garer.<\/p>\n<p>\u00a0<\/p>\n<ul class=\" wall-content\">\n<li><strong>Apr\u00e8s-midi blind test au Musikam<\/strong><\/li>\n<\/ul>\n<p class=\" wall-content\">D\u00e8s 14h, le Musikam (La M\u00e9zi\u00e8re) accueille celles et ceux qui veulent venir <strong>tester leurs connaissances musicales<\/strong>, et pour la bonne cause. L\u2019\u00e9v\u00e9nement est en effet organis\u00e9 par le Club Rennes Rives de l\u2019Ille, au profit de l\u2019association L\u2019Outil en Main, qui \u0153uvre pour transmettre les savoir-faire artisanaux aux jeunes.<\/p>\n<p>L\u2019entr\u00e9e est \u00e0 5\u00a0euros. R\u00e9servation au 02\u200957\u200967\u200927\u200920. Petite restauration sur place\u2009: planche mixte, nachos, pinsa, croque-monsieur, saucissons. Rendez-vous donc samedi 16\u00a0novembre, au Musikam \u00e0 La M\u00e9zi\u00e8re, <a href=\"https:\/\/www.google.fr\/maps\/place\/Av.+du+Phare+de+la+Balue,+35520+La+M%C3%A9zi%C3%A8re\/@48.2040111,-1.7309664,1011m\/data=!3m2!1e3!4b1!4m6!3m5!1s0x480ee7bee1d795eb:0x8459cd8f90db3246!8m2!3d48.2040076!4d-1.7283915!16s%2Fg%2F11bxf444qf?entry=ttu&amp;g_ep=EgoyMDI1MTExMS4wIKXMDSoASAFQAw%3D%3D\" target=\"_blank\" rel=\"noopener\">Avenue du Phare de la Balue<\/a>.<\/p>\n<p>\u00a0<\/p>\n<ul class=\" wall-content\">\n<li><strong>Le film du dimanche soir \u00e0 l\u2019Arvor<\/strong><\/li>\n<\/ul>\n<p class=\" wall-content\">Rendez-vous des cin\u00e9philes qui ne veulent pas voir le lundi arriver trop t\u00f4t, le film du dimanche soir, programm\u00e9 \u00e0 l\u2019Arvor \u00e0 20h15, est <strong>Terminator 2\u2009: le jugement dernier<\/strong>, par James Cameron (dur\u00e9e 2h17). Pour r\u00e9server vos billets, c\u2019est <a href=\"https:\/\/www.cinema-arvor.fr\/evenement\/2193076-le-film-du-dimanche-soir-terminator-2-de-james-cameron?fbclid=IwY2xjawOD6ShleHRuA2FlbQIxMABicmlkETFrRGlyOG5sdGtVdmhhZmc2c3J0YwZhcHBfaWQQMjIyMDM5MTc4ODIwMDg5MgABHgPehcSp4fT7_Km2p51Wd3qFyFagsTh7uFMgox_sJVqa-QmxQY4eh-pcNgr6_aem_Qma38nIgu8_L3nOfTmqg7A\" target=\"_blank\" rel=\"noopener\">ici<\/a>.<\/p>\n<p>Terminator 2, dimanche 16\u00a0novembre au cin\u00e9ma Arvor, <a href=\"https:\/\/www.google.fr\/maps\/place\/5+Rue+de+Ch%C3%A2tillon,+35000+Rennes\/@48.102532,-1.678683,1013m\/data=!3m2!1e3!4b1!4m6!3m5!1s0x480edfc98f23aa1f:0xe369e33ac4ed6cd0!8m2!3d48.1025284!4d-1.6761081!16s%2Fg%2F11r3wbgg_5?entry=ttu&amp;g_ep=EgoyMDI1MTExMS4wIKXMDSoASAFQAw%3D%3D\" target=\"_blank\" rel=\"noopener\">5D Rue de Ch\u00e2tillon<\/a> \u00e0 Rennes.<\/p>\n<p class=\" wall-content\">Personnalisez votre actualit\u00e9 en ajoutant vos villes et m\u00e9dias en favori avec <a href=\"https:\/\/moncompte.actu.fr\" title=\"D\u00e9couvez Mon Actu\" rel=\"nofollow noopener\" data-trk=\"{&quot;cta&quot;:{&quot;action&quot;:&quot;https:\\\/\\\/moncompte.actu.fr&quot;,&quot;category&quot;:&quot;mon compte&quot;,&quot;from&quot;:&quot;article footer&quot;,&quot;name&quot;:&quot;Mon actu&quot;,&quot;type&quot;:&quot;cta&quot;}}\" target=\"_blank\">Mon Actu<\/a>.<\/p>\n","protected":false},"excerpt":{"rendered":"Par Laur\u00e8ne Fertin Publi\u00e9 le 14 nov. 2025 \u00e0 16h05 Si les temp\u00e9ratures vont rafra\u00eechir en Bretagne, apr\u00e8s&hellip;\n","protected":false},"author":2,"featured_media":536341,"comment_status":"","ping_status":"","sticky":false,"template":"","format":"standard","meta":{"footnotes":""},"categories":[2821],"tags":[1111,11,829,1697,5972,1777,674,1011,27,1652,12,584,25],"class_list":{"0":"post-536340","1":"post","2":"type-post","3":"status-publish","4":"format-standard","5":"has-post-thumbnail","7":"category-rennes","8":"tag-actu","9":"tag-actualites","10":"tag-bretagne","11":"tag-concert","12":"tag-danse","13":"tag-eu","14":"tag-europe","15":"tag-fr","16":"tag-france","17":"tag-loisirs-culture","18":"tag-news","19":"tag-rennes","20":"tag-republique-francaise"},"share_on_mastodon":{"url":"https:\/\/pubeurope.com\/@fr\/115554685158931072","error":""},"_links":{"self":[{"href":"https:\/\/www.europesays.com\/fr\/wp-json\/wp\/v2\/posts\/536340","targetHints":{"allow":["GET"]}}],"collection":[{"href":"https:\/\/www.europesays.com\/fr\/wp-json\/wp\/v2\/posts"}],"about":[{"href":"https:\/\/www.europesays.com\/fr\/wp-json\/wp\/v2\/types\/post"}],"author":[{"embeddable":true,"href":"https:\/\/www.europesays.com\/fr\/wp-json\/wp\/v2\/users\/2"}],"replies":[{"embeddable":true,"href":"https:\/\/www.europesays.com\/fr\/wp-json\/wp\/v2\/comments?post=536340"}],"version-history":[{"count":0,"href":"https:\/\/www.europesays.com\/fr\/wp-json\/wp\/v2\/posts\/536340\/revisions"}],"wp:featuredmedia":[{"embeddable":true,"href":"https:\/\/www.europesays.com\/fr\/wp-json\/wp\/v2\/media\/536341"}],"wp:attachment":[{"href":"https:\/\/www.europesays.com\/fr\/wp-json\/wp\/v2\/media?parent=536340"}],"wp:term":[{"taxonomy":"category","embeddable":true,"href":"https:\/\/www.europesays.com\/fr\/wp-json\/wp\/v2\/categories?post=536340"},{"taxonomy":"post_tag","embeddable":true,"href":"https:\/\/www.europesays.com\/fr\/wp-json\/wp\/v2\/tags?post=536340"}],"curies":[{"name":"wp","href":"https:\/\/api.w.org\/{rel}","templated":true}]}}