{"id":53637,"date":"2025-04-26T05:50:20","date_gmt":"2025-04-26T05:50:20","guid":{"rendered":"https:\/\/www.europesays.com\/fr\/53637\/"},"modified":"2025-04-26T05:50:20","modified_gmt":"2025-04-26T05:50:20","slug":"la-bande-annonce-de-partir-un-jour-le-film-qui-va-faire-chanter-la-croisette-avec-juliette-armanet","status":"publish","type":"post","link":"https:\/\/www.europesays.com\/fr\/53637\/","title":{"rendered":"la bande-annonce de Partir Un jour, le film qui va faire chanter la Croisette avec Juliette Armanet"},"content":{"rendered":"<p>\u00a0\u00bb<br \/>\n        data-script=\u00a0\u00bbhttps:\/\/static.lefigaro.fr\/widget-video\/short-ttl\/video\/index.js\u00a0\u00bb<br \/>\n    &gt;<\/p>\n<p>Le Festival de Cannes s\u2019ouvrira cette ann\u00e9e avec Partir un jour, premier long m\u00e9trage tr\u00e8s attendu d\u2019Am\u00e9lie Bonnin. La bande-annonce vient d\u2019\u00eatre d\u00e9voil\u00e9e, laissant entrevoir une romance pleine de douceur, de souvenirs et de chansons, port\u00e9e par Juliette Armanet et Bastien Bouillon.<\/p>\n<p class=\"fig-paragraph\">Elle chantait \u00abLe dernier jour du disco\u00bb\u00a0: ce sera d\u00e9sormais \u00abPartir un jour sans retour et sans bagage\u00bb\u00a0: Juliette Armanet troque le micro pour la cam\u00e9ra dans Partir un jour, adaptation en long format du court-m\u00e9trage \u00e9ponyme d\u2019Am\u00e9lie Bonnin, d\u00e9j\u00e0 r\u00e9compens\u00e9 aux C\u00e9sar 2023. Ce drame sentimental aux accents doux-amers ouvrira Cannes 2025, un fait in\u00e9dit pour un premier film dans l\u2019histoire du festival.<\/p>\n<p>    Partir un jour, le premier film de Am\u00e9lie Bonnin fera l\u2019ouverture du 78e Festival de Cannes<br \/>\n                Pathe\u0301 Films<\/p>\n<p>Retour aux sources<\/p>\n<p class=\"fig-paragraph\">Dans Partir un jour, Juliette Armanet incarne C\u00e9cile, une cheffe cuisini\u00e8re parisienne contrainte de regagner en urgence son village natal apr\u00e8s l\u2019infarctus de son p\u00e8re. Ce retour forc\u00e9 la plonge dans un pass\u00e9 qu\u2019elle croyait enterr\u00e9. Elle y recroise Rapha\u00ebl, son ami d\u2019enfance, amour oubli\u00e9 interpr\u00e9t\u00e9 par\u00a0<a href=\"http:\/\/madame.lefigaro.fr\/celebrites\/culture\/bastien-bouillon-pierre-roche-et-charles-aznavour-venaient-de-milieux-tres-differents-20241030\" data-fig-type=\"Article\" data-gtm-custom-categorie=\"navigation\" data-gtm-custom-action=\"crossclick\" data-gtm-custom-label=\"Contextuel\" data-gtm-event=\"customEventSPE\" data-fig-domain=\"MADAME\" target=\"_blank\" rel=\"noopener\">Bastien Bouillon<\/a>\u00a0(La nuit du 12, Le Comte de Monte-Cristo), dans une ambiance charg\u00e9e de souvenirs et de m\u00e9lodies: le film, comme le court-m\u00e9trage, est en effet \u00e9maill\u00e9 de tubes de la chanson francophone (dont \u00abAlors on danse\u00bb, de Stromae), r\u00e9arrang\u00e9s et interpr\u00e9t\u00e9s par les acteurs.<\/p>\n<p class=\"fig-paragraph\">Le duo est \u00e9paul\u00e9 par un casting sensible et singulier\u00a0: Dominique Blanc, Fran\u00e7ois Rollin et Tewfik Jallab. Mise en sc\u00e8ne intimiste, lumi\u00e8re naturelle, bande-son iconique&#8230; Tout semble annoncer un film \u00e0 fleur de peau, o\u00f9 l\u2019\u00e9motion se glisse dans les regards. Et dans les chansons. Le film sera projet\u00e9 en ouverture du Festival de Cannes le mardi 13 mai, et sortira simultan\u00e9ment en salles.<\/p>\n","protected":false},"excerpt":{"rendered":"\u00a0\u00bb data-script=\u00a0\u00bbhttps:\/\/static.lefigaro.fr\/widget-video\/short-ttl\/video\/index.js\u00a0\u00bb &gt; Le Festival de Cannes s\u2019ouvrira cette ann\u00e9e avec Partir un jour, premier long m\u00e9trage tr\u00e8s&hellip;\n","protected":false},"author":2,"featured_media":53638,"comment_status":"","ping_status":"","sticky":false,"template":"","format":"standard","meta":{"footnotes":""},"categories":[1354],"tags":[3824,3734,7306,1000,650,251,58,59,1295,1294,5634,638,1346,1011,27,14765,1351,2003,977,1360,3048,873,973,521,104,252],"class_list":{"0":"post-53637","1":"post","2":"type-post","3":"status-publish","4":"format-standard","5":"has-post-thumbnail","7":"category-films","8":"tag-actualite-culture","9":"tag-art","10":"tag-cannes","11":"tag-celebrites","12":"tag-cinema","13":"tag-culture","14":"tag-divertissement","15":"tag-entertainment","16":"tag-feminin","17":"tag-femme","18":"tag-festival-de-cannes","19":"tag-figaro","20":"tag-films","21":"tag-fr","22":"tag-france","23":"tag-juliette-armanet","24":"tag-litterature","25":"tag-livre","26":"tag-madame","27":"tag-movies","28":"tag-musee","29":"tag-musique","30":"tag-people","31":"tag-serie","32":"tag-societe","33":"tag-television"},"share_on_mastodon":{"url":"https:\/\/pubeurope.com\/@fr\/114402703698936722","error":""},"_links":{"self":[{"href":"https:\/\/www.europesays.com\/fr\/wp-json\/wp\/v2\/posts\/53637","targetHints":{"allow":["GET"]}}],"collection":[{"href":"https:\/\/www.europesays.com\/fr\/wp-json\/wp\/v2\/posts"}],"about":[{"href":"https:\/\/www.europesays.com\/fr\/wp-json\/wp\/v2\/types\/post"}],"author":[{"embeddable":true,"href":"https:\/\/www.europesays.com\/fr\/wp-json\/wp\/v2\/users\/2"}],"replies":[{"embeddable":true,"href":"https:\/\/www.europesays.com\/fr\/wp-json\/wp\/v2\/comments?post=53637"}],"version-history":[{"count":0,"href":"https:\/\/www.europesays.com\/fr\/wp-json\/wp\/v2\/posts\/53637\/revisions"}],"wp:featuredmedia":[{"embeddable":true,"href":"https:\/\/www.europesays.com\/fr\/wp-json\/wp\/v2\/media\/53638"}],"wp:attachment":[{"href":"https:\/\/www.europesays.com\/fr\/wp-json\/wp\/v2\/media?parent=53637"}],"wp:term":[{"taxonomy":"category","embeddable":true,"href":"https:\/\/www.europesays.com\/fr\/wp-json\/wp\/v2\/categories?post=53637"},{"taxonomy":"post_tag","embeddable":true,"href":"https:\/\/www.europesays.com\/fr\/wp-json\/wp\/v2\/tags?post=53637"}],"curies":[{"name":"wp","href":"https:\/\/api.w.org\/{rel}","templated":true}]}}