{"id":536378,"date":"2025-11-15T16:55:12","date_gmt":"2025-11-15T16:55:12","guid":{"rendered":"https:\/\/www.europesays.com\/fr\/536378\/"},"modified":"2025-11-15T16:55:12","modified_gmt":"2025-11-15T16:55:12","slug":"les-locaux-de-bfmtv-evacues-apres-une-alerte-a-la-bombe-la-diffusion-de-la-chaine-interrompue","status":"publish","type":"post","link":"https:\/\/www.europesays.com\/fr\/536378\/","title":{"rendered":"les locaux de BFMTV \u00e9vacu\u00e9s apr\u00e8s une alerte \u00e0 la bombe, la diffusion de la cha\u00eene interrompue"},"content":{"rendered":"<p>                    Par<br \/>\n        <strong><br \/>\n            <a href=\"https:\/\/actu.fr\/auteur\/glenn-gillet\" title=\"Consulter tous les articles de Glenn Gillet\" rel=\"nofollow noopener\" target=\"_blank\">Glenn Gillet<\/a><br \/>\n                    <\/strong><\/p>\n<p>        Publi\u00e9 le<\/p>\n<p>            15 nov. 2025 \u00e0 17h26        <\/p>\n<p>Les locaux de <a href=\"https:\/\/actu.fr\/ile-de-france\/paris_75056\/paris-en-plein-tournage-des-journalistes-assistent-a-une-tentative-d-agression-au-bois-de-boulogne_63192349.html\" rel=\"nofollow noopener\" target=\"_blank\">BFMTV<\/a> et RMC, situ\u00e9s dans le 15e arrondissement de Paris, ont \u00e9t\u00e9 <strong>\u00e9vacu\u00e9s<\/strong> ce samedi 15 novembre apr\u00e8s une alerte \u00e0 la bombe a indiqu\u00e9 une source interne \u00e0 <strong>actu Paris<\/strong>. La diffusion en direct de BFMTV a \u00e9t\u00e9 <strong>interrompue<\/strong> peu apr\u00e8s 15 heures au profit du passage d\u2019un documentaire, en attendant que la situation soit r\u00e9tablie.<\/p>\n<p class=\" wall-content\">\u00ab\u00a0Nos locaux ont \u00e9t\u00e9 \u00e9vacu\u00e9s suite \u00e0 une alerte de s\u00e9curit\u00e9. <strong>Les forces de l\u2019ordre sont sur place<\/strong> pour mener les v\u00e9rifications. Nos programmes sont temporairement perturb\u00e9s sur l\u2019ensemble des antennes RMC BFM\u00a0\u00bb , a fait savoir le groupe.<\/p>\n<p class=\" wall-content\">\n<p class=\" wall-content\"><strong>Plus d\u2019informations \u00e0 suivre.<\/strong><\/p>\n<p class=\" wall-content\">Personnalisez votre actualit\u00e9 en ajoutant vos villes et m\u00e9dias en favori avec <a href=\"https:\/\/moncompte.actu.fr\" title=\"D\u00e9couvez Mon Actu\" rel=\"nofollow noopener\" data-trk=\"{&quot;cta&quot;:{&quot;action&quot;:&quot;https:\\\/\\\/moncompte.actu.fr&quot;,&quot;category&quot;:&quot;mon compte&quot;,&quot;from&quot;:&quot;article footer&quot;,&quot;name&quot;:&quot;Mon actu&quot;,&quot;type&quot;:&quot;cta&quot;}}\" target=\"_blank\">Mon Actu<\/a>.<\/p>\n","protected":false},"excerpt":{"rendered":"Par Glenn Gillet Publi\u00e9 le 15 nov. 2025 \u00e0 17h26 Les locaux de BFMTV et RMC, situ\u00e9s dans&hellip;\n","protected":false},"author":2,"featured_media":536379,"comment_status":"","ping_status":"","sticky":false,"template":"","format":"standard","meta":{"footnotes":""},"categories":[1888],"tags":[1111,1928,11,1927,1777,674,118,1011,27,12,1926,626,1925,1072,25,252],"class_list":{"0":"post-536378","1":"post","2":"type-post","3":"status-publish","4":"format-standard","5":"has-post-thumbnail","7":"category-paris","8":"tag-actu","9":"tag-actu-paris","10":"tag-actualites","11":"tag-actualites-paris","12":"tag-eu","13":"tag-europe","14":"tag-faits-divers","15":"tag-fr","16":"tag-france","17":"tag-news","18":"tag-news-paris","19":"tag-paris","20":"tag-paris-news","21":"tag-police","22":"tag-republique-francaise","23":"tag-television"},"share_on_mastodon":{"url":"https:\/\/pubeurope.com\/@fr\/115554767547886791","error":""},"_links":{"self":[{"href":"https:\/\/www.europesays.com\/fr\/wp-json\/wp\/v2\/posts\/536378","targetHints":{"allow":["GET"]}}],"collection":[{"href":"https:\/\/www.europesays.com\/fr\/wp-json\/wp\/v2\/posts"}],"about":[{"href":"https:\/\/www.europesays.com\/fr\/wp-json\/wp\/v2\/types\/post"}],"author":[{"embeddable":true,"href":"https:\/\/www.europesays.com\/fr\/wp-json\/wp\/v2\/users\/2"}],"replies":[{"embeddable":true,"href":"https:\/\/www.europesays.com\/fr\/wp-json\/wp\/v2\/comments?post=536378"}],"version-history":[{"count":0,"href":"https:\/\/www.europesays.com\/fr\/wp-json\/wp\/v2\/posts\/536378\/revisions"}],"wp:featuredmedia":[{"embeddable":true,"href":"https:\/\/www.europesays.com\/fr\/wp-json\/wp\/v2\/media\/536379"}],"wp:attachment":[{"href":"https:\/\/www.europesays.com\/fr\/wp-json\/wp\/v2\/media?parent=536378"}],"wp:term":[{"taxonomy":"category","embeddable":true,"href":"https:\/\/www.europesays.com\/fr\/wp-json\/wp\/v2\/categories?post=536378"},{"taxonomy":"post_tag","embeddable":true,"href":"https:\/\/www.europesays.com\/fr\/wp-json\/wp\/v2\/tags?post=536378"}],"curies":[{"name":"wp","href":"https:\/\/api.w.org\/{rel}","templated":true}]}}