{"id":536380,"date":"2025-11-15T16:56:13","date_gmt":"2025-11-15T16:56:13","guid":{"rendered":"https:\/\/www.europesays.com\/fr\/536380\/"},"modified":"2025-11-15T16:56:13","modified_gmt":"2025-11-15T16:56:13","slug":"paris-le-siege-de-rmc-bfm-evacue-apres-une-alerte-a-la-bombe-les-directs-suspendus","status":"publish","type":"post","link":"https:\/\/www.europesays.com\/fr\/536380\/","title":{"rendered":"Paris : Le si\u00e8ge de RMC BFM \u00e9vacu\u00e9 apr\u00e8s une alerte \u00e0 la bombe, les directs suspendus"},"content":{"rendered":"<p class=\"mb-4 text-lg md:leading-8 break-words\"><strong>Alerte \u00e0 la bombe &#8211; Des chiens de d\u00e9tection d\u2019explosifs ont \u00e9t\u00e9 d\u00e9ploy\u00e9s sur place<\/strong><\/p>\n<p class=\"mb-4 text-lg md:leading-8 break-words\">Les locaux du groupe <a href=\"https:\/\/www.20minutes.fr\/dossier\/rmc?at_medium=RSS%20feed&amp;at_campaign=ynews&amp;utm_source=yahoo&amp;utm_medium=rss&amp;utm_campaign=news_feed&amp;utm_content=in_article_link\" rel=\"nofollow noopener\" target=\"_blank\" data-ylk=\"slk:RMC;elm:context_link;itc:0;sec:content-canvas\" class=\"link \">RMC<\/a> <a href=\"https:\/\/www.20minutes.fr\/dossier\/bfm_tv?at_medium=RSS%20feed&amp;at_campaign=ynews&amp;utm_source=yahoo&amp;utm_medium=rss&amp;utm_campaign=news_feed&amp;utm_content=in_article_link\" rel=\"nofollow noopener\" target=\"_blank\" data-ylk=\"slk:BFM TV;elm:context_link;itc:0;sec:content-canvas\" class=\"link \">BFM TV<\/a>, situ\u00e9s dans le 15e arrondissement de <a href=\"https:\/\/www.20minutes.fr\/paris\/?at_medium=RSS%20feed&amp;at_campaign=ynews&amp;utm_source=yahoo&amp;utm_medium=rss&amp;utm_campaign=news_feed&amp;utm_content=in_article_link\" rel=\"nofollow noopener\" target=\"_blank\" data-ylk=\"slk:Paris;elm:context_link;itc:0;sec:content-canvas\" class=\"link \">Paris<\/a>, ont \u00e9t\u00e9 \u00e9vacu\u00e9s ce samedi apr\u00e8s-midi et les directs des antennes suspendus apr\u00e8s une \u00ab alerte de <a href=\"https:\/\/www.20minutes.fr\/societe\/securite\/?at_medium=RSS%20feed&amp;at_campaign=ynews&amp;utm_source=yahoo&amp;utm_medium=rss&amp;utm_campaign=news_feed&amp;utm_content=in_article_link\" rel=\"nofollow noopener\" target=\"_blank\" data-ylk=\"slk:s\u00e9curit\u00e9;elm:context_link;itc:0;sec:content-canvas\" class=\"link \">s\u00e9curit\u00e9<\/a> \u00bb, ont annonc\u00e9 les deux m\u00e9dias sur X.<\/p>\n<p class=\"mb-4 text-lg md:leading-8 break-words\">\u00ab Nos locaux ont \u00e9t\u00e9 \u00e9vacu\u00e9s suite \u00e0 une alerte de s\u00e9curit\u00e9. Les forces de l\u2019ordre sont sur place pour mener les v\u00e9rifications \u00bb, ont annonc\u00e9 la radio et la cha\u00eene d\u2019information en continu. \u00ab Nos programmes sont temporairement perturb\u00e9s sur l\u2019ensemble des antennes RMC et BFM TV. Nos \u00e9quipes se mobilisent pour un retour \u00e0 l\u2019antenne au plus vite \u00bb, a ajout\u00e9 la cha\u00eene d\u2019information en continu.<\/p>\n<p>Des chiens de d\u00e9tection d\u2019explosifs d\u00e9ploy\u00e9s<\/p>\n<p class=\"mb-4 text-lg md:leading-8 break-words\">D\u2019apr\u00e8s des informations de nos confr\u00e8res du <a href=\"https:\/\/www.leparisien.fr\/culture-loisirs\/tv\/alerte-a-la-bombe-chez-bfmtv-le-direct-interrompu-15-11-2025-2E2KSLBGZNBGTJ6MHEJ4G73WD4.php?ts=1763223949122&amp;at_medium=RSS%20feed&amp;at_campaign=ynews&amp;utm_source=yahoo&amp;utm_medium=rss&amp;utm_campaign=news_feed&amp;utm_content=in_article_link\" rel=\"nofollow noopener\" target=\"_blank\" data-ylk=\"slk:Parisien;elm:context_link;itc:0;sec:content-canvas\" class=\"link \">Parisien<\/a>, l\u2019intervention des forces de l\u2019ordre aurait \u00e9t\u00e9 d\u00e9cid\u00e9e apr\u00e8s qu\u2019un internaute a affirm\u00e9 que le b\u00e2timent allait sauter \u00e0 15h15. Des chiens de d\u00e9tection d\u2019explosifs sont sur place, selon une source polici\u00e8re. Des inspections \u00e9taient en cours peu avant 17 heures, selon une autre <a href=\"https:\/\/www.20minutes.fr\/dossier\/police?at_medium=RSS%20feed&amp;at_campaign=ynews&amp;utm_source=yahoo&amp;utm_medium=rss&amp;utm_campaign=news_feed&amp;utm_content=in_article_link\" rel=\"nofollow noopener\" target=\"_blank\" data-ylk=\"slk:source polici\u00e8re;elm:context_link;itc:0;sec:content-canvas\" class=\"link \">source polici\u00e8re<\/a>.<\/p>\n<p class=\"mb-4 text-lg md:leading-8 break-words\">Contact\u00e9, le groupe a pr\u00e9cis\u00e9 que \u00ab l\u2019ensemble des collaborateurs du groupe ont \u00e9t\u00e9 \u00e9vacu\u00e9s par mesure de s\u00e9curit\u00e9 \u00bb, mais n\u2019\u00e9tait pas en mesure de pr\u00e9ciser leur nombre exact.<\/p>\n<p class=\"mb-4 text-lg md:leading-8 break-words\">Le direct de BFM TV a \u00e9t\u00e9 interrompu aux alentours de 15h20 pour laisser place \u00e0 de la publicit\u00e9 puis \u00e0 des documentaires.<\/p>\n<p class=\"mb-4 text-lg md:leading-8 break-words\"><a href=\"https:\/\/www.20minutes.fr\/faits_divers\/4185846-20251115-paris-siege-rmc-bfm-evacue-apres-alerte-bombe-directs-suspendus?at_medium=RSS%20feed&amp;at_campaign=ynews&amp;utm_source=yahoo&amp;utm_medium=rss&amp;utm_campaign=news_feed&amp;utm_content=read_more_link&quot;\" rel=\"nofollow noopener\" target=\"_blank\" data-ylk=\"slk:Lire la suite sur 20minutes;elm:context_link;itc:0;sec:content-canvas\" class=\"link \">Lire la suite sur 20minutes<\/a><\/p>\n<p>\u00c0 lire aussi :<br \/><a href=\"https:\/\/www.20minutes.fr\/monde\/etats-unis\/4172637-20250911-etats-unis-panique-siege-parti-democrate-apres-fausse-alerte-bombe?at_medium=RSS%20feed&amp;at_campaign=ynews&amp;utm_source=yahoo&amp;utm_medium=rss&amp;utm_campaign=news_feed&amp;utm_content=related_content_link\" rel=\"nofollow noopener\" target=\"_blank\" data-ylk=\"slk:\u00c9tats-Unis : Panique au si\u00e8ge du Parti d\u00e9mocrate apr\u00e8s une fausse alerte \u00e0 la bombe;elm:context_link;itc:0;sec:content-canvas\" class=\"link \">\u00c9tats-Unis : Panique au si\u00e8ge du Parti d\u00e9mocrate apr\u00e8s une fausse alerte \u00e0 la bombe<\/a><br \/><a href=\"https:\/\/www.20minutes.fr\/arts-stars\/medias\/4185470-20251113-independance-medias-bfm-rmc-signent-charte-deontologie-apres-plusieurs-sujets-friction?at_medium=RSS%20feed&amp;at_campaign=ynews&amp;utm_source=yahoo&amp;utm_medium=rss&amp;utm_campaign=news_feed&amp;utm_content=related_content_link\" rel=\"nofollow noopener\" target=\"_blank\" data-ylk=\"slk:Ind\u00e9pendance des m\u00e9dias : BFM et RMC signent une charte de d\u00e9ontologie apr\u00e8s plusieurs sujets de friction;elm:context_link;itc:0;sec:content-canvas\" class=\"link \">Ind\u00e9pendance des m\u00e9dias : BFM et RMC signent une charte de d\u00e9ontologie apr\u00e8s plusieurs sujets de friction<\/a><\/p>\n","protected":false},"excerpt":{"rendered":"Alerte \u00e0 la bombe &#8211; Des chiens de d\u00e9tection d\u2019explosifs ont \u00e9t\u00e9 d\u00e9ploy\u00e9s sur place Les locaux du&hellip;\n","protected":false},"author":2,"featured_media":536381,"comment_status":"","ping_status":"","sticky":false,"template":"","format":"standard","meta":{"footnotes":""},"categories":[1888],"tags":[1111,1928,11,1927,37571,10943,1777,674,3160,1011,27,12,1926,626,1925,25,10319],"class_list":{"0":"post-536380","1":"post","2":"type-post","3":"status-publish","4":"format-standard","5":"has-post-thumbnail","7":"category-paris","8":"tag-actu","9":"tag-actu-paris","10":"tag-actualites","11":"tag-actualites-paris","12":"tag-alerte-a-la-bombe","13":"tag-bfm-tv","14":"tag-eu","15":"tag-europe","16":"tag-forces-de-lordre","17":"tag-fr","18":"tag-france","19":"tag-news","20":"tag-news-paris","21":"tag-paris","22":"tag-paris-news","23":"tag-republique-francaise","24":"tag-rmc"},"share_on_mastodon":{"url":"","error":""},"_links":{"self":[{"href":"https:\/\/www.europesays.com\/fr\/wp-json\/wp\/v2\/posts\/536380","targetHints":{"allow":["GET"]}}],"collection":[{"href":"https:\/\/www.europesays.com\/fr\/wp-json\/wp\/v2\/posts"}],"about":[{"href":"https:\/\/www.europesays.com\/fr\/wp-json\/wp\/v2\/types\/post"}],"author":[{"embeddable":true,"href":"https:\/\/www.europesays.com\/fr\/wp-json\/wp\/v2\/users\/2"}],"replies":[{"embeddable":true,"href":"https:\/\/www.europesays.com\/fr\/wp-json\/wp\/v2\/comments?post=536380"}],"version-history":[{"count":0,"href":"https:\/\/www.europesays.com\/fr\/wp-json\/wp\/v2\/posts\/536380\/revisions"}],"wp:featuredmedia":[{"embeddable":true,"href":"https:\/\/www.europesays.com\/fr\/wp-json\/wp\/v2\/media\/536381"}],"wp:attachment":[{"href":"https:\/\/www.europesays.com\/fr\/wp-json\/wp\/v2\/media?parent=536380"}],"wp:term":[{"taxonomy":"category","embeddable":true,"href":"https:\/\/www.europesays.com\/fr\/wp-json\/wp\/v2\/categories?post=536380"},{"taxonomy":"post_tag","embeddable":true,"href":"https:\/\/www.europesays.com\/fr\/wp-json\/wp\/v2\/tags?post=536380"}],"curies":[{"name":"wp","href":"https:\/\/api.w.org\/{rel}","templated":true}]}}