{"id":536382,"date":"2025-11-15T16:57:11","date_gmt":"2025-11-15T16:57:11","guid":{"rendered":"https:\/\/www.europesays.com\/fr\/536382\/"},"modified":"2025-11-15T16:57:11","modified_gmt":"2025-11-15T16:57:11","slug":"les-eboueurs-en-greve-voici-les-arrondissements-ou-les-dechets-saccumulent","status":"publish","type":"post","link":"https:\/\/www.europesays.com\/fr\/536382\/","title":{"rendered":"les \u00e9boueurs en gr\u00e8ve, voici les arrondissements o\u00f9 les d\u00e9chets s&rsquo;accumulent"},"content":{"rendered":"<p>                    Par<br \/>\n        <strong><br \/>\n            <a href=\"https:\/\/actu.fr\/auteur\/glenn-gillet\" title=\"Consulter tous les articles de Glenn Gillet\" target=\"_blank\" rel=\"noopener\">Glenn Gillet<\/a><br \/>\n                    <\/strong><\/p>\n<p>        Publi\u00e9 le<\/p>\n<p>            15 nov. 2025 \u00e0 16h50        <\/p>\n<p>Vos <strong>poubelles<\/strong> n\u2019ont pas \u00e9t\u00e9 vid\u00e9es au cours des derniers jours \u00e0 Paris\u2009? Vous habitez probablement dans un des arrondissements touch\u00e9s par les cons\u00e9quences de la <a href=\"https:\/\/actu.fr\/tag\/greve\" target=\"_blank\" rel=\"noopener\">gr\u00e8ve<\/a> des \u00e9boueurs de la <a href=\"https:\/\/actu.fr\/tag\/mairie-de-paris\" target=\"_blank\" rel=\"noopener\">Ville de Paris<\/a>. Le mouvement social se poursuit ce samedi 15\u00a0novembre 2025 pour le <strong>quatri\u00e8me jour d\u2019affil\u00e9e<\/strong> <a href=\"https:\/\/www.cgtservicespublics.fr\/les-luttes\/actualite-des-luttes-2025\/proprete-et-assainissement\/article\/75-syndicat-cgt-ftdneea-communique-de-greve-du-4-novembre-2025\" target=\"_blank\" rel=\"noopener\">\u00e0 l\u2019appel<\/a> de la CGT Services publics et de la Fili\u00e8re traitement des d\u00e9chets nettoiement eau \u00e9gouts assainissement (FTDNEEA).<\/p>\n<p>La moiti\u00e9 des arrondissements parisiens concern\u00e9s<\/p>\n<p class=\" wall-content\">Dix arrondissements sur les vingt que compte la capitale sont concern\u00e9s par la cons\u00e9quence directe de cette gr\u00e8ve pour les habitants\u2009: le non-ramassage, au moins en partie, de leurs ordures. Il s\u2019agit des <strong>2e, 5e, 6e, 8e, 9e, 12e, 14e, 16e, 17e et 20 arrondissements<\/strong> de la capitale, o\u00f9 la gestion des ordures est assur\u00e9e par la r\u00e9gie municipale. Ailleurs dans Paris, ce sont des prestataires priv\u00e9s qui op\u00e8rent.<\/p>\n<p class=\" wall-content\">La CGT recensait <strong>200\u00a0tonnes de d\u00e9chets non collect\u00e9s<\/strong> par arrondissement \u00e0 la date du 13\u00a0novembre. Le syndicat pr\u00e9cise toutefois que la Ville de Paris aurait fait appel ses prestataires priv\u00e9s pour collecter une partie des d\u00e9chets dans les arrondissements touch\u00e9s par la gr\u00e8ve.<\/p>\n<p class=\" wall-content\">Apr\u00e8s une premi\u00e8re journ\u00e9e de gr\u00e8ve le 4\u00a0novembre, les agents mobilis\u00e9s continuent de formuler les m\u00eames revendications\u2009: revalorisation d\u2019indices de r\u00e9mun\u00e9ration, am\u00e9lioration des conditions de versement d\u2019un forfait, mises en place de dispositifs d\u2019am\u00e9lioration de carri\u00e8res. La mairie du 16e arrondissement pr\u00e9cise sur le r\u00e9seau X que \u00ab\u2009le personnel encadrant demande l\u2019\u00e9volution de son statut de Technicien Sup\u00e9rieur Op\u00e9rationnel (TSO) en Agent de ma\u00eetrise. La Mairie de Paris se serait engag\u00e9e \u00e0 leur accorder il y a un an sans effet depuis\u2009\u00bb.<\/p>\n<p class=\" wall-content\">Personnalisez votre actualit\u00e9 en ajoutant vos villes et m\u00e9dias en favori avec <a href=\"https:\/\/moncompte.actu.fr\" title=\"D\u00e9couvez Mon Actu\" rel=\"nofollow noopener\" data-trk=\"{&quot;cta&quot;:{&quot;action&quot;:&quot;https:\\\/\\\/moncompte.actu.fr&quot;,&quot;category&quot;:&quot;mon compte&quot;,&quot;from&quot;:&quot;article footer&quot;,&quot;name&quot;:&quot;Mon actu&quot;,&quot;type&quot;:&quot;cta&quot;}}\" target=\"_blank\">Mon Actu<\/a>.<\/p>\n","protected":false},"excerpt":{"rendered":"Par Glenn Gillet Publi\u00e9 le 15 nov. 2025 \u00e0 16h50 Vos poubelles n\u2019ont pas \u00e9t\u00e9 vid\u00e9es au cours&hellip;\n","protected":false},"author":2,"featured_media":536383,"comment_status":"","ping_status":"","sticky":false,"template":"","format":"standard","meta":{"footnotes":""},"categories":[1888],"tags":[11,1777,674,1011,27,6151,2381,12,626,25,104],"class_list":{"0":"post-536382","1":"post","2":"type-post","3":"status-publish","4":"format-standard","5":"has-post-thumbnail","7":"category-paris","8":"tag-actualites","9":"tag-eu","10":"tag-europe","11":"tag-fr","12":"tag-france","13":"tag-greve","14":"tag-mairie-de-paris","15":"tag-news","16":"tag-paris","17":"tag-republique-francaise","18":"tag-societe"},"share_on_mastodon":{"url":"https:\/\/pubeurope.com\/@fr\/115554775872527680","error":""},"_links":{"self":[{"href":"https:\/\/www.europesays.com\/fr\/wp-json\/wp\/v2\/posts\/536382","targetHints":{"allow":["GET"]}}],"collection":[{"href":"https:\/\/www.europesays.com\/fr\/wp-json\/wp\/v2\/posts"}],"about":[{"href":"https:\/\/www.europesays.com\/fr\/wp-json\/wp\/v2\/types\/post"}],"author":[{"embeddable":true,"href":"https:\/\/www.europesays.com\/fr\/wp-json\/wp\/v2\/users\/2"}],"replies":[{"embeddable":true,"href":"https:\/\/www.europesays.com\/fr\/wp-json\/wp\/v2\/comments?post=536382"}],"version-history":[{"count":0,"href":"https:\/\/www.europesays.com\/fr\/wp-json\/wp\/v2\/posts\/536382\/revisions"}],"wp:featuredmedia":[{"embeddable":true,"href":"https:\/\/www.europesays.com\/fr\/wp-json\/wp\/v2\/media\/536383"}],"wp:attachment":[{"href":"https:\/\/www.europesays.com\/fr\/wp-json\/wp\/v2\/media?parent=536382"}],"wp:term":[{"taxonomy":"category","embeddable":true,"href":"https:\/\/www.europesays.com\/fr\/wp-json\/wp\/v2\/categories?post=536382"},{"taxonomy":"post_tag","embeddable":true,"href":"https:\/\/www.europesays.com\/fr\/wp-json\/wp\/v2\/tags?post=536382"}],"curies":[{"name":"wp","href":"https:\/\/api.w.org\/{rel}","templated":true}]}}