{"id":536386,"date":"2025-11-15T16:59:27","date_gmt":"2025-11-15T16:59:27","guid":{"rendered":"https:\/\/www.europesays.com\/fr\/536386\/"},"modified":"2025-11-15T16:59:27","modified_gmt":"2025-11-15T16:59:27","slug":"un-message-envoye-a-la-russie-les-etats-unis-ont-realise-un-essai-nucleaire-sans-charge","status":"publish","type":"post","link":"https:\/\/www.europesays.com\/fr\/536386\/","title":{"rendered":"\u00ab\u00a0Un message envoy\u00e9 \u00e0 la Russie\u00a0\u00bb : les \u00c9tats-Unis ont r\u00e9alis\u00e9 un essai nucl\u00e9aire sans charge"},"content":{"rendered":"<ul class=\"jsx-862013697 ArticleChapo__List\">\n<li class=\"jsx-862013697 ArticleChapo__List_Item flex\">Les essais se sont d\u00e9roul\u00e9s au mois d&rsquo;ao\u00fbt dans le d\u00e9sert du Nevada.<\/li>\n<li class=\"jsx-862013697 ArticleChapo__List_Item flex\">Ils ont \u00e9t\u00e9 r\u00e9alis\u00e9s sans charge nucl\u00e9aire.<\/li>\n<li class=\"jsx-862013697 ArticleChapo__List_Item flex\">Ce qui pourrait avoir un impact dans les n\u00e9gociations avec la Russie.<\/li>\n<\/ul>\n<p data-module=\"article-paragraph\" class=\"jsx-3046738180 Paragraph\">Un premier pas avant la reprise d&rsquo;essais plus officiels ? En ao\u00fbt dernier, Washington a men\u00e9 de premiers essais nucl\u00e9aires, mais sans charge r\u00e9elle, avec succ\u00e8s, dans le d\u00e9sert du Nevada. Selon le laboratoire national de Sandia, charg\u00e9 de la supervision des <a href=\"https:\/\/www.tf1info.fr\/international\/direct-guerre-ukraine-russie-poutine-trump-rencontre-xi-les-dernieres-informations-jeudi-30-octobre-2025-2403571.html\" target=\"_blank\" rel=\"noopener\">armes nucl\u00e9aires<\/a>, il s&rsquo;agit de largages de bombes nucl\u00e9aires \u00e0 gravit\u00e9 B61-12 non arm\u00e9es depuis un chasseur F-35A.<\/p>\n<p data-module=\"article-paragraph\" class=\"jsx-3046738180 Paragraph Paragraph__End\">\u00ab\u00a0C&rsquo;est une arme qui a \u00e9t\u00e9 d\u00e9velopp\u00e9e par les \u00c9tats-Unis d&rsquo;Am\u00e9rique. Elle ressemble en termes de performance au type d&rsquo;armes qui ont \u00e9t\u00e9 largu\u00e9es sur Hiroshima et Nagasaki pendant la <a href=\"https:\/\/www.tf1info.fr\/societe\/reportage-seconde-guerre-mondiale-cette-video-primee-de-tf1-vous-plonge-comme-jamais-au-coeur-des-derniers-mois-du-conflit-avant-la-victoire-du-8-mai-45-sur-l-allemagne-nazie-2369375.html\" target=\"_blank\" rel=\"noopener\">Seconde Guerre mondiale<\/a>. C&rsquo;est une arme qui a la m\u00eame puissance mais qui est consid\u00e9r\u00e9e comme tr\u00e8s limit\u00e9e et tr\u00e8s inf\u00e9rieure aux missiles nucl\u00e9aires intercontinentaux qui existent aujourd&rsquo;hui\u00a0\u00bb, explique sur LCI Alexandre Vautravers, r\u00e9dacteur en chef de la revue militaire suisse.\u00a0<\/p>\n<p><a href=\"https:\/\/www.tf1info.fr\/international\/vladimir-poutine-pourrait-reprendre-les-essais-nucleaires-russes-apres-la-relance-americaine-ordonnee-par-donald-trump-2404941.html\" rel=\"noopener\" class=\"jsx-3308031228 Link flex\" target=\"_blank\"><img decoding=\"async\" src=\"https:\/\/www.europesays.com\/fr\/wp-content\/uploads\/2025\/11\/vladimir-poutine-militaire-zapad-2025-16-09-2025-cf377c-0@1x.jpeg\" alt=\"Vladimir Poutine en treillis militaire, lors de l'exercice Zapad 2025, le 16 septembre 2025.\" loading=\"lazy\" importance=\"low\" fetchpriority=\"low\" class=\"\" aria-hidden=\"true\"\/><\/p>\n<p class=\"jsx-3657663356 ReadMoreArticle__Title\">Lire aussi<\/p>\n<p class=\"jsx-3657663356\">Poutine pourrait reprendre les essais nucl\u00e9aires russes apr\u00e8s la relance am\u00e9ricaine ordonn\u00e9e par Trump<\/p>\n<p><\/a><\/p>\n<p data-module=\"article-paragraph\" class=\"jsx-3046738180 Paragraph Paragraph__End\">\u00ab\u00a0L&rsquo;annonce de cet essai est clairement de l&rsquo;affichage. C&rsquo;est un message envoy\u00e9 \u00e0 la fois aux Russes et \u00e0 la fois \u00e0 l&rsquo;opinion am\u00e9ricaine pour dire qu&rsquo;on prend en compte l&rsquo;\u00e9volution de la situation internationale et notamment notre rapport de force avec la Russie\u00a0\u00bb, poursuit Vincent Crouzet, expert en renseignement. R\u00e9cemment, Donald Trump a fait savoir qu&rsquo;il entendait engager des essais d&rsquo;armes nucl\u00e9aires au m\u00eame titre que d&rsquo;autres pays qui, selon lui, maintiennent de tels programmes.<\/p>\n<p>Thibault JEANNIN<\/p>\n","protected":false},"excerpt":{"rendered":"Les essais se sont d\u00e9roul\u00e9s au mois d&rsquo;ao\u00fbt dans le d\u00e9sert du Nevada. Ils ont \u00e9t\u00e9 r\u00e9alis\u00e9s sans&hellip;\n","protected":false},"author":2,"featured_media":536387,"comment_status":"","ping_status":"","sticky":false,"template":"","format":"standard","meta":{"footnotes":""},"categories":[1591],"tags":[1111,11,1921,75,73,1887,1922,37193,12,5654,1885,1886,132,133,1920],"class_list":{"0":"post-536386","1":"post","2":"type-post","3":"status-publish","4":"format-standard","5":"has-post-thumbnail","7":"category-russie","8":"tag-actu","9":"tag-actualites","10":"tag-article-video","11":"tag-donald-trump","12":"tag-etats-unis","13":"tag-federation-de-russie","14":"tag-info","15":"tag-lci-direct","16":"tag-news","17":"tag-nucleaire","18":"tag-russia","19":"tag-russian-federation","20":"tag-russie","21":"tag-video","22":"tag-video-international"},"share_on_mastodon":{"url":"https:\/\/pubeurope.com\/@fr\/115554786300844699","error":""},"_links":{"self":[{"href":"https:\/\/www.europesays.com\/fr\/wp-json\/wp\/v2\/posts\/536386","targetHints":{"allow":["GET"]}}],"collection":[{"href":"https:\/\/www.europesays.com\/fr\/wp-json\/wp\/v2\/posts"}],"about":[{"href":"https:\/\/www.europesays.com\/fr\/wp-json\/wp\/v2\/types\/post"}],"author":[{"embeddable":true,"href":"https:\/\/www.europesays.com\/fr\/wp-json\/wp\/v2\/users\/2"}],"replies":[{"embeddable":true,"href":"https:\/\/www.europesays.com\/fr\/wp-json\/wp\/v2\/comments?post=536386"}],"version-history":[{"count":0,"href":"https:\/\/www.europesays.com\/fr\/wp-json\/wp\/v2\/posts\/536386\/revisions"}],"wp:featuredmedia":[{"embeddable":true,"href":"https:\/\/www.europesays.com\/fr\/wp-json\/wp\/v2\/media\/536387"}],"wp:attachment":[{"href":"https:\/\/www.europesays.com\/fr\/wp-json\/wp\/v2\/media?parent=536386"}],"wp:term":[{"taxonomy":"category","embeddable":true,"href":"https:\/\/www.europesays.com\/fr\/wp-json\/wp\/v2\/categories?post=536386"},{"taxonomy":"post_tag","embeddable":true,"href":"https:\/\/www.europesays.com\/fr\/wp-json\/wp\/v2\/tags?post=536386"}],"curies":[{"name":"wp","href":"https:\/\/api.w.org\/{rel}","templated":true}]}}