{"id":536390,"date":"2025-11-15T17:04:46","date_gmt":"2025-11-15T17:04:46","guid":{"rendered":"https:\/\/www.europesays.com\/fr\/536390\/"},"modified":"2025-11-15T17:04:46","modified_gmt":"2025-11-15T17:04:46","slug":"discussions-en-cours-avec-lue-et-les-usa-pour-reduire-les-taxes-douanieres","status":"publish","type":"post","link":"https:\/\/www.europesays.com\/fr\/536390\/","title":{"rendered":"Discussions en cours avec l\u2019UE et les USA pour r\u00e9duire les taxes douani\u00e8res"},"content":{"rendered":"<p>Les discussions se poursuivent avec l\u2019Union europ\u00e9enne et les \u00c9tats-Unis afin r\u00e9duire les taxes douani\u00e8res sur les exportations tunisiennes, a d\u00e9clar\u00e9 samedi \u00e0 l\u2019aube, le ministre du Commerce et du D\u00e9veloppement des exportations, Samir Abid, lors de la s\u00e9ance pl\u00e9ni\u00e8re consacr\u00e9e \u00e0 l\u2019examen du budget du minist\u00e8re pour l\u2019exercice 2026.<\/p>\n<p>En r\u00e9ponse aux questions des d\u00e9put\u00e9s de l\u2019Assembl\u00e9e des Repr\u00e9sentants du Peuple (ARP) et du Conseil National des R\u00e9gions et des Districts (CNRD), le ministre a indiqu\u00e9 que l\u2019\u00e9largissement de l\u2019utilisation des \u00e9nergies renouvelables et leur exploitation optimale contribueront \u00e0 r\u00e9duire le d\u00e9ficit de la balance commerciale. Selon lui, ce d\u00e9ficit a d\u00e9j\u00e0 \u00e9t\u00e9 r\u00e9duit avec plusieurs pays, dont la Turquie.<\/p>\n<p>\u00c9voquant l\u2019activit\u00e9 du minist\u00e8re et ses programmes, Abid a soulign\u00e9 qu\u2019ils s\u2019inscrivent dans la vision strat\u00e9gique de r\u00e9forme du secteur, fond\u00e9e sur plusieurs axes majeurs \u00e0 savoir l\u2019instauration d\u2019un march\u00e9 \u00e9quilibr\u00e9 et \u00e9quitable, le d\u00e9veloppement du tissu commercial et artisanal, la modernisation et la num\u00e9risation des circuits de distribution.<\/p>\n<p>Cette strat\u00e9gie comprend, \u00e9galement, la simplification des proc\u00e9dures commerciales, la diversification et le renforcement des exportations, la lutte contre les pratiques ill\u00e9gales \u00e0 l\u2019importation ainsi que la promotion du commerce \u00e9lectronique.<\/p>\n<p>Il a ajout\u00e9 que le minist\u00e8re \u0153uvre, en collaboration avec les structures r\u00e9gionales, \u00e0 installer au moins un point de vente du producteur au consommateur dans chaque gouvernorat, en veillant \u00e0 leur approvisionnement en l\u00e9gumes et fruits essentiels.<\/p>\n<p>Cette d\u00e9marche vise \u00e0 lutter contre la sp\u00e9culation, renforcer l\u2019offre directe, r\u00e9duire le r\u00f4le des interm\u00e9diaires et pr\u00e9senter des prix abordables.<\/p>\n<p>&#8211; Publicit\u00e9-<\/p>\n","protected":false},"excerpt":{"rendered":"Les discussions se poursuivent avec l\u2019Union europ\u00e9enne et les \u00c9tats-Unis afin r\u00e9duire les taxes douani\u00e8res sur les exportations&hellip;\n","protected":false},"author":2,"featured_media":536391,"comment_status":"","ping_status":"","sticky":false,"template":"","format":"standard","meta":{"footnotes":""},"categories":[1589],"tags":[11,73,1866,12,1864,1865,1863,308],"class_list":{"0":"post-536390","1":"post","2":"type-post","3":"status-publish","4":"format-standard","5":"has-post-thumbnail","7":"category-etats-unis","8":"tag-actualites","9":"tag-etats-unis","10":"tag-etats-unis-damerique","11":"tag-news","12":"tag-united-states","13":"tag-united-states-of-america","14":"tag-us","15":"tag-usa"},"share_on_mastodon":{"url":"https:\/\/pubeurope.com\/@fr\/115554802904719817","error":""},"_links":{"self":[{"href":"https:\/\/www.europesays.com\/fr\/wp-json\/wp\/v2\/posts\/536390","targetHints":{"allow":["GET"]}}],"collection":[{"href":"https:\/\/www.europesays.com\/fr\/wp-json\/wp\/v2\/posts"}],"about":[{"href":"https:\/\/www.europesays.com\/fr\/wp-json\/wp\/v2\/types\/post"}],"author":[{"embeddable":true,"href":"https:\/\/www.europesays.com\/fr\/wp-json\/wp\/v2\/users\/2"}],"replies":[{"embeddable":true,"href":"https:\/\/www.europesays.com\/fr\/wp-json\/wp\/v2\/comments?post=536390"}],"version-history":[{"count":0,"href":"https:\/\/www.europesays.com\/fr\/wp-json\/wp\/v2\/posts\/536390\/revisions"}],"wp:featuredmedia":[{"embeddable":true,"href":"https:\/\/www.europesays.com\/fr\/wp-json\/wp\/v2\/media\/536391"}],"wp:attachment":[{"href":"https:\/\/www.europesays.com\/fr\/wp-json\/wp\/v2\/media?parent=536390"}],"wp:term":[{"taxonomy":"category","embeddable":true,"href":"https:\/\/www.europesays.com\/fr\/wp-json\/wp\/v2\/categories?post=536390"},{"taxonomy":"post_tag","embeddable":true,"href":"https:\/\/www.europesays.com\/fr\/wp-json\/wp\/v2\/tags?post=536390"}],"curies":[{"name":"wp","href":"https:\/\/api.w.org\/{rel}","templated":true}]}}