{"id":536392,"date":"2025-11-15T17:06:13","date_gmt":"2025-11-15T17:06:13","guid":{"rendered":"https:\/\/www.europesays.com\/fr\/536392\/"},"modified":"2025-11-15T17:06:13","modified_gmt":"2025-11-15T17:06:13","slug":"apprenons-a-nous-separer-de-ce-dont-nous-navons-plus-besoin-la-resolution-de-kate-pour-la-fin-dannee","status":"publish","type":"post","link":"https:\/\/www.europesays.com\/fr\/536392\/","title":{"rendered":"\u00ab\u00a0Apprenons \u00e0 nous s\u00e9parer de ce dont nous n&rsquo;avons plus besoin\u00a0\u00bb, la r\u00e9solution de Kate pour la fin d\u2019ann\u00e9e"},"content":{"rendered":"<p>Le message est sign\u00e9 d\u2019un C., comme Catherine. \u00ab\u00a0L\u2019automne. Une saison de r\u00e9flexion, de croissance et d\u2019intense connexion. <strong>Embrassez la beaut\u00e9 du changement<\/strong>, alors que l\u2019on se pr\u00e9pare pour le repos hivernal\u00a0\u00bb \u00e9crit-elle. Comme pour les deux pr\u00e9c\u00e9dentes vid\u00e9os post\u00e9es au fil des saisons dans un <a target=\"_blank\" href=\"https:\/\/www.pointdevue.fr\/royal\/royaume-uni\/kate-middleton-celebre-la-nature-encore-et-le-printemps\" rel=\"nofollow noopener\">cycle en hommage \u00e0 \u00ab\u00a0m\u00e8re nature\u00a0\u00bb<\/a>, <a target=\"_blank\" href=\"https:\/\/www.pointdevue.fr\/grand-angle\/biographies\/kate-middleton\" rel=\"nofollow noopener\">la princesse de Galles<\/a> a cette fois encore enregistr\u00e9 la voix off qui vient se poser sur les superbes images sign\u00e9es du <a target=\"_blank\" href=\"https:\/\/www.pointdevue.fr\/royal\/royaume-uni\/qui-est-will-warr-le-videaste-fetiche-de-kate-et-william\" rel=\"nofollow noopener\">vid\u00e9aste favori du couple princier, Will Warr<\/a>.<\/p>\n<blockquote class=\"twitter-tweet\" data-media-max-width=\"560\">\n<p lang=\"en\" dir=\"ltr\">MOTHER NATURE: AUTUMN<\/p>\n<p>Autumn &#8211; a season of reflection, growth and deeper connection. Embrace the beauty found in change, as we prepare for winter&rsquo;s rest. C<\/p>\n<p>\ud83c\udfa5Will Warr <a href=\"https:\/\/t.co\/bJn5vifJtV\" rel=\"nofollow\">pic.twitter.com\/bJn5vifJtV<\/a><\/p>\n<p>\u2014 The Prince and Princess of Wales (@KensingtonRoyal) <a href=\"https:\/\/twitter.com\/KensingtonRoyal\/status\/1989664692168458568?ref_src=twsrc%5Etfw\" rel=\"nofollow noopener\" target=\"_blank\">November 15, 2025<\/a><\/p><\/blockquote>\n<p> Le grand m\u00e9nage\u2026 d\u2019automne<\/p>\n<p>Plus que jamais, l\u2019automne 2025 est pour la future reine la saison du changement. Kate, <a target=\"_blank\" href=\"https:\/\/www.pointdevue.fr\/grand-angle\/biographies\/prince-william\" rel=\"nofollow noopener\">William<\/a> et leurs trois enfants, <a target=\"_blank\" href=\"https:\/\/www.pointdevue.fr\/grand-angle\/biographies\/prince-george\" rel=\"nofollow noopener\">George<\/a>, <a target=\"_blank\" href=\"https:\/\/www.pointdevue.fr\/grand-angle\/biographies\/princesse-charlotte\" rel=\"nofollow noopener\">Charlotte<\/a> et <a target=\"_blank\" href=\"https:\/\/www.pointdevue.fr\/grand-angle\/biographies\/prince-louis\" rel=\"nofollow noopener\">Louis<\/a>, viennent en effet de <strong>quitter Adelaide Cottage pour <\/strong><a target=\"_blank\" href=\"https:\/\/www.pointdevue.fr\/royal\/royaume-uni\/kate-et-william-ont-emmenage-en-catimini-a-forest-lodge\" rel=\"nofollow noopener\"><strong>emm\u00e9nager \u00e0 Forest Lodge<\/strong><\/a>, le manoir o\u00f9 le couple esp\u00e8re passer le restant de ses jours \u00e0 titre priv\u00e9. Entre les cartons \u00e0 faire et \u00e0 d\u00e9faire, la princesse a donc souvent eu ces derniers temps \u00e0 <strong>se poser la question de la n\u00e9cessit\u00e9 des choses. De leurs priorit\u00e9s<\/strong>. Ou peut-\u00eatre faut-il lire dans son message une r\u00e9f\u00e9rence implicite aux r\u00e9cents changements au sein de la famille royale, l\u2019<a target=\"_blank\" href=\"https:\/\/www.pointdevue.fr\/royal\/royaume-uni\/andrew-destitue-de-son-titre-de-prince-la-decision-est-enfin-officielle\" rel=\"nofollow noopener\">ex-prince Andrew en ayant \u00e9t\u00e9 \u00e9cart\u00e9<\/a>\u00a0?<\/p>\n<p><img decoding=\"async\" src=\"https:\/\/www.europesays.com\/fr\/wp-content\/uploads\/2025\/11\/SIPA_01235236_000196gRRLLMJXHS.jpg\" alt=\"Le prince William et Kate en visite en Irlande du Nord, le 14 octobre.\"\/><strong>Le prince William et Kate en visite en Irlande du Nord, le 14 octobre.<\/strong> \u00a9 Tom Simpson\/Sipa<\/p>\n<p>\u00ab\u00a0\u00c0 mesure que les jours raccourcissent et que les ombres s&rsquo;allongent, l&rsquo;\u00e9nergie de l&rsquo;\u00e9t\u00e9 se retire pour laisser place \u00e0 l&rsquo;automne\u00a0\u00bb dit la voix de Kate. \u00ab\u00a0Les arbres perdent leurs feuilles pour se pr\u00e9parer \u00e0 l&rsquo;hiver, comme <strong>nous aussi apprenons \u00e0 nous s\u00e9parer de ce dont nous n&rsquo;avons plus besoin<\/strong>. En \u00e9tant plus \u00e0 l\u2019\u00e9coute de nos mondes int\u00e9rieur et ext\u00e9rieur, nous pouvons <strong>trouver la clart\u00e9 et le sens des priorit\u00e9s<\/strong>.\u00a0\u00bb Les siennes sont clairement orient\u00e9es du c\u00f4t\u00e9 de sa famille&#8230;<\/p>\n<p>\u00ab\u00a0Que l&rsquo;amour soit la racine qui nous retient\u00a0\u00bb<\/p>\n<p>Les images de cette vid\u00e9o ont \u00e9t\u00e9 tourn\u00e9es pour certaines en Irlande du Nord, pour d\u2019autres dans le Grand Parc de Windsor lors d\u2019une sortie de Kate avec les enfants de la Farley Junior Academy de Luton et leur chef, Gill Meller. Ces enfants b\u00e9n\u00e9ficient de l\u2019aide de l\u2019association Go Beyond, qui permet \u00e0 <strong>des jeunes vivant dans des conditions difficiles de partir \u00e0 la d\u00e9couverte de la nature<\/strong>. L\u2019occasion pour eux, ce jour-l\u00e0, de partager gourmandises et anecdotes autour d\u2019un feu de camp avec une princesse.<\/p>\n<p>\u00ab\u00a0Au fil des saisons, m\u00e8re Nature nous enseigne qu&rsquo;<strong>il y a du beau dans le changement, l&rsquo;impermanence et le l\u00e2cher-prise<\/strong>. Ce sont les cycles naturels de la vie. Alors que les fleurs tombent et que les couleurs s&rsquo;estompent, les racines s&rsquo;enfoncent plus profond\u00e9ment. Elles deviennent plus fortes. <strong>Que l&rsquo;amour soit la racine qui nous retient<\/strong>, la lumi\u00e8re qui nous guide, avec espoir, \u00e0 travers le changement. Tenez bon\u00a0\u00bb, pr\u00f4ne Kate. De bonnes r\u00e9solutions avant l&rsquo;heure.\u00a0<\/p>\n<p>Lire aussi &gt;&gt; <a target=\"_blank\" href=\"https:\/\/www.pointdevue.fr\/royal\/royaume-uni\/kate-choisit-un-theme-unique-pour-les-celebrations-de-noel-2025-lamour\" rel=\"nofollow noopener\">Kate choisit l\u2019amour comme th\u00e8me unique pour son concert de No\u00ebl 2025 \u00e0 Westminster<\/a><\/p>\n<p>                                                    <script async src=\"https:\/\/platform.twitter.com\/widgets.js\" charset=\"utf-8\"><\/script><\/p>\n","protected":false},"excerpt":{"rendered":"Le message est sign\u00e9 d\u2019un C., comme Catherine. \u00ab\u00a0L\u2019automne. Une saison de r\u00e9flexion, de croissance et d\u2019intense connexion.&hellip;\n","protected":false},"author":2,"featured_media":536393,"comment_status":"","ping_status":"","sticky":false,"template":"","format":"standard","meta":{"footnotes":""},"categories":[1588],"tags":[11,1777,674,12,473,1853,1851,1850,1852],"class_list":{"0":"post-536392","1":"post","2":"type-post","3":"status-publish","4":"format-standard","5":"has-post-thumbnail","7":"category-royaume-uni","8":"tag-actualites","9":"tag-eu","10":"tag-europe","11":"tag-news","12":"tag-royaume-uni","13":"tag-royaume-uni-de-grande-bretagne-et-dirlande-du-nord","14":"tag-uk","15":"tag-united-kingdom","16":"tag-united-kingdom-of-great-britain-and-northern-ireland"},"share_on_mastodon":{"url":"https:\/\/pubeurope.com\/@fr\/115554811704525204","error":""},"_links":{"self":[{"href":"https:\/\/www.europesays.com\/fr\/wp-json\/wp\/v2\/posts\/536392","targetHints":{"allow":["GET"]}}],"collection":[{"href":"https:\/\/www.europesays.com\/fr\/wp-json\/wp\/v2\/posts"}],"about":[{"href":"https:\/\/www.europesays.com\/fr\/wp-json\/wp\/v2\/types\/post"}],"author":[{"embeddable":true,"href":"https:\/\/www.europesays.com\/fr\/wp-json\/wp\/v2\/users\/2"}],"replies":[{"embeddable":true,"href":"https:\/\/www.europesays.com\/fr\/wp-json\/wp\/v2\/comments?post=536392"}],"version-history":[{"count":0,"href":"https:\/\/www.europesays.com\/fr\/wp-json\/wp\/v2\/posts\/536392\/revisions"}],"wp:featuredmedia":[{"embeddable":true,"href":"https:\/\/www.europesays.com\/fr\/wp-json\/wp\/v2\/media\/536393"}],"wp:attachment":[{"href":"https:\/\/www.europesays.com\/fr\/wp-json\/wp\/v2\/media?parent=536392"}],"wp:term":[{"taxonomy":"category","embeddable":true,"href":"https:\/\/www.europesays.com\/fr\/wp-json\/wp\/v2\/categories?post=536392"},{"taxonomy":"post_tag","embeddable":true,"href":"https:\/\/www.europesays.com\/fr\/wp-json\/wp\/v2\/tags?post=536392"}],"curies":[{"name":"wp","href":"https:\/\/api.w.org\/{rel}","templated":true}]}}