{"id":536394,"date":"2025-11-15T17:07:15","date_gmt":"2025-11-15T17:07:15","guid":{"rendered":"https:\/\/www.europesays.com\/fr\/536394\/"},"modified":"2025-11-15T17:07:15","modified_gmt":"2025-11-15T17:07:15","slug":"la-aew-songe-a-tenir-des-evenements-en-france-et-en-allemagne","status":"publish","type":"post","link":"https:\/\/www.europesays.com\/fr\/536394\/","title":{"rendered":"La AEW songe \u00e0 tenir des \u00e9v\u00e9nements en France et en Allemagne"},"content":{"rendered":"<p>Tony Khan a confi\u00e9 que la AEW pourrait tenir prochainement des \u00e9v\u00e9nements en France et en Allemagne.<\/p>\n<p>En entrevue pour Sportico, Khan a \u00e9voqu\u00e9 la possibilit\u00e9 d\u2019explorer de nouveaux march\u00e9s. <\/p>\n<blockquote>\n<p>\u201cThere\u2019s great talent pools in Mexico, England, Japan, great places to recruit pro wrestlers, a lot of great wrestlers out of Canada. These are great markets for us, but there\u2019s also some untapped markets.\u201d <\/p>\n<p>\u201cWe\u2019ve never done a show in France. I\u2019d love to go to Paris for AEW, and all over France. I\u2019d love to go to Germany, which has a great wrestling market. There\u2019s a lot of great wrestling fans in Germany. I think that\u2019d be a great place for us to have AEW at some point.\u201d<\/p>\n<\/blockquote>\n<p>La WWE se rendra bient\u00f4t en Grande-Bretagne et en Australie.<\/p>\n<p>R\u00c9AGISSEZ CI-DESSOUS<\/p>\n<p> commentaire(s)<\/p>\n<p>test<\/p>\n<p>    <a class=\"pre-chevron\" href=\"https:\/\/lutte.quebec\/nouvelles\/titre-national-a-la-aew-une-discussion-positive-entre-tony-khan-et-la-nwa\/\" style=\"opacity: 0.75;font-size: 13px;font-weight: 700;display:inline-block;width:48%\" rel=\"nofollow noopener\" target=\"_blank\">&#13;<br \/>\n        LIRE L&rsquo;ARTICLE PR\u00c9C\u00c9DENT&#13;<br \/>\n\tTitre national \u00e0 la AEW: une discussion positive entre Tony Khan et la NWA&#13;<br \/>\n    <\/a><br \/>\n    <a class=\"post-chevron\" href=\"https:\/\/lutte.quebec\/nouvelles\/john-cena-de-retour-tres-bientot\/\" style=\"float: right;opacity: 0.75;font-size: 13px;font-weight: 700;display:inline-block;width:48%;text-align:right;\" rel=\"nofollow noopener\" target=\"_blank\">&#13;<br \/>\nLIRE L&rsquo;ARTICLE SUIVANT&#13;<br \/>\n\tJohn Cena de retour tr\u00e8s bient\u00f4t?&#13;<br \/>\n    <\/a><\/p>\n","protected":false},"excerpt":{"rendered":"Tony Khan a confi\u00e9 que la AEW pourrait tenir prochainement des \u00e9v\u00e9nements en France et en Allemagne. En&hellip;\n","protected":false},"author":2,"featured_media":536395,"comment_status":"","ping_status":"","sticky":false,"template":"","format":"standard","meta":{"footnotes":""},"categories":[1587],"tags":[11,672,1804,1805,1803,1777,674,1801,12,1802],"class_list":{"0":"post-536394","1":"post","2":"type-post","3":"status-publish","4":"format-standard","5":"has-post-thumbnail","7":"category-allemagne","8":"tag-actualites","9":"tag-allemagne","10":"tag-bundesrepublik-deutschland","11":"tag-de","12":"tag-deutschland","13":"tag-eu","14":"tag-europe","15":"tag-germany","16":"tag-news","17":"tag-republique-federale-dallemagne"},"share_on_mastodon":{"url":"https:\/\/pubeurope.com\/@fr\/115554814871346490","error":""},"_links":{"self":[{"href":"https:\/\/www.europesays.com\/fr\/wp-json\/wp\/v2\/posts\/536394","targetHints":{"allow":["GET"]}}],"collection":[{"href":"https:\/\/www.europesays.com\/fr\/wp-json\/wp\/v2\/posts"}],"about":[{"href":"https:\/\/www.europesays.com\/fr\/wp-json\/wp\/v2\/types\/post"}],"author":[{"embeddable":true,"href":"https:\/\/www.europesays.com\/fr\/wp-json\/wp\/v2\/users\/2"}],"replies":[{"embeddable":true,"href":"https:\/\/www.europesays.com\/fr\/wp-json\/wp\/v2\/comments?post=536394"}],"version-history":[{"count":0,"href":"https:\/\/www.europesays.com\/fr\/wp-json\/wp\/v2\/posts\/536394\/revisions"}],"wp:featuredmedia":[{"embeddable":true,"href":"https:\/\/www.europesays.com\/fr\/wp-json\/wp\/v2\/media\/536395"}],"wp:attachment":[{"href":"https:\/\/www.europesays.com\/fr\/wp-json\/wp\/v2\/media?parent=536394"}],"wp:term":[{"taxonomy":"category","embeddable":true,"href":"https:\/\/www.europesays.com\/fr\/wp-json\/wp\/v2\/categories?post=536394"},{"taxonomy":"post_tag","embeddable":true,"href":"https:\/\/www.europesays.com\/fr\/wp-json\/wp\/v2\/tags?post=536394"}],"curies":[{"name":"wp","href":"https:\/\/api.w.org\/{rel}","templated":true}]}}