{"id":536398,"date":"2025-11-15T17:09:11","date_gmt":"2025-11-15T17:09:11","guid":{"rendered":"https:\/\/www.europesays.com\/fr\/536398\/"},"modified":"2025-11-15T17:09:11","modified_gmt":"2025-11-15T17:09:11","slug":"atp-finals-jannik-sinner-apres-sa-qualification-pour-la-finale-jai-eu-la-meme-impression-en-fin-de-saison-derniere","status":"publish","type":"post","link":"https:\/\/www.europesays.com\/fr\/536398\/","title":{"rendered":"ATP &#8211; Finals > Jannik Sinner, apr\u00e8s sa qualification pour la finale : \u00ab\u00a0J&rsquo;ai eu la m\u00eame impression en fin de saison derni\u00e8re\u00a0\u00bb"},"content":{"rendered":"<p>Lors de l\u2019in\u00adter\u00adview sur le court apr\u00e8s<a href=\"https:\/\/www.welovetennis.fr\/atp\/atp-finals\/sinner-ecoeure-de-minaur-djokovic-et-monfils-ne-sont-plus-si-loin\" data-wpel-link=\"internal\" rel=\"nofollow noopener\" target=\"_blank\"> sa victoire contre Alex de Minaur en demi\u2010finales du Masters<\/a>, Jannik Sinner s\u2019est exprim\u00e9 sur sa qualit\u00e9 de service.\u00a0<\/p>\n<p><strong>\u00ab\u202fD\u00e9j\u00e0 en fin de saison derni\u00e8re, j\u2019ai eu l\u2019im\u00adpres\u00adsion que je servais beau\u00adcoup mieux qu\u2019au cours de l\u2019ann\u00e9e. Cette ann\u00e9e, c\u2019est pareil. J\u2019esp\u00e8re que nous allons beau\u00adcoup travailler pendant l\u2019in\u00adter\u00adsaison pour \u00eatre pr\u00eats pour la saison prochaine. J\u2019esp\u00e8re pouvoir servir comme \u00e7a tout au long de la saison. Rendre le service aussi stable que possible. \u00c7a a tr\u00e8s bien fonc\u00adtionn\u00e9. Surtout dans ce tournoi. Jouer en indoor aide \u00e9nor\u00adm\u00e9\u00adment \u00e0 avoir plus confiance. Je suis tr\u00e8s content du travail que nous faisons. Voyons ce qui va se passer. Dimanche, c\u2019est le dernier match de la saison pour moi, donc je suis tr\u00e8s heureux de terminer par une finale.\u202f\u00bb<\/strong><\/p>\n<blockquote class=\"twitter-tweet\">\n<p lang=\"en\" dir=\"ltr\">Jannik Sinner after beating Alex de Minaur to reach 3rd conse\u00adcu\u00adtive ATP Finals final in Turin<\/p>\n<p>Jannik\u00a0: \u201cVery happy. The last event of the year. Great to finish in this way. It was a very tough match. Especially begin\u00adning of the first set. I felt like he was serving great. Very\u2026 <a href=\"https:\/\/t.co\/RWff3ryFfR\" data-wpel-link=\"external\" target=\"_blank\" rel=\"nofollow external noopener\">pic.twitter.com\/RWff3ryFfR<\/a><\/p>\n<p>\u2014 The Tennis Letter (@TheTennisLetter) <a href=\"https:\/\/twitter.com\/TheTennisLetter\/status\/1989723223110672693?ref_src=twsrc%5Etfw\" data-wpel-link=\"external\" target=\"_blank\" rel=\"nofollow external noopener\">November 15,\u00a02025<\/a><\/p><\/blockquote>\n<p>A noter que l\u2019Italien n\u2019a plus \u00e9t\u00e9 break\u00e9 depuis les quarts de finale du Masters 1000 de Paris, le 31 octobre dernier.\u00a0<\/p>\n<p class=\"post-published-date\" style=\"color: silver; font-size: 75%; text-align: left;\">Publi\u00e9 le samedi 15 novembre 2025 \u00e0 16:59<\/p>\n<p><script async src=\"https:\/\/platform.twitter.com\/widgets.js\" charset=\"utf-8\"><\/script><\/p>\n","protected":false},"excerpt":{"rendered":"Lors de l\u2019in\u00adter\u00adview sur le court apr\u00e8s sa victoire contre Alex de Minaur en demi\u2010finales du Masters, Jannik&hellip;\n","protected":false},"author":2,"featured_media":536399,"comment_status":"","ping_status":"","sticky":false,"template":"","format":"standard","meta":{"footnotes":""},"categories":[1586],"tags":[11,1777,674,1779,1011,27,12,25,2127,1778,364],"class_list":{"0":"post-536398","1":"post","2":"type-post","3":"status-publish","4":"format-standard","5":"has-post-thumbnail","7":"category-europe","8":"tag-actualites","9":"tag-eu","10":"tag-europe","11":"tag-european-union","12":"tag-fr","13":"tag-france","14":"tag-news","15":"tag-republique-francaise","16":"tag-sinner","17":"tag-ue","18":"tag-union-europeenne"},"share_on_mastodon":{"url":"https:\/\/pubeurope.com\/@fr\/115554822728460374","error":""},"_links":{"self":[{"href":"https:\/\/www.europesays.com\/fr\/wp-json\/wp\/v2\/posts\/536398","targetHints":{"allow":["GET"]}}],"collection":[{"href":"https:\/\/www.europesays.com\/fr\/wp-json\/wp\/v2\/posts"}],"about":[{"href":"https:\/\/www.europesays.com\/fr\/wp-json\/wp\/v2\/types\/post"}],"author":[{"embeddable":true,"href":"https:\/\/www.europesays.com\/fr\/wp-json\/wp\/v2\/users\/2"}],"replies":[{"embeddable":true,"href":"https:\/\/www.europesays.com\/fr\/wp-json\/wp\/v2\/comments?post=536398"}],"version-history":[{"count":0,"href":"https:\/\/www.europesays.com\/fr\/wp-json\/wp\/v2\/posts\/536398\/revisions"}],"wp:featuredmedia":[{"embeddable":true,"href":"https:\/\/www.europesays.com\/fr\/wp-json\/wp\/v2\/media\/536399"}],"wp:attachment":[{"href":"https:\/\/www.europesays.com\/fr\/wp-json\/wp\/v2\/media?parent=536398"}],"wp:term":[{"taxonomy":"category","embeddable":true,"href":"https:\/\/www.europesays.com\/fr\/wp-json\/wp\/v2\/categories?post=536398"},{"taxonomy":"post_tag","embeddable":true,"href":"https:\/\/www.europesays.com\/fr\/wp-json\/wp\/v2\/tags?post=536398"}],"curies":[{"name":"wp","href":"https:\/\/api.w.org\/{rel}","templated":true}]}}