{"id":536408,"date":"2025-11-15T17:16:12","date_gmt":"2025-11-15T17:16:12","guid":{"rendered":"https:\/\/www.europesays.com\/fr\/536408\/"},"modified":"2025-11-15T17:16:12","modified_gmt":"2025-11-15T17:16:12","slug":"pour-la-troisieme-annee-consecutive-jannik-sinner-en-finale","status":"publish","type":"post","link":"https:\/\/www.europesays.com\/fr\/536408\/","title":{"rendered":"pour la troisi\u00e8me ann\u00e9e cons\u00e9cutive, Jannik Sinner en finale"},"content":{"rendered":"<p>\n    Avec sa victoire ce samedi face \u00e0 Alex De Minaur en deux sets, Jannik Sinner se qualifie pour la finale du Masters ATP. Ce sera sa troisi\u00e8me finale cons\u00e9cutive.<\/p>\n<p class=\"fig-paragraph\">Encore lui. Le N.2 mondial\u00a0<a href=\"http:\/\/www.lefigaro.fr\/sports\/tennis\/atp-finals-sinner-recu-trois-sur-trois-20251114\" target=\"_blank\" data-fig-type=\"NewsFlash\" rel=\"noopener\" data-gtm-custom-categorie=\"navigation\" data-gtm-custom-action=\"crossclick\" data-gtm-custom-label=\"Contextuel\" data-gtm-event=\"customEventSPE\" data-fig-domain=\"LEFIGARO\">Jannik Sinner\u00a0<\/a>s\u2019est qualifi\u00e9 pour la troisi\u00e8me ann\u00e9e cons\u00e9cutive pour la finale du Masters ATP en battant l\u2019Australien Alex De Minaur (7e) samedi \u00e0 Turin.<\/p>\n<p class=\"fig-paragraph\">L\u2019Italien, vainqueur il y a un an, s\u2019est impos\u00e9 7-5, 6-2 et a sign\u00e9 sa 30e victoire cons\u00e9cutive sur dur indoor, sa surface de pr\u00e9dilection. En finale dimanche, Sinner affrontera son grand rival espagnol\u00a0<a href=\"http:\/\/www.lefigaro.fr\/sports\/tennis\/atp-finals-quelque-chose-de-fort-pour-moi-se-felicite-alcaraz-assure-de-terminer-l-annee-numero-1-mondial-20251114\" target=\"_blank\" data-fig-type=\"NewsFlash\" rel=\"noopener\" data-gtm-custom-categorie=\"navigation\" data-gtm-custom-action=\"crossclick\" data-gtm-custom-label=\"Contextuel\" data-gtm-event=\"customEventSPE\" data-fig-domain=\"LEFIGARO\">Carlos Alcaraz, N.1 mondial<\/a>, ou le Canadien Felix Auger-Aliassime (8e), oppos\u00e9s dans la seconde demi-finale.<\/p>\n<p>                                    <a class=\"fig-a11y-skip a11y-hidden\" href=\"#fig-a11y-skip-main-inarticle\"><br \/>\n        Passer la publicit\u00e9<br \/>\n    <\/a><\/p>\n<p class=\"fig-paragraph\">Contre De Minaur qu\u2019il a battu pour la treizi\u00e8me fois en autant de confrontations sur le circuit ATP, dont quatre cette ann\u00e9e, Sinner, 24 ans, n\u2019a connu qu\u2019une frayeur, sur son premier jeu de service, o\u00f9 il a \u00e9te men\u00e9 0-40. Le tenant du titre a rapidement r\u00e9tabli la situation et s\u2019est ensuite offert cinq balles de break avant de prendre le service de son adversaire au onzi\u00e8me jeu pour mener 6-5.<\/p>\n<p class=\"fig-paragraph\">Il a empoch\u00e9 sur son service le premier set apr\u00e8s une heure et six minutes de jeu. Le natif du Haut-Adige, r\u00e9gion germanophone du nord-est de l\u2019Italie, a d\u00e9but\u00e9 la seconde manche en prenant par deux fois la mise en jeu de De Minaur, visiblement touch\u00e9 au moral.<\/p>\n<p>Le dernier match de Sinner en 2025<\/p>\n<p class=\"fig-paragraph\">Apr\u00e8s avoir perdu six jeux de suite, l\u2019Australien, qualifi\u00e9 pour le dernier carr\u00e9 avec une seule victoire en phase de poules, a stopp\u00e9 l\u2019h\u00e9morragie \u00e0 4-1, f\u00eatant son jeu en levant sa raquette en signe de victoire. Sinner a ensuite concr\u00e9tis\u00e9 sa nette et implacable domination en s\u2019imposant sur sa deuxi\u00e8me balle de match.<\/p>\n<p class=\"fig-paragraph\">Depuis sa d\u00e9faite en finale du \u00abtournoi des ma\u00eetres\u00bb en 2023 contre le Serbe Novak Djokovic, Sinner a encha\u00een\u00e9 neuf victoires de suite dans la comp\u00e9tition, sans perdre un set. La finale dimanche sera le dernier match en 2025 de Sinner qui a renonc\u00e9 \u00e0 disputer la Coupe Davis, \u00e0 partir de mardi \u00e0 Bologne, dont l\u2019Italie est la double tenante du titre.<\/p>\n<p class=\"fig-paragraph\">Une finale contre Alcaraz serait l\u2019\u00e9pilogue r\u00eav\u00e9 d\u2019une saison que les deux joueurs ont survol\u00e9, se partageant les quatre titres du Grand Chelem: Open d\u2019Australie et Wimbledon pour Sinner, Roland-Garros et US Open pour Alcaraz. Sinner, qui a purg\u00e9 en d\u00e9but d\u2019ann\u00e9e une suspension de trois mois pour des contr\u00f4les positifs \u00e0 un anabolisant, visera le 24e titre dans sa carri\u00e8re, le sixi\u00e8me cette ann\u00e9e.<\/p>\n","protected":false},"excerpt":{"rendered":"Avec sa victoire ce samedi face \u00e0 Alex De Minaur en deux sets, Jannik Sinner se qualifie pour&hellip;\n","protected":false},"author":2,"featured_media":536409,"comment_status":"","ping_status":"","sticky":false,"template":"","format":"standard","meta":{"footnotes":""},"categories":[1415],"tags":[4169,1011,27,20859,6431,60,1467],"class_list":{"0":"post-536408","1":"post","2":"type-post","3":"status-publish","4":"format-standard","5":"has-post-thumbnail","7":"category-tennis","8":"tag-atp","9":"tag-fr","10":"tag-france","11":"tag-jannik-sinner","12":"tag-masters-atp","13":"tag-sports","14":"tag-tennis"},"share_on_mastodon":{"url":"https:\/\/pubeurope.com\/@fr\/115554850120483946","error":""},"_links":{"self":[{"href":"https:\/\/www.europesays.com\/fr\/wp-json\/wp\/v2\/posts\/536408","targetHints":{"allow":["GET"]}}],"collection":[{"href":"https:\/\/www.europesays.com\/fr\/wp-json\/wp\/v2\/posts"}],"about":[{"href":"https:\/\/www.europesays.com\/fr\/wp-json\/wp\/v2\/types\/post"}],"author":[{"embeddable":true,"href":"https:\/\/www.europesays.com\/fr\/wp-json\/wp\/v2\/users\/2"}],"replies":[{"embeddable":true,"href":"https:\/\/www.europesays.com\/fr\/wp-json\/wp\/v2\/comments?post=536408"}],"version-history":[{"count":0,"href":"https:\/\/www.europesays.com\/fr\/wp-json\/wp\/v2\/posts\/536408\/revisions"}],"wp:featuredmedia":[{"embeddable":true,"href":"https:\/\/www.europesays.com\/fr\/wp-json\/wp\/v2\/media\/536409"}],"wp:attachment":[{"href":"https:\/\/www.europesays.com\/fr\/wp-json\/wp\/v2\/media?parent=536408"}],"wp:term":[{"taxonomy":"category","embeddable":true,"href":"https:\/\/www.europesays.com\/fr\/wp-json\/wp\/v2\/categories?post=536408"},{"taxonomy":"post_tag","embeddable":true,"href":"https:\/\/www.europesays.com\/fr\/wp-json\/wp\/v2\/tags?post=536408"}],"curies":[{"name":"wp","href":"https:\/\/api.w.org\/{rel}","templated":true}]}}