{"id":536410,"date":"2025-11-15T17:20:14","date_gmt":"2025-11-15T17:20:14","guid":{"rendered":"https:\/\/www.europesays.com\/fr\/536410\/"},"modified":"2025-11-15T17:20:14","modified_gmt":"2025-11-15T17:20:14","slug":"sur-le-podium-damien-beton-ne-sattendait-pas-du-tout-a-ca-actualite","status":"publish","type":"post","link":"https:\/\/www.europesays.com\/fr\/536410\/","title":{"rendered":"Sur le podium, Damien Beton ne s\u2019attendait \u00ab pas du tout \u00e0 \u00e7a \u00bb &#8211; Actualit\u00e9"},"content":{"rendered":"<p style=\"text-align: justify;\">Grande premi\u00e8re pour Damien Beton. Pour la toute premi\u00e8re fois de sa carri\u00e8re, le coureur de 24 ans est mont\u00e9 sur le podium en Coupe de France Elite de cyclo-cross. Ce samedi, \u00e0 Quelneuc, <a href=\"https:\/\/www.directvelo.com\/actualite\/125354\/cc-coupe-de-france-quelneuc-elite-hommes-1-classement\" target=\"_blank\" rel=\"noopener\"><strong>le soci\u00e9taire de l\u2019UC P\u00e9lussin Pilat est all\u00e9 chercher la 2e place<\/strong>.<\/a>\u00a0\u201cJe ne m&rsquo;attendais pas du tout \u00e0 \u00e7a. Je n\u2019\u00e9tais m\u00eame jamais rentr\u00e9 dans le Top 5. Faire un podium et m\u00eame 2e surtout derri\u00e8re Aubin (Sparfel), c&rsquo;est vraiment incroyable\u201d, appr\u00e9cie-t-il au micro de DirectVelo.<\/p>\n<p><strong>AUBIN SPARFEL EN POINT DE MIRE<\/strong><\/p>\n<p>\u201cVraiment en forme\u201d cette saison, le coureur class\u00e9 8e et 11e \u00e0 Albi visait une place parmi les cinq premiers sur le circuit morbihannais. Faute d\u2019un nombre important de points UCI, il a d\u00fb partir en deuxi\u00e8me ligne mais il a vite r\u00e9ussi \u00e0 prendre les bonnes roues pour vite \u00eatre bien plac\u00e9, en 5e puis 4e position. \u201cQuand j&rsquo;ai vu que le podium \u00e9tait jouable, j&rsquo;ai tout donn\u00e9 et je suis remont\u00e9 petit \u00e0 petit\u201d.<\/p>\n<p>Jusqu\u2019\u00e0 avoir Aubin Sparfel en point de mire, de quoi le booster. \u201cJe ne suis jamais vraiment rentr\u00e9 dans sa roue mais je me suis dit d&rsquo;essayer de perdre le moins de temps possible sur lui. Si j\u2019arrivais \u00e0 l\u2019accrocher au maximum, \u00e7a allait me permettre de r\u00e9aliser le podium. C&rsquo;est ce que j&rsquo;ai r\u00e9ussi \u00e0 faire\u201d.<\/p>\n<p><strong>\u00c0 L&rsquo;AISE EN COURSE \u00c0 PIED<\/strong><\/p>\n<p>Damien Beton a appr\u00e9ci\u00e9 le terrain tr\u00e8s glissant. \u201cJ\u2019aime beaucoup quand c\u2019est comme \u00e7a. Il faut de la force et \u00eatre aussi bien techniquement\u201d. Et il fallait \u00eatre \u00e0 l\u2019aise avec la course \u00e0 pied, un domaine o\u00f9 il a beaucoup progress\u00e9 depuis deux ans. \u201cSur ce point-l\u00e0, je gagne \u00e9norm\u00e9ment par rapport aux autres\u201d.<\/p>\n<p>Jusqu\u2019\u00e0 l\u2019an pass\u00e9, il \u00e9tait bien un jour sur deux en Coupe de France. Mais fin octobre \u00e0 Albi, il a pu voir qu\u2019il avait les jambes pour \u00eatre performant le samedi et le dimanche. \u201cLe second jour, j&rsquo;ai eu quelques probl\u00e8mes m\u00e9caniques, mais j&rsquo;\u00e9tais remont\u00e9 vraiment fort. J&rsquo;esp\u00e8re que je vais pouvoir marcher les deux jours ici. Aujourd&rsquo;hui, j&rsquo;\u00e9tais vraiment en forme\u201d.<\/p>\n","protected":false},"excerpt":{"rendered":"Grande premi\u00e8re pour Damien Beton. Pour la toute premi\u00e8re fois de sa carri\u00e8re, le coureur de 24 ans&hellip;\n","protected":false},"author":2,"featured_media":536411,"comment_status":"","ping_status":"","sticky":false,"template":"","format":"standard","meta":{"footnotes":""},"categories":[1411],"tags":[834,828,836,829,837,827,83,826,824,823,1154,207,814,817,815,816,822,821,832,211,839,1011,27,820,818,819,835,831,830,833,838,60,212,208,825],"class_list":{"0":"post-536410","1":"post","2":"type-post","3":"status-publish","4":"format-standard","5":"has-post-thumbnail","7":"category-cyclisme","8":"tag-attaque","9":"tag-belgique","10":"tag-braquet","11":"tag-bretagne","12":"tag-chute","13":"tag-competition","14":"tag-coupe-de-france","15":"tag-coureur","16":"tag-course-cyclisme","17":"tag-course-cycliste","18":"tag-cycling","19":"tag-cyclisme","20":"tag-direct","21":"tag-direct-velo","22":"tag-directvelo","23":"tag-directvelo-com","24":"tag-epreuve","25":"tag-epreuve-cycliste","26":"tag-federation-francaise-de-cyclisme","27":"tag-ffc","28":"tag-flandres","29":"tag-fr","30":"tag-france","31":"tag-live","32":"tag-live-course","33":"tag-live-epreuve","34":"tag-peloton","35":"tag-radio-peloton","36":"tag-radio-tour","37":"tag-ravitaillement","38":"tag-relance","39":"tag-sports","40":"tag-uci","41":"tag-velo","42":"tag-velos"},"share_on_mastodon":{"url":"https:\/\/pubeurope.com\/@fr\/115554866111245439","error":""},"_links":{"self":[{"href":"https:\/\/www.europesays.com\/fr\/wp-json\/wp\/v2\/posts\/536410","targetHints":{"allow":["GET"]}}],"collection":[{"href":"https:\/\/www.europesays.com\/fr\/wp-json\/wp\/v2\/posts"}],"about":[{"href":"https:\/\/www.europesays.com\/fr\/wp-json\/wp\/v2\/types\/post"}],"author":[{"embeddable":true,"href":"https:\/\/www.europesays.com\/fr\/wp-json\/wp\/v2\/users\/2"}],"replies":[{"embeddable":true,"href":"https:\/\/www.europesays.com\/fr\/wp-json\/wp\/v2\/comments?post=536410"}],"version-history":[{"count":0,"href":"https:\/\/www.europesays.com\/fr\/wp-json\/wp\/v2\/posts\/536410\/revisions"}],"wp:featuredmedia":[{"embeddable":true,"href":"https:\/\/www.europesays.com\/fr\/wp-json\/wp\/v2\/media\/536411"}],"wp:attachment":[{"href":"https:\/\/www.europesays.com\/fr\/wp-json\/wp\/v2\/media?parent=536410"}],"wp:term":[{"taxonomy":"category","embeddable":true,"href":"https:\/\/www.europesays.com\/fr\/wp-json\/wp\/v2\/categories?post=536410"},{"taxonomy":"post_tag","embeddable":true,"href":"https:\/\/www.europesays.com\/fr\/wp-json\/wp\/v2\/tags?post=536410"}],"curies":[{"name":"wp","href":"https:\/\/api.w.org\/{rel}","templated":true}]}}