{"id":536416,"date":"2025-11-15T17:23:16","date_gmt":"2025-11-15T17:23:16","guid":{"rendered":"https:\/\/www.europesays.com\/fr\/536416\/"},"modified":"2025-11-15T17:23:16","modified_gmt":"2025-11-15T17:23:16","slug":"deux-artistes-aux-univers-bien-singuliers-a-decouvrir-dans-ce-petit-village-du-lot-et-garonne","status":"publish","type":"post","link":"https:\/\/www.europesays.com\/fr\/536416\/","title":{"rendered":"Deux artistes aux univers bien singuliers \u00e0 d\u00e9couvrir dans ce petit village du Lot-et-Garonne"},"content":{"rendered":"<p>                    Par<br \/>\n        <strong><br \/>\n            <a href=\"https:\/\/actu.fr\/auteur\/redaction-republicainmarmande\" title=\"Consulter tous les articles de R\u00e9daction Le R\u00e9publicain Marmande\" rel=\"nofollow noopener\" target=\"_blank\">R\u00e9daction Le R\u00e9publicain Marmande<\/a><br \/>\n                    <\/strong><\/p>\n<p>        Publi\u00e9 le<\/p>\n<p>            15 nov. 2025 \u00e0 8h56        <\/p>\n<p><b>Deux nouveaux talents sont programm\u00e9s<\/b> en ce mois de novembre\u00a02025 par <a href=\"https:\/\/actu.fr\/nouvelle-aquitaine\/escassefort_47088\/ces-deux-soeurs-lune-peintre-et-lautre-graphiste-exposent-dans-ce-petit-village-du-lot-et-garonne_61868875.html\" rel=\"nofollow noopener\" target=\"_blank\">l\u2019association Nuances<\/a> \u00e0 Escassefort, <a href=\"https:\/\/actu.fr\/le-republicain-lot-et-garonne\/\" rel=\"nofollow noopener\" target=\"_blank\">en Lot-et-Garonne<\/a>.<\/p>\n<p class=\" wall-content\">Il s\u2019agit de Sylvie Dufr\u00e9chou et M\u00e9laine Bourci\u00e9, <b>deux artistes aux univers bien singuliers<\/b> mais qui, pourtant, semblent se compl\u00e9ter.<\/p>\n<p>Des envies de Qu\u00e9bec<\/p>\n<p class=\" wall-content\">Sylvie Dufr\u00e9chou est d\u00e9j\u00e0 venue <a href=\"https:\/\/actu.fr\/nouvelle-aquitaine\/escassefort_47088\" rel=\"nofollow noopener\" target=\"_blank\">\u00e0 Escassefort<\/a> en 2013, elle signe L\u00e9on, s<b>urnom depuis son enfance<\/b>.<\/p>\n<p class=\" wall-content\">Ses toiles abstraites avaient fortement <b>impressionn\u00e9es le public.<\/b> Adolescente, elle d\u00e9bute dans la peinture en terminant un tableau \u00e0 l\u2019huile de son papa. Elle peindra pour elle durant quelques ann\u00e9es mais la vie et ses obligations l\u2019obligent \u00e0 laisser de c\u00f4t\u00e9 ses pinceaux.<\/p>\n<p class=\" wall-content\">En 2009, <b>le besoin de cr\u00e9er l\u2019emporte <\/b>sur certaines contraintes et la d\u00e9couverte de l\u2019acrylique fait le reste. Aujourd\u2019hui, elle poursuit son travail de recherche de lumi\u00e8re et de couleurs, toujours non figuratives.<\/p>\n<p>Vid\u00e9os : en ce moment sur Actu<\/p>\n<p class=\" wall-content\">Elle s\u2019inspire de ses voyages<b> en tentant de r\u00e9cr\u00e9er l\u2019atmosph\u00e8re du moment.<\/b> Et puis en observant de plus pr\u00e8s, quelque part se cache un peu d\u2019humanit\u00e9\u2009: un personnage toujours pr\u00e9sent.<\/p>\n<p class=\" wall-content\"><b>Elle expose dans des salons de la r\u00e9gion<\/b> et esp\u00e8re qu\u2019un jour elle pourra pr\u00e9senter enfin ses toiles au Qu\u00e9bec (une exposition toute pr\u00eate est rest\u00e9e coinc\u00e9e en France \u00e0 cause de probl\u00e8mes \u00e0 la douane).<\/p>\n<p>Votre r\u00e9gion, votre actu !<\/p>\n<p>Recevez chaque jour les infos qui comptent pour vous.<\/p>\n<p>\t<a href=\"https:\/\/actu.fr\/newsletter\" class=\"ac-btn ac-btn--corner ac-btn--medium ac-btn--blue800\" rel=\"nofollow noopener\" target=\"_blank\">S&rsquo;incrire<\/a><br \/>\nLe coup de c\u0153ur d\u2019Herv\u00e9 Renoult<\/p>\n<p class=\" wall-content\"><b>M\u00e9laine Bourci\u00e9<\/b> est le coup de c\u0153ur d\u2019Herv\u00e9 Renoult qui l\u2019a rencontr\u00e9e \u00e0 Marmande. Il faut dire que les toiles de cette jeune artiste sont surprenantes.<\/p>\n<p class=\" wall-content\">Surprenantes par leurs<b> tr\u00e8s grands formats de 2mx2m<\/b> mais aussi par les sujets trait\u00e9s, surprenantes par la ma\u00eetrise de l\u2019art.<\/p>\n<p class=\" wall-content\">D\u00e8s sa petite enfance,<b> elle dessine des portraits au charbon de bois<\/b> et des paysages en grand format. Il y a 3\u00a0ans, un besoin de s\u2019exprimer la pousse \u00e0 prendre les pinceaux.<\/p>\n<p>    <img   decoding=\"async\" loading=\"lazy\" class=\"size-large\" src=\"https:\/\/www.europesays.com\/fr\/wp-content\/uploads\/2025\/11\/0889c433bc096fb89c433bc096f89cv-960x640.jpg\" alt=\"Les artistes devant les toiles de M\u00e9laine (clownerie voulue)\" width=\"960\" height=\"640\"\/><br \/>\n    Les artistes faisant part de leur excentricit\u00e9 devant les toiles de M\u00e9laine. \u00a9Le R\u00e9publicain 47 \/ Nicole Labadie<\/p>\n<p class=\" wall-content\">Ouvri\u00e8re agricole, toutes ses \u00e9conomies et tout son temps libre sont d\u00e9vor\u00e9s par cette passion.<b> Les grands formats lui permettent de plonger dans la toile.<\/b> \u00ab\u2009Je m\u2019\u00e9chappe du mat\u00e9riel\u2009\u00bb, dit-elle.<\/p>\n<p class=\" wall-content\">Chaque toile porte un message d\u2019ouverture vers les autres. En parall\u00e8le, <b>M\u00e9laine cr\u00e9e au pastel sec ce qu\u2019elle appelle des \u00ab\u2009instantan\u00e9s\u2009\u00bb<\/b>\u2009: en noir et blanc des paysages stylis\u00e9s, plein d\u2019humour et d\u2019innocence. Le public pr\u00e9sent s\u2019est laiss\u00e9 s\u00e9duire.<\/p>\n<p class=\" wall-content\">Avec Nicole Labadie<\/p>\n<p>Exposition dans les salles de la mairie d\u2019Escassefort jusqu\u2019au 28 novembre 2025.\u00a0<\/p>\n<p class=\" wall-content\">Personnalisez votre actualit\u00e9 en ajoutant vos villes et m\u00e9dias en favori avec <a href=\"https:\/\/moncompte.actu.fr\" title=\"D\u00e9couvez Mon Actu\" rel=\"nofollow noopener\" data-trk=\"{&quot;cta&quot;:{&quot;action&quot;:&quot;https:\\\/\\\/moncompte.actu.fr&quot;,&quot;category&quot;:&quot;mon compte&quot;,&quot;from&quot;:&quot;article footer&quot;,&quot;name&quot;:&quot;Mon actu&quot;,&quot;type&quot;:&quot;cta&quot;}}\" target=\"_blank\">Mon Actu<\/a>.<\/p>\n","protected":false},"excerpt":{"rendered":"Par R\u00e9daction Le R\u00e9publicain Marmande Publi\u00e9 le 15 nov. 2025 \u00e0 8h56 Deux nouveaux talents sont programm\u00e9s en&hellip;\n","protected":false},"author":2,"featured_media":536417,"comment_status":"","ping_status":"","sticky":false,"template":"","format":"standard","meta":{"footnotes":""},"categories":[1358],"tags":[1348,1384,1385,1386,58,59,1349,1011,27,1652],"class_list":{"0":"post-536416","1":"post","2":"type-post","3":"status-publish","4":"format-standard","5":"has-post-thumbnail","7":"category-arts-et-design","8":"tag-arts","9":"tag-arts-and-design","10":"tag-arts-et-design","11":"tag-design","12":"tag-divertissement","13":"tag-entertainment","14":"tag-expositions","15":"tag-fr","16":"tag-france","17":"tag-loisirs-culture"},"share_on_mastodon":{"url":"https:\/\/pubeurope.com\/@fr\/115554878302851024","error":""},"_links":{"self":[{"href":"https:\/\/www.europesays.com\/fr\/wp-json\/wp\/v2\/posts\/536416","targetHints":{"allow":["GET"]}}],"collection":[{"href":"https:\/\/www.europesays.com\/fr\/wp-json\/wp\/v2\/posts"}],"about":[{"href":"https:\/\/www.europesays.com\/fr\/wp-json\/wp\/v2\/types\/post"}],"author":[{"embeddable":true,"href":"https:\/\/www.europesays.com\/fr\/wp-json\/wp\/v2\/users\/2"}],"replies":[{"embeddable":true,"href":"https:\/\/www.europesays.com\/fr\/wp-json\/wp\/v2\/comments?post=536416"}],"version-history":[{"count":0,"href":"https:\/\/www.europesays.com\/fr\/wp-json\/wp\/v2\/posts\/536416\/revisions"}],"wp:featuredmedia":[{"embeddable":true,"href":"https:\/\/www.europesays.com\/fr\/wp-json\/wp\/v2\/media\/536417"}],"wp:attachment":[{"href":"https:\/\/www.europesays.com\/fr\/wp-json\/wp\/v2\/media?parent=536416"}],"wp:term":[{"taxonomy":"category","embeddable":true,"href":"https:\/\/www.europesays.com\/fr\/wp-json\/wp\/v2\/categories?post=536416"},{"taxonomy":"post_tag","embeddable":true,"href":"https:\/\/www.europesays.com\/fr\/wp-json\/wp\/v2\/tags?post=536416"}],"curies":[{"name":"wp","href":"https:\/\/api.w.org\/{rel}","templated":true}]}}