{"id":536418,"date":"2025-11-15T17:25:14","date_gmt":"2025-11-15T17:25:14","guid":{"rendered":"https:\/\/www.europesays.com\/fr\/536418\/"},"modified":"2025-11-15T17:25:14","modified_gmt":"2025-11-15T17:25:14","slug":"alerte-a-la-bombe-levee-au-siege-de-bfmtv-les-equipes-reintegrent-les-locaux","status":"publish","type":"post","link":"https:\/\/www.europesays.com\/fr\/536418\/","title":{"rendered":"Alerte \u00e0 la bombe lev\u00e9e au si\u00e8ge de BFMTV, les \u00e9quipes r\u00e9int\u00e8grent les locaux"},"content":{"rendered":"<p>Les locaux du groupe RMC-BFM, situ\u00e9s dans le 15e arrondissement de Paris, ont \u00e9t\u00e9 \u00e9vacu\u00e9s samedi 15\u00a0novembre dans l\u2019apr\u00e8s-midi, et les directs des antennes suspendus durant plus de deux heures apr\u00e8s une \u00ab\u00a0alerte de s\u00e9curit\u00e9\u00a0\u00bb, ont annonc\u00e9 dans un premier temps RMC et BFMTV sur le r\u00e9seau social X, avant une lev\u00e9e de l\u2019alerte et une reprise d\u2019antenne en fin d\u2019apr\u00e8s-midi.<\/p>\n<p>La cha\u00eene a cess\u00e9 de diffuser \u00e0 15\u00a0h\u00a019 en raison d\u2019une alerte \u00e0 la bombe, avait pr\u00e9cis\u00e9 <a target=\"_blank\" href=\"https:\/\/www.leparisien.fr\/culture-loisirs\/tv\/alerte-a-la-bombe-chez-bfmtv-le-direct-interrompu-15-11-2025-2E2KSLBGZNBGTJ6MHEJ4G73WD4.php\" rel=\"noopener\">Le Parisien<\/a>. \u00ab\u00a0Nos locaux ont \u00e9t\u00e9 \u00e9vacu\u00e9s suite \u00e0 une alerte de s\u00e9curit\u00e9. Les forces de l\u2019ordre sont sur place pour mener les v\u00e9rifications. Nos programmes sont temporairement perturb\u00e9s sur l\u2019ensemble des antennes RMC BFM. Nos \u00e9quipes se mobilisent pour un retour \u00e0 l\u2019antenne au plus vite. Merci pour votre compr\u00e9hension\u00a0\u00bb, <a target=\"_blank\" href=\"https:\/\/x.com\/BFMTV\/status\/1989716889711341930\">\u00e9crivait la cha\u00eene sur X<\/a>.<\/p>\n<p>Cinq \u00e9quipes cynophiles<\/p>\n<p>Une publicit\u00e9 a \u00e9t\u00e9 lanc\u00e9e en catastrophe, suivie par la diffusion de documentaires. Toute la r\u00e9daction\u00a0a d\u00fb sortir du b\u00e2timent et le quartier a \u00e9t\u00e9 boucl\u00e9 sur ordre de la pr\u00e9fecture.\u00a0Cinq \u00e9quipes cynophiles ont \u00e9t\u00e9 d\u00e9p\u00each\u00e9es sur place pour inspecter l\u2019ensemble du b\u00e2timent, avant la lev\u00e9e de doute qui a pu \u00eatre d\u00e9termin\u00e9e vers 17\u00a0h\u00a035.<\/p>\n<p>Contact\u00e9, le groupe a simplement pr\u00e9cis\u00e9 que \u00ab\u00a0l\u2019ensemble des collaborateurs du groupe (avaient) \u00e9t\u00e9 \u00e9vacu\u00e9s par mesure de s\u00e9curit\u00e9\u00a0\u00bb, mais il n\u2019\u00e9tait pas en mesure de pr\u00e9ciser leur nombre exact. Les \u00e9quipes ont finalement pu r\u00e9int\u00e9grer les locaux. Le direct, lui, a finalement repris \u00e0 17\u00a0h\u00a050.<\/p>\n","protected":false},"excerpt":{"rendered":"Les locaux du groupe RMC-BFM, situ\u00e9s dans le 15e arrondissement de Paris, ont \u00e9t\u00e9 \u00e9vacu\u00e9s samedi 15\u00a0novembre dans&hellip;\n","protected":false},"author":2,"featured_media":536419,"comment_status":"","ping_status":"","sticky":false,"template":"","format":"standard","meta":{"footnotes":""},"categories":[1356],"tags":[328,58,59,274,1011,27,329,500,252,1364],"class_list":{"0":"post-536418","1":"post","2":"type-post","3":"status-publish","4":"format-standard","5":"has-post-thumbnail","7":"category-television","8":"tag-a-la-une","9":"tag-divertissement","10":"tag-entertainment","11":"tag-faits-divers-justice","12":"tag-fr","13":"tag-france","14":"tag-france-monde","15":"tag-medias","16":"tag-television","17":"tag-tv"},"share_on_mastodon":{"url":"https:\/\/pubeurope.com\/@fr\/115554885686967634","error":""},"_links":{"self":[{"href":"https:\/\/www.europesays.com\/fr\/wp-json\/wp\/v2\/posts\/536418","targetHints":{"allow":["GET"]}}],"collection":[{"href":"https:\/\/www.europesays.com\/fr\/wp-json\/wp\/v2\/posts"}],"about":[{"href":"https:\/\/www.europesays.com\/fr\/wp-json\/wp\/v2\/types\/post"}],"author":[{"embeddable":true,"href":"https:\/\/www.europesays.com\/fr\/wp-json\/wp\/v2\/users\/2"}],"replies":[{"embeddable":true,"href":"https:\/\/www.europesays.com\/fr\/wp-json\/wp\/v2\/comments?post=536418"}],"version-history":[{"count":0,"href":"https:\/\/www.europesays.com\/fr\/wp-json\/wp\/v2\/posts\/536418\/revisions"}],"wp:featuredmedia":[{"embeddable":true,"href":"https:\/\/www.europesays.com\/fr\/wp-json\/wp\/v2\/media\/536419"}],"wp:attachment":[{"href":"https:\/\/www.europesays.com\/fr\/wp-json\/wp\/v2\/media?parent=536418"}],"wp:term":[{"taxonomy":"category","embeddable":true,"href":"https:\/\/www.europesays.com\/fr\/wp-json\/wp\/v2\/categories?post=536418"},{"taxonomy":"post_tag","embeddable":true,"href":"https:\/\/www.europesays.com\/fr\/wp-json\/wp\/v2\/tags?post=536418"}],"curies":[{"name":"wp","href":"https:\/\/api.w.org\/{rel}","templated":true}]}}