{"id":536422,"date":"2025-11-15T17:27:16","date_gmt":"2025-11-15T17:27:16","guid":{"rendered":"https:\/\/www.europesays.com\/fr\/536422\/"},"modified":"2025-11-15T17:27:16","modified_gmt":"2025-11-15T17:27:16","slug":"le-prochain-film-a-trouve-ses-realisateurs-et-devrait-completement-renouveler-saga","status":"publish","type":"post","link":"https:\/\/www.europesays.com\/fr\/536422\/","title":{"rendered":"le prochain film a trouv\u00e9 ses r\u00e9alisateurs et devrait compl\u00e8tement renouveler saga"},"content":{"rendered":"<p><strong>Le nouveau <a href=\"https:\/\/www.ecranlarge.com\/films\/1027517-star-trek-4\" data-type=\"films\" data-id=\"687144\" rel=\"nofollow noopener\" target=\"_blank\">Star Trek<\/a> se pr\u00e9cise, avec un duo de r\u00e9alisateurs\/sc\u00e9naristes\/producteurs et une piste pour l\u2019avenir de la franchise <a href=\"https:\/\/www.ecranlarge.com\/personnalite\/1368250-paramount\" data-type=\"people\" data-id=\"902472\" rel=\"nofollow noopener\" target=\"_blank\">Paramount<\/a>.<\/strong><\/p>\n<p>La franchise <strong>Star Trek<\/strong> est au point mort. Apr\u00e8s la d\u00e9ception de <strong>Sans limites<\/strong> (budget de production de 185 millions de dollars, pour 158 millions de recettes domestiques et 343 millions dans le monde), le quatri\u00e8me opus de la nouvelle saga <strong>lanc\u00e9e par J.J. Abrams en 2009 a \u00e9t\u00e9 abandonn\u00e9<\/strong>. Le projet a vu passer plusieurs noms en vogue \u00e0 Hollywood, dont celui de Noah Hawley (showrunner de <strong>Fargo<\/strong> et d\u2019<strong>Alien : Earth<\/strong>) et de Matt Shakman (r\u00e9alisateur des <strong>4 Fantastiques : Premiers pas<\/strong>) avant de tout r\u00e9cemment confirmer sa fin de mission.<\/p>\n<p>                    <img decoding=\"async\" alt=\"\" class=\"wp-image-518375\" style=\"object-fit:cover;width:25px;height:25px\" src=\"https:\/\/www.ecranlarge.com\/content\/uploads\/2023\/09\/arrow-right-circle.svg\"\/><\/p>\n<p><a href=\"https:\/\/www.ecranlarge.com\/content\/uploads\/2024\/01\/star-trek-photo-zachary-quinto-chris-pine-1500429.jpg\" rel=\"nofollow noopener\" target=\"_blank\"><img loading=\"lazy\" decoding=\"async\" alt=\"Star Trek : photo, Zachary Quinto, Chris Pine\" class=\"wp-image-903176\" src=\"https:\/\/www.europesays.com\/fr\/wp-content\/uploads\/2025\/11\/star-trek-photo-zachary-quinto-chris-pine-1500429-630x262.jpg\" width=\"630\" height=\"262\"  \/><\/a>Adieu le duo Chris Pine\/Zachary QuintoStar Trek r\u00e9surrection<\/p>\n<p>Mais fans de la fameuse franchise de science-fiction, n\u2019ayez crainte : le prochain film de la saga commence \u00e0 se d\u00e9voiler et a m\u00eame trouv\u00e9, d\u2019apr\u00e8s un article de Deadline, <strong>son duo de r\u00e9alisateurs, <a href=\"https:\/\/www.ecranlarge.com\/personnalite\/981343-jonathan-goldstein\" data-type=\"people\" data-id=\"475832\" rel=\"nofollow noopener\" target=\"_blank\">Jonathan Goldstein<\/a> et <a href=\"https:\/\/www.ecranlarge.com\/personnalite\/668881-john-francis-daley\" data-type=\"people\" data-id=\"319378\" rel=\"nofollow noopener\" target=\"_blank\">John Francis Daley<\/a><\/strong>. Selon le m\u00e9dia am\u00e9ricain, Goldstein et Daley vont \u00e9galement \u00e9crire et produire ce nouvel opus pour la Paramount. La production sera assur\u00e9e via leur soci\u00e9t\u00e9 commune, GoldDay.<\/p>\n<p>Jonathan Goldstein et John Francis Daley sont connus en tant que sc\u00e9naristes pour avoir travaill\u00e9 sur les <strong>Comment tuer son boss ?<\/strong>, le <strong>Spider-Man: Homecoming<\/strong> de Marvel et l\u2019horrible <strong>The Flash<\/strong> de DC. C\u00f4t\u00e9 mise en sc\u00e8ne, ils ont r\u00e9alis\u00e9 les com\u00e9dies <strong>Vive les vacances<\/strong> et <strong>Game Night<\/strong>, ainsi que le sympathique <strong>Donjons &amp; Dragons : L\u2019Honneur des voleurs<\/strong>. Derni\u00e8rement, le duo a <strong>\u00e9crit, produit et r\u00e9alis\u00e9 la com\u00e9die d\u2019action Mayday<\/strong>, avec Ryan Reynolds et Kenneth Branagh, qui devrait sortir l\u2019ann\u00e9e prochaine.<\/p>\n<p><a href=\"https:\/\/www.ecranlarge.com\/content\/uploads\/2016\/05\/star-trek-sans-limites-bande-annonce-956984.jpg\" rel=\"nofollow noopener\" target=\"_blank\"><img loading=\"lazy\" decoding=\"async\" alt=\"Star Trek Sans limites : Photo Chris Pine\" class=\"wp-image-4032\" src=\"https:\/\/www.europesays.com\/fr\/wp-content\/uploads\/2025\/11\/star-trek-sans-limites-bande-annonce-956984-630x473.jpg\" width=\"630\" height=\"473\"  \/><\/a>Repartir pour de nouvelles aventures<\/p>\n<p>Aucun d\u00e9tail n\u2019a encore \u00e9t\u00e9 d\u00e9voil\u00e9 sur l\u2019intrigue de ce nouveau <strong>Star Trek<\/strong>. Cependant, toujours d\u2019apr\u00e8s des sources de Deadline, ce film sera <strong>ind\u00e9pendant du reste de la saga<\/strong>, donc sans lien avec quelconque long-m\u00e9trage ou s\u00e9rie d\u00e9j\u00e0 sortie. Tout en pr\u00e9cisant que l\u2019information n\u2019a pas encore \u00e9t\u00e9 confirm\u00e9e, le m\u00e9dia am\u00e9ricain avance \u00e9galement que ce nouveau <strong>Star Trek<\/strong> devrait introduire \u00e0 la franchise des personnages in\u00e9dits. Affaire \u00e0 suivre.<\/p>\n","protected":false},"excerpt":{"rendered":"Le nouveau Star Trek se pr\u00e9cise, avec un duo de r\u00e9alisateurs\/sc\u00e9naristes\/producteurs et une piste pour l\u2019avenir de la&hellip;\n","protected":false},"author":2,"featured_media":536423,"comment_status":"","ping_status":"","sticky":false,"template":"","format":"standard","meta":{"footnotes":""},"categories":[1354],"tags":[58,59,1346,1011,27,1360],"class_list":{"0":"post-536422","1":"post","2":"type-post","3":"status-publish","4":"format-standard","5":"has-post-thumbnail","7":"category-films","8":"tag-divertissement","9":"tag-entertainment","10":"tag-films","11":"tag-fr","12":"tag-france","13":"tag-movies"},"share_on_mastodon":{"url":"https:\/\/pubeurope.com\/@fr\/115554893887408918","error":""},"_links":{"self":[{"href":"https:\/\/www.europesays.com\/fr\/wp-json\/wp\/v2\/posts\/536422","targetHints":{"allow":["GET"]}}],"collection":[{"href":"https:\/\/www.europesays.com\/fr\/wp-json\/wp\/v2\/posts"}],"about":[{"href":"https:\/\/www.europesays.com\/fr\/wp-json\/wp\/v2\/types\/post"}],"author":[{"embeddable":true,"href":"https:\/\/www.europesays.com\/fr\/wp-json\/wp\/v2\/users\/2"}],"replies":[{"embeddable":true,"href":"https:\/\/www.europesays.com\/fr\/wp-json\/wp\/v2\/comments?post=536422"}],"version-history":[{"count":0,"href":"https:\/\/www.europesays.com\/fr\/wp-json\/wp\/v2\/posts\/536422\/revisions"}],"wp:featuredmedia":[{"embeddable":true,"href":"https:\/\/www.europesays.com\/fr\/wp-json\/wp\/v2\/media\/536423"}],"wp:attachment":[{"href":"https:\/\/www.europesays.com\/fr\/wp-json\/wp\/v2\/media?parent=536422"}],"wp:term":[{"taxonomy":"category","embeddable":true,"href":"https:\/\/www.europesays.com\/fr\/wp-json\/wp\/v2\/categories?post=536422"},{"taxonomy":"post_tag","embeddable":true,"href":"https:\/\/www.europesays.com\/fr\/wp-json\/wp\/v2\/tags?post=536422"}],"curies":[{"name":"wp","href":"https:\/\/api.w.org\/{rel}","templated":true}]}}