{"id":536424,"date":"2025-11-15T17:28:15","date_gmt":"2025-11-15T17:28:15","guid":{"rendered":"https:\/\/www.europesays.com\/fr\/536424\/"},"modified":"2025-11-15T17:28:15","modified_gmt":"2025-11-15T17:28:15","slug":"on-sait-enfin-ce-que-votre-cerveau-fait-quand-vous-sautez-le-petit-dejeuner","status":"publish","type":"post","link":"https:\/\/www.europesays.com\/fr\/536424\/","title":{"rendered":"On sait enfin ce que votre cerveau fait quand vous sautez le petit d\u00e9jeuner"},"content":{"rendered":"<p>Pour beaucoup d&rsquo;adultes, <a href=\"https:\/\/www.futura-sciences.com\/sante\/questions-reponses\/nutrition-sante-petit-dejeuner-ideal-8151\/\" title=\"Sant\u00e9 : quel est le petit d\u00e9jeuner id\u00e9al ?\" target=\"_blank\" rel=\"noopener\">le petit d\u00e9jeuner<\/a> est un rituel culturel, un moment pour \u00e9merger, reprendre ses rep\u00e8res et d\u00e9marrer la journ\u00e9e. Pourtant, derri\u00e8re cette habitude solidement install\u00e9e, une question persiste : a-t-on r\u00e9ellement besoin de manger le matin pour que le cerveau fonctionne \u00e0 plein r\u00e9gime ? Une vaste m\u00e9ta-analyse publi\u00e9e r\u00e9cemment dans <a href=\"https:\/\/psycnet.apa.org\/fulltext\/2026-76741-001.html\" title=\"Acute Effects of Fasting on Cognitive Performance: A Systematic Review and Meta-Analysis\" target=\"_blank\" rel=\"noopener\">Psychological Bulletin<\/a> vient nuancer cette id\u00e9e re\u00e7ue.<\/p>\n<p>Pourquoi le cerveau des adultes reste performant m\u00eame en sautant le petit d\u00e9jeuner<\/p>\n<p>Les auteurs ont analys\u00e9 les dossiers de plus de 3\u202f400 patients, \u00e9valuant <a href=\"https:\/\/www.futura-sciences.com\/sante\/actualites\/cerveau-peut-on-vraiment-saturer-memoire-son-cerveau-neuroscientifiques-repondent-125199\/\" title=\"Peut-on vraiment saturer la m\u00e9moire de son cerveau ? Les neuroscientifiques r\u00e9pondent\" target=\"_blank\" rel=\"noopener\">m\u00e9moire<\/a>, attention, raisonnement ou planification. Leur conclusion ? La diff\u00e9rence entre les participants ayant mang\u00e9 et ceux rest\u00e9s \u00e0 jeun ne d\u00e9passe pas 0,02 unit\u00e9 standard, une variation tellement faible qu&rsquo;elle en devient insignifiante.<\/p>\n<p>Derri\u00e8re ce r\u00e9sultat se cache une m\u00e9canique bien connue : la capacit\u00e9 du <a href=\"https:\/\/www.futura-sciences.com\/sante\/dossiers\/medecine-voyage-cerveau-525\/\" title=\"Voyage dans le cerveau\" target=\"_blank\" rel=\"noopener\">cerveau<\/a>\u00a0\u00e0 changer de source d&rsquo;<a href=\"https:\/\/www.futura-sciences.com\/sciences\/definitions\/energie-energie-15884\/\" target=\"_blank\" rel=\"noopener\">\u00e9nergie<\/a>. Habituellement aliment\u00e9 par le glucose, il bascule vers les <a href=\"https:\/\/www.futura-sciences.com\/sciences\/definitions\/chimie-cetone-683\/\" target=\"_blank\" rel=\"noopener\">c\u00e9tones<\/a>, issues de la d\u00e9gradation des graisses, apr\u00e8s 12 \u00e0 16 heures de je\u00fbne l\u00e9ger. Cette transition n&rsquo;a rien d&rsquo;exceptionnel\u00a0: elle fait partie de nos adaptations \u00e9volutives, permettant de rester alerte m\u00eame en l&rsquo;absence d&rsquo;alimentation imm\u00e9diate.<\/p>\n<p>La seule situation o\u00f9 le je\u00fbne semble troubler les r\u00e9sultats concerne les t\u00e2ches impliquant des images d&rsquo;aliments. La faim orientant naturellement l&rsquo;attention vers ce qui manque, ces tests en p\u00e2tissent. Pour toutes les activit\u00e9s neutres, en revanche, les performances restent stables.<\/p>\n<p>Petit d\u00e9jeuner et enfants : pourquoi le premier repas reste crucial pour eux<\/p>\n<p>L&rsquo;ensemble des \u00e9tudes regroup\u00e9es concerne des adultes, et c&rsquo;est l\u00e0 une nuance essentielle. Les chercheurs rappellent que les conclusions ne doivent pas \u00eatre appliqu\u00e9es automatiquement aux plus jeunes. Le cerveau des enfants, encore en d\u00e9veloppement, n&rsquo;a pas la m\u00eame stabilit\u00e9 \u00e9nerg\u00e9tique.<\/p>\n<p><a href=\"https:\/\/pmc.ncbi.nlm.nih.gov\/articles\/PMC3737458\/\" title=\"The effects of breakfast on behavior and academic performance in children and adolescents\" target=\"_blank\" rel=\"noopener\">Les travaux disponibles<\/a>, y compris ceux analysant des milliers d&rsquo;\u00e9l\u00e8ves, montrent qu&rsquo;un petit d\u00e9jeuner am\u00e9liore la concentration, l&rsquo;attention et la participation scolaire, surtout chez les enfants fragiles sur le plan nutritionnel. Autrement dit, si l&rsquo;absence de repas n&rsquo;affecte pas la cognition des adultes, elle peut r\u00e9ellement influencer celle des plus jeunes.<\/p>\n<p class=\"fs-media\">\n<p><img decoding=\"async\" data-imgid=\"full\" src=\"https:\/\/www.europesays.com\/fr\/wp-content\/uploads\/2025\/11\/cafe-imc-poids-genetique.png\" width=\"1080\" height=\"720\" alt=\"\" loading=\"lazy\"\/><br \/>\nLe je\u00fbne intermittent consiste \u00e0 alterner des phases de prise alimentaire et des p\u00e9riodes sans manger, souvent de 14 \u00e0 16 heures. Durant le je\u00fbne, les boissons non caloriques comme l\u2019eau, le caf\u00e9 ou le th\u00e9 restent autoris\u00e9es. \u00a9 StefaNikolic, iStock<\/p>\n<p>Je\u00fbne intermittent : des inqui\u00e9tudes moins fond\u00e9es qu\u2019on le pense<\/p>\n<p>Ces conclusions apportent aussi des r\u00e9ponses \u00e0 un autre d\u00e9bat contemporain : <a href=\"https:\/\/www.futura-sciences.com\/sante\/actualites\/cerveau-decouverte-surprenante-jeune-influence-zone-cle-votre-cerveau-122569\/\" title=\"Une d\u00e9couverte surprenante : le je\u00fbne influence une zone cl\u00e9 de votre cerveau\" target=\"_blank\" rel=\"noopener\">le je\u00fbne intermittent<\/a> nuit-il aux facult\u00e9s mentales ? D&rsquo;apr\u00e8s les donn\u00e9es disponibles, rien ne permet de l&rsquo;affirmer. Les adultes pratiquant r\u00e9guli\u00e8rement un je\u00fbne de 14 \u00e0 16 heures ne pr\u00e9sentent pas de d\u00e9ficits cognitifs.\u00a0<\/p>\n<p>En outre, selon une autre \u00e9tude parue dans <a href=\"https:\/\/pubmed.ncbi.nlm.nih.gov\/27810402\/\" title=\"Impact of intermittent fasting on health and disease processes\" target=\"_blank\" rel=\"noopener\">National Library of Medicine<\/a>, le je\u00fbne active l&rsquo;<a href=\"https:\/\/www.futura-sciences.com\/sante\/definitions\/biologie-autophagie-13142\/\" target=\"_blank\" rel=\"noopener\">autophagie<\/a>, le syst\u00e8me interne de <a href=\"https:\/\/www.futura-sciences.com\/planete\/definitions\/developpement-durable-recyclage-5774\/\" target=\"_blank\" rel=\"noopener\">recyclage<\/a> cellulaire, associ\u00e9 \u00e0 une meilleure fonction et \u00e0 une long\u00e9vit\u00e9 accrue. Sur le plan m\u00e9tabolique, il peut am\u00e9liorer la sensibilit\u00e9 \u00e0 l&rsquo;<a href=\"https:\/\/www.futura-sciences.com\/sante\/definitions\/medecine-insuline-173\/\" target=\"_blank\" rel=\"noopener\">insuline<\/a>, ce qui favorise une gestion \u00e9nerg\u00e9tique plus stable.<\/p>\n<p>En conclusion, le petit d\u00e9jeuner reste un plaisir, un confort ou un rep\u00e8re pour beaucoup, mais il n&rsquo;est pas indispensable au bon fonctionnement c\u00e9r\u00e9bral des adultes. Si vous d\u00e9calez votre premier repas, votre cerveau saura s&rsquo;adapter.<\/p>\n","protected":false},"excerpt":{"rendered":"Pour beaucoup d&rsquo;adultes, le petit d\u00e9jeuner est un rituel culturel, un moment pour \u00e9merger, reprendre ses rep\u00e8res et&hellip;\n","protected":false},"author":2,"featured_media":536425,"comment_status":"","ping_status":"","sticky":false,"template":"","format":"standard","meta":{"footnotes":""},"categories":[10],"tags":[258,24500,231,65576,65577,1011,27,72,3913,280,34340,71,65579,65578],"class_list":{"0":"post-536424","1":"post","2":"type-post","3":"status-publish","4":"format-standard","5":"has-post-thumbnail","7":"category-sante","8":"tag-alimentation","9":"tag-attention","10":"tag-cerveau","11":"tag-cetone","12":"tag-deficit-cognitif","13":"tag-fr","14":"tag-france","15":"tag-health","16":"tag-jeune","17":"tag-memoire","18":"tag-petit-dejeuner","19":"tag-sante","20":"tag-sauter-le-petit-dejeuner","21":"tag-sensibilite-a-linsuline"},"share_on_mastodon":{"url":"https:\/\/pubeurope.com\/@fr\/115554897875620620","error":""},"_links":{"self":[{"href":"https:\/\/www.europesays.com\/fr\/wp-json\/wp\/v2\/posts\/536424","targetHints":{"allow":["GET"]}}],"collection":[{"href":"https:\/\/www.europesays.com\/fr\/wp-json\/wp\/v2\/posts"}],"about":[{"href":"https:\/\/www.europesays.com\/fr\/wp-json\/wp\/v2\/types\/post"}],"author":[{"embeddable":true,"href":"https:\/\/www.europesays.com\/fr\/wp-json\/wp\/v2\/users\/2"}],"replies":[{"embeddable":true,"href":"https:\/\/www.europesays.com\/fr\/wp-json\/wp\/v2\/comments?post=536424"}],"version-history":[{"count":0,"href":"https:\/\/www.europesays.com\/fr\/wp-json\/wp\/v2\/posts\/536424\/revisions"}],"wp:featuredmedia":[{"embeddable":true,"href":"https:\/\/www.europesays.com\/fr\/wp-json\/wp\/v2\/media\/536425"}],"wp:attachment":[{"href":"https:\/\/www.europesays.com\/fr\/wp-json\/wp\/v2\/media?parent=536424"}],"wp:term":[{"taxonomy":"category","embeddable":true,"href":"https:\/\/www.europesays.com\/fr\/wp-json\/wp\/v2\/categories?post=536424"},{"taxonomy":"post_tag","embeddable":true,"href":"https:\/\/www.europesays.com\/fr\/wp-json\/wp\/v2\/tags?post=536424"}],"curies":[{"name":"wp","href":"https:\/\/api.w.org\/{rel}","templated":true}]}}