{"id":536440,"date":"2025-11-15T17:37:13","date_gmt":"2025-11-15T17:37:13","guid":{"rendered":"https:\/\/www.europesays.com\/fr\/536440\/"},"modified":"2025-11-15T17:37:13","modified_gmt":"2025-11-15T17:37:13","slug":"asse-mercato-les-supporters-stephanois-ont-vu-debarquer-lionel-messi-a-saint-etienne","status":"publish","type":"post","link":"https:\/\/www.europesays.com\/fr\/536440\/","title":{"rendered":"ASSE Mercato\u00a0: les supporters st\u00e9phanois ont vu d\u00e9barquer Lionel Messi \u00e0 Saint-Etienne\u00a0!"},"content":{"rendered":"<p><strong>C\u2019est le p\u00e8re de Lucas Stassin qui le dit\u2026<\/strong><\/p>\n<p>St\u00e9phane Stassin, le p\u00e8re de Lucas Stassin, a accord\u00e9 un entretien au journaliste belge Sacha Tavolieri, qui sera diffus\u00e9e ce dimanche matin. Le teasing laisse entrevoir un bon coup de pression du clan Stassin \u00e0 l\u2019approche du Merczato puisqu\u2019il indique que St\u00e9phane Stassin fera des r\u00e9v\u00e9lations sur le dernier Mercato estival, le \u00ab\u00a0transfert avort\u00e9\u00a0\u00bb de son fils, et \u00ab\u00a0l\u2019attitude de l\u2019ASSE\u00a0\u00bb. Voil\u00e0 qui promet, le journaliste invitant les internautes \u00e0 savourer l\u2019entretien avec des pop corns.<\/p>\n<p>Le p\u00e8re de Stassin est revenu sur la grosse pression ressentie au moment du transfert<\/p>\n<p>Dans cette attente, un extrait a \u00e9t\u00e9 mis en ligne. St\u00e9phane Stassin \u00e9voque l\u2019arriv\u00e9e de son fils dans le Forez. \u00ab\u00a0Lucas est arriv\u00e9 avec l\u2019\u00e9tiquette du transfert le plus cher de l\u2019histoire de Saint-Etienne. Ils ont des supporters incroyables Saint-Etienne, c\u2019est quelque chose, allez voir un match. Il y avait un tel engouement par rapport \u00e0 la venue de Lucas. Les supporters, ils pensaient que c\u2019\u00e9tait Lionel Messi qui arrivait \u00e0 Saint-Etienne\u00a0! Ohh, Lucas il a du potentiel, une marge de progression, mais il est encore loin du ph\u00e9nom\u00e8ne\u00a0!\u00a0\u00bb Et \u00e0 lui d\u2019ajouter\u2026 \u00ab\u00a0Le club avait dit qu\u2019il allait prendre son temps avec Lucas mais c\u2019est tr\u00e8s m\u00e9diatis\u00e9, il y a une telle pression mais c\u2019est normal, c\u2019est leur vie, c\u2019est une religion le foot. Mais les supporters s\u2019attendaient \u00e0 ce que Lucas mette un doubl\u00e9 d\u00e8s le samedi alors que c\u2019\u00e9tait pas, voil\u00e0\u2026.\u00a0\u00bb Ils s\u2019attendent surtout, aujourd\u2019hui, \u00e0 ce que son p\u00e8re mette la pression pour que la porte s\u2019ouvre cet hiver\u2026<\/p>\n","protected":false},"excerpt":{"rendered":"C\u2019est le p\u00e8re de Lucas Stassin qui le dit\u2026 St\u00e9phane Stassin, le p\u00e8re de Lucas Stassin, a accord\u00e9&hellip;\n","protected":false},"author":2,"featured_media":536441,"comment_status":"","ping_status":"","sticky":false,"template":"","format":"standard","meta":{"footnotes":""},"categories":[9653],"tags":[1111,11,2430,448,1777,674,63,1011,27,66,3388,12,25,4001,10662],"class_list":{"0":"post-536440","1":"post","2":"type-post","3":"status-publish","4":"format-standard","5":"has-post-thumbnail","7":"category-saint-etienne","8":"tag-actu","9":"tag-actualites","10":"tag-auvergne-rhone-alpes","11":"tag-champions-league","12":"tag-eu","13":"tag-europe","14":"tag-football","15":"tag-fr","16":"tag-france","17":"tag-ligue-1","18":"tag-matchs","19":"tag-news","20":"tag-republique-francaise","21":"tag-saint-etienne","22":"tag-transferts"},"share_on_mastodon":{"url":"https:\/\/pubeurope.com\/@fr\/115554932702852273","error":""},"_links":{"self":[{"href":"https:\/\/www.europesays.com\/fr\/wp-json\/wp\/v2\/posts\/536440","targetHints":{"allow":["GET"]}}],"collection":[{"href":"https:\/\/www.europesays.com\/fr\/wp-json\/wp\/v2\/posts"}],"about":[{"href":"https:\/\/www.europesays.com\/fr\/wp-json\/wp\/v2\/types\/post"}],"author":[{"embeddable":true,"href":"https:\/\/www.europesays.com\/fr\/wp-json\/wp\/v2\/users\/2"}],"replies":[{"embeddable":true,"href":"https:\/\/www.europesays.com\/fr\/wp-json\/wp\/v2\/comments?post=536440"}],"version-history":[{"count":0,"href":"https:\/\/www.europesays.com\/fr\/wp-json\/wp\/v2\/posts\/536440\/revisions"}],"wp:featuredmedia":[{"embeddable":true,"href":"https:\/\/www.europesays.com\/fr\/wp-json\/wp\/v2\/media\/536441"}],"wp:attachment":[{"href":"https:\/\/www.europesays.com\/fr\/wp-json\/wp\/v2\/media?parent=536440"}],"wp:term":[{"taxonomy":"category","embeddable":true,"href":"https:\/\/www.europesays.com\/fr\/wp-json\/wp\/v2\/categories?post=536440"},{"taxonomy":"post_tag","embeddable":true,"href":"https:\/\/www.europesays.com\/fr\/wp-json\/wp\/v2\/tags?post=536440"}],"curies":[{"name":"wp","href":"https:\/\/api.w.org\/{rel}","templated":true}]}}