{"id":536450,"date":"2025-11-15T17:45:11","date_gmt":"2025-11-15T17:45:11","guid":{"rendered":"https:\/\/www.europesays.com\/fr\/536450\/"},"modified":"2025-11-15T17:45:11","modified_gmt":"2025-11-15T17:45:11","slug":"quand-la-mort-de-mamadou-ouvre-le-debat-a-darnetal","status":"publish","type":"post","link":"https:\/\/www.europesays.com\/fr\/536450\/","title":{"rendered":"quand la mort de Mamadou ouvre le d\u00e9bat \u00e0 Darn\u00e9tal"},"content":{"rendered":"<p>                    Par<br \/>\n        <strong><br \/>\n            <a href=\"https:\/\/actu.fr\/auteur\/laredaction\" title=\"Consulter tous les articles de R\u00e9daction Normandie\" rel=\"nofollow noopener\" target=\"_blank\">R\u00e9daction Normandie<\/a><br \/>\n                    <\/strong><\/p>\n<p>        Publi\u00e9 le<\/p>\n<p>            15 nov. 2025 \u00e0 17h38        <\/p>\n<p>Le 17 septembre, <a href=\"https:\/\/actu.fr\/normandie\/darnetal_76212\/pres-de-rouen-mamadou-garanke-jeune-boucher-sous-le-coup-d-une-oqtf-meurt-en-tentant-de-quitter-la-france_63244919.html\" rel=\"nofollow noopener\" target=\"_blank\">la mort de Mamadou Garank\u00e9 Diallo<\/a>, le jeune Guin\u00e9en <strong>qui travaillait dans une boucherie \u00e0 Darn\u00e9tal<\/strong>, a profond\u00e9ment marqu\u00e9 la ville. L\u2019association Vivre ensemble \u00e0 Darn\u00e9tal a, elle aussi, \u00e9t\u00e9 tr\u00e8s touch\u00e9e de ce d\u00e9c\u00e8s : elle lui avait apport\u00e9 son soutien lors de son combat face \u00e0 une obligation de quitter le territoire fran\u00e7ais (OQTF) prononc\u00e9e par la pr\u00e9fecture de la Seine-Maritime.<\/p>\n<p>Comprendre ce qu\u2019est une OQTF<\/p>\n<p class=\" wall-content\">Dans le cadre d\u2019un \u00ab Caf\u00e9 citoyen \u00bb, de moments d\u2019\u00e9changes et de r\u00e9flexion, lundi 3 novembre dernier, au restaurant Le Bosphore, la pr\u00e9sidente Patricia Kowalczyk a invit\u00e9 Jacqueline Madeline, Anne-Marie Arnmark et Adriana Masse Machado des associations Welcome et Locami \u00e0 revenir sur ce \u00ab qu\u2019est une OQTF \u00bb. Une r\u00e9f\u00e9rence \u00e0 Albert Camus, qui disait que \u00ab mal nommer les choses, c\u2019est ajouter au malheur du monde \u00bb.<\/p>\n<p class=\" wall-content\">Au cours des conversations, l\u2019assistance a appris que 138 000 OQTF ont \u00e9t\u00e9 prononc\u00e9es en 2023 en France, pour 22 000 titres de s\u00e9jour accord\u00e9s. \u00ab Des OQTF peuvent \u00eatre prononc\u00e9es sans d\u00e9lai, sous 48 heures ou 30 jours. \u00bb Les sp\u00e9cialistes ont d\u00e9velopp\u00e9 les modalit\u00e9s administratives, celles de mises en ex\u00e9cution, sur le Centre de r\u00e9tention administrative (CRA) de Oissel et sur la Cour d\u2019appel de Douai qui \u00ab co\u00fbte 3 000 euros pour chaque pr\u00e9sentation o\u00f9 les trois quarts du temps le pr\u00e9fet gagne. Un tas de difficult\u00e9s pour les personnes qui veulent se r\u00e9gulariser. Voil\u00e0 pourquoi beaucoup de migrants n\u2019osent pas faire une demande pour ne pas se retrouver sous les radars. C\u2019est une mani\u00e8re de b\u00e2illonner les \u00e9trangers. C\u2019est tr\u00e8s efficace \u00bb, ont plaid\u00e9 les militants.<\/p>\n<p>\u00ab On transforme des personnes en hors-la-loi \u00bb<\/p>\n<p class=\" wall-content\">Au final, \u00ab on transforme des personnes en hors-la-loi. Elles sortent des clous alors que certaines \u00e9taient parfaitement int\u00e9gr\u00e9es. La France fabrique des d\u00e9linquants. C\u2019est un choix politique malveillant et bien organis\u00e9 \u00bb, ont d\u00e9nonc\u00e9 les intervenants, avant d\u2019\u00e9voquer le cas de Mamadou. \u00ab<strong> Il a subi une OQTF de mort<\/strong>. C\u2019est cette d\u00e9cision qui l\u2019a amen\u00e9 \u00e0 ce destin tragique. On lui a reproch\u00e9 de ne pas avoir d\u2019attaches dans notre pays alors que son patron et nous, nous \u00e9tions derri\u00e8re lui \u00bb, ont soulign\u00e9 les membres de l\u2019association, convaincue que s\u2019il a tent\u00e9 de fuir en Angleterre, c\u2019est parce qu\u2019il \u00ab a compris qu\u2019on ne voulait pas de lui en France. Il a choisi ce pays pour la langue, des connaissances, la facilit\u00e9 de travailler. Il a surtout compris que la pr\u00e9fecture ne le l\u00e2cherait pas. Comme Darn\u00e9tal, il a choisi l\u2019Angleterre en se disant pourquoi pas ? \u00bb.<\/p>\n<p>Suivez l\u2019actualit\u00e9 de Rouen <a href=\"https:\/\/www.whatsapp.com\/channel\/0029VaKfnf99hXF2ddApFB1D\" rel=\"nofollow noopener\" target=\"_blank\">sur notre cha\u00eene WhatsApp<\/a> et <a href=\"https:\/\/www.tiktok.com\/@76actu.fr?lang=fr\" rel=\"nofollow noopener\" target=\"_blank\">sur notre compte TikTok<\/a><\/p>\n<p class=\" wall-content\">Personnalisez votre actualit\u00e9 en ajoutant vos villes et m\u00e9dias en favori avec <a href=\"https:\/\/moncompte.actu.fr\" title=\"D\u00e9couvez Mon Actu\" rel=\"nofollow noopener\" data-trk=\"{&quot;cta&quot;:{&quot;action&quot;:&quot;https:\\\/\\\/moncompte.actu.fr&quot;,&quot;category&quot;:&quot;mon compte&quot;,&quot;from&quot;:&quot;article footer&quot;,&quot;name&quot;:&quot;Mon actu&quot;,&quot;type&quot;:&quot;cta&quot;}}\" target=\"_blank\">Mon Actu<\/a>.<\/p>\n<p>                    <script async src=\"\/\/www.tiktok.com\/embed.js\"><\/script><\/p>\n","protected":false},"excerpt":{"rendered":"Par R\u00e9daction Normandie Publi\u00e9 le 15 nov. 2025 \u00e0 17h38 Le 17 septembre, la mort de Mamadou Garank\u00e9&hellip;\n","protected":false},"author":2,"featured_media":536451,"comment_status":"","ping_status":"","sticky":false,"template":"","format":"standard","meta":{"footnotes":""},"categories":[9587],"tags":[1111,11,1777,674,1011,27,1061,12,5161,25,9590,104],"class_list":{"0":"post-536450","1":"post","2":"type-post","3":"status-publish","4":"format-standard","5":"has-post-thumbnail","7":"category-rouen","8":"tag-actu","9":"tag-actualites","10":"tag-eu","11":"tag-europe","12":"tag-fr","13":"tag-france","14":"tag-immigration","15":"tag-news","16":"tag-normandie","17":"tag-republique-francaise","18":"tag-rouen","19":"tag-societe"},"share_on_mastodon":{"url":"https:\/\/pubeurope.com\/@fr\/115554964319836115","error":""},"_links":{"self":[{"href":"https:\/\/www.europesays.com\/fr\/wp-json\/wp\/v2\/posts\/536450","targetHints":{"allow":["GET"]}}],"collection":[{"href":"https:\/\/www.europesays.com\/fr\/wp-json\/wp\/v2\/posts"}],"about":[{"href":"https:\/\/www.europesays.com\/fr\/wp-json\/wp\/v2\/types\/post"}],"author":[{"embeddable":true,"href":"https:\/\/www.europesays.com\/fr\/wp-json\/wp\/v2\/users\/2"}],"replies":[{"embeddable":true,"href":"https:\/\/www.europesays.com\/fr\/wp-json\/wp\/v2\/comments?post=536450"}],"version-history":[{"count":0,"href":"https:\/\/www.europesays.com\/fr\/wp-json\/wp\/v2\/posts\/536450\/revisions"}],"wp:featuredmedia":[{"embeddable":true,"href":"https:\/\/www.europesays.com\/fr\/wp-json\/wp\/v2\/media\/536451"}],"wp:attachment":[{"href":"https:\/\/www.europesays.com\/fr\/wp-json\/wp\/v2\/media?parent=536450"}],"wp:term":[{"taxonomy":"category","embeddable":true,"href":"https:\/\/www.europesays.com\/fr\/wp-json\/wp\/v2\/categories?post=536450"},{"taxonomy":"post_tag","embeddable":true,"href":"https:\/\/www.europesays.com\/fr\/wp-json\/wp\/v2\/tags?post=536450"}],"curies":[{"name":"wp","href":"https:\/\/api.w.org\/{rel}","templated":true}]}}