{"id":536452,"date":"2025-11-15T17:46:13","date_gmt":"2025-11-15T17:46:13","guid":{"rendered":"https:\/\/www.europesays.com\/fr\/536452\/"},"modified":"2025-11-15T17:46:13","modified_gmt":"2025-11-15T17:46:13","slug":"gagnez-vos-places-pour-equi-seine","status":"publish","type":"post","link":"https:\/\/www.europesays.com\/fr\/536452\/","title":{"rendered":"gagnez vos places pour \u00c9qui Seine\u00a0!"},"content":{"rendered":"<p>                    Par<br \/>\n        <strong><br \/>\n            <a href=\"https:\/\/actu.fr\/auteur\/julien-bouteiller\" title=\"Consulter tous les articles de Julien Bouteiller\" target=\"_blank\" rel=\"noopener\">Julien Bouteiller<\/a><br \/>\n                    <\/strong><\/p>\n<p>        Publi\u00e9 le<\/p>\n<p>            15 nov. 2025 \u00e0 17h45        <\/p>\n<p>C\u2019est devenu un rendez-vous incontournable pour les amateurs d\u2019hippisme. Du 20 au 23\u00a0novembre 2025, <a href=\"https:\/\/actu.fr\/tag\/parc-expo-de-rouen\" target=\"_blank\" rel=\"noopener\">le Parc Expo de Rouen<\/a> re\u00e7oit <strong>la 25e \u00e9dition d\u2019\u00c9qui Seine.<\/strong><\/p>\n<p class=\" wall-content\">Le Jumping international de Rouen attire<strong> parmi les meilleurs cavaliers mondiaux<\/strong> et promet du grand spectacle aux spectateurs. Et \u00e7a tombe bien car <strong>nous vous faisons gagner des places pour y assister.<\/strong><\/p>\n<p>Gagnez vos places pour \u00c9qui Seine<\/p>\n<p class=\" wall-content\">Vos m\u00e9dias C\u00f4t\u00e9 Rouen et 76actu vous offrent vos places pour l\u2019ouverture de la 25e \u00e9dition d\u2019\u00c9qui seine pr\u00e9vue au Parc des Expositions de Rouen.<\/p>\n<p class=\" wall-content\">Pour tenter votre chance, inscrivez-vous ci-dessous afin de participer au tirage au sort pr\u00e9vu mercredi 19\u00a0novembre \u00e0 18h. Les gagnants seront contact\u00e9s par Guillaume par mail et t\u00e9l\u00e9phone.<\/p>\n<p>    <a href=\"https:\/\/docs.google.com\/forms\/d\/e\/1FAIpQLScLrLoxmGCsp586C_yAKbwYDewv6YwUnxo9Mjr6DyjdZ94erw\/viewform?embedded=true\" title=\"Ouvrie le lien\" target=\"_blank\" rel=\"noopener\">Cliquez ici pour visualiser le contenu<\/a><\/p>\n<p><a href=\"https:\/\/www.equiseine.fr\/\" target=\"_blank\" rel=\"noopener\">Toutes les infos sur \u00c9qui Seine<\/a>Vid\u00e9os : en ce moment sur ActuSuivez l\u2019actualit\u00e9 de Rouen <a href=\"https:\/\/www.whatsapp.com\/channel\/0029VaKfnf99hXF2ddApFB1D\" target=\"_blank\" rel=\"noopener\">sur notre cha\u00eene WhatsApp<\/a> et <a href=\"https:\/\/www.tiktok.com\/@76actu.fr?lang=fr\" target=\"_blank\" rel=\"noopener\">sur notre compte TikTok<\/a><\/p>\n<p class=\" wall-content\">Personnalisez votre actualit\u00e9 en ajoutant vos villes et m\u00e9dias en favori avec <a href=\"https:\/\/moncompte.actu.fr\" title=\"D\u00e9couvez Mon Actu\" rel=\"nofollow noopener\" data-trk=\"{&quot;cta&quot;:{&quot;action&quot;:&quot;https:\\\/\\\/moncompte.actu.fr&quot;,&quot;category&quot;:&quot;mon compte&quot;,&quot;from&quot;:&quot;article footer&quot;,&quot;name&quot;:&quot;Mon actu&quot;,&quot;type&quot;:&quot;cta&quot;}}\" target=\"_blank\">Mon Actu<\/a>.<\/p>\n<p>                    <script async src=\"\/\/www.tiktok.com\/embed.js\"><\/script><\/p>\n","protected":false},"excerpt":{"rendered":"Par Julien Bouteiller Publi\u00e9 le 15 nov. 2025 \u00e0 17h45 C\u2019est devenu un rendez-vous incontournable pour les amateurs&hellip;\n","protected":false},"author":2,"featured_media":536453,"comment_status":"","ping_status":"","sticky":false,"template":"","format":"standard","meta":{"footnotes":""},"categories":[9587],"tags":[1111,11,9086,14131,1777,674,1011,27,1652,12,5161,9636,25,9590],"class_list":{"0":"post-536452","1":"post","2":"type-post","3":"status-publish","4":"format-standard","5":"has-post-thumbnail","7":"category-rouen","8":"tag-actu","9":"tag-actualites","10":"tag-bon-plan-a-rouen","11":"tag-courses-hippiques","12":"tag-eu","13":"tag-europe","14":"tag-fr","15":"tag-france","16":"tag-loisirs-culture","17":"tag-news","18":"tag-normandie","19":"tag-parc-expo-de-rouen","20":"tag-republique-francaise","21":"tag-rouen"},"share_on_mastodon":{"url":"https:\/\/pubeurope.com\/@fr\/115554968178322991","error":""},"_links":{"self":[{"href":"https:\/\/www.europesays.com\/fr\/wp-json\/wp\/v2\/posts\/536452","targetHints":{"allow":["GET"]}}],"collection":[{"href":"https:\/\/www.europesays.com\/fr\/wp-json\/wp\/v2\/posts"}],"about":[{"href":"https:\/\/www.europesays.com\/fr\/wp-json\/wp\/v2\/types\/post"}],"author":[{"embeddable":true,"href":"https:\/\/www.europesays.com\/fr\/wp-json\/wp\/v2\/users\/2"}],"replies":[{"embeddable":true,"href":"https:\/\/www.europesays.com\/fr\/wp-json\/wp\/v2\/comments?post=536452"}],"version-history":[{"count":0,"href":"https:\/\/www.europesays.com\/fr\/wp-json\/wp\/v2\/posts\/536452\/revisions"}],"wp:featuredmedia":[{"embeddable":true,"href":"https:\/\/www.europesays.com\/fr\/wp-json\/wp\/v2\/media\/536453"}],"wp:attachment":[{"href":"https:\/\/www.europesays.com\/fr\/wp-json\/wp\/v2\/media?parent=536452"}],"wp:term":[{"taxonomy":"category","embeddable":true,"href":"https:\/\/www.europesays.com\/fr\/wp-json\/wp\/v2\/categories?post=536452"},{"taxonomy":"post_tag","embeddable":true,"href":"https:\/\/www.europesays.com\/fr\/wp-json\/wp\/v2\/tags?post=536452"}],"curies":[{"name":"wp","href":"https:\/\/api.w.org\/{rel}","templated":true}]}}