{"id":536454,"date":"2025-11-15T17:47:12","date_gmt":"2025-11-15T17:47:12","guid":{"rendered":"https:\/\/www.europesays.com\/fr\/536454\/"},"modified":"2025-11-15T17:47:12","modified_gmt":"2025-11-15T17:47:12","slug":"vaulnaveys-le-haut-la-tournee-du-calendrier-des-pompiers-2026-a-commence","status":"publish","type":"post","link":"https:\/\/www.europesays.com\/fr\/536454\/","title":{"rendered":"Vaulnaveys-le-Haut. La tourn\u00e9e du calendrier des pompiers 2026 a commenc\u00e9"},"content":{"rendered":"<p>Donner de son temps afin de remplir une mission de service public, tout en exer\u00e7ant une activit\u00e9 professionnelle, c\u2019est le statut du sapeur-pompier volontaire (SPV). Il est \u00e2g\u00e9 de 16 ans au minimum et de 60 ans au plus pour un premier engagement. Peu importe sa nationalit\u00e9, du moment qu\u2019il vit en France.<\/p>\n<p>Ces hommes et femmes volontaires ont pass\u00e9 un test d\u2019aptitude (\u00e9preuves \u00e9crites et physiques) et doivent respecter la charte nationale du sapeur-pompier volontaire. Et puis il y a l\u2019amicale des sapeurs-pompiers, qui sert \u00e0 renforcer les liens entre les personnes. C\u2019est aussi le lieu de rassemblement (journ\u00e9e nationale, Sainte-Barbe, loisirs et convivialit\u00e9\u2026) d\u2019expression de leur solidarit\u00e9 (entraide, T\u00e9l\u00e9thon\u2026) et de transmission de leurs valeurs (jeune sapeur-pompier, sensibilisation du public\u2026).<\/p>\n<p>La vente du calendrier du pompier repr\u00e9sente un geste de soutien pour leur amicale. L\u2019argent r\u00e9colt\u00e9 servira \u00e0 soutenir leurs activit\u00e9s, leur \u00e9quipement, leurs projets collectifs, la solidarit\u00e9 en cas de coup dur. La traditionnelle tourn\u00e9e des calendriers a donc d\u00e9j\u00e0 commenc\u00e9 sur les trois communes\u00a0: Vaulnaveys-le-Bas, Vaulnaveys-le-Haut et Saint-Martin-d\u2019Uriage.<\/p>\n<p>Ils se pr\u00e9senteront en duo, en uniforme, et munis de la carte officielle du service d\u00e9partemental d\u2019incendie et de secours (SDIS). Ils savent que la population leur r\u00e9servera un accueil chaleureux\u00a0!<\/p>\n","protected":false},"excerpt":{"rendered":"Donner de son temps afin de remplir une mission de service public, tout en exer\u00e7ant une activit\u00e9 professionnelle,&hellip;\n","protected":false},"author":2,"featured_media":536455,"comment_status":"","ping_status":"","sticky":false,"template":"","format":"standard","meta":{"footnotes":""},"categories":[9566],"tags":[1111,11,2430,113,1777,674,1011,27,2731,12,25,17481,104,24693],"class_list":{"0":"post-536454","1":"post","2":"type-post","3":"status-publish","4":"format-standard","5":"has-post-thumbnail","7":"category-grenoble","8":"tag-actu","9":"tag-actualites","10":"tag-auvergne-rhone-alpes","11":"tag-edition-gresivaudan-oisans","12":"tag-eu","13":"tag-europe","14":"tag-fr","15":"tag-france","16":"tag-grenoble","17":"tag-news","18":"tag-republique-francaise","19":"tag-romanche","20":"tag-societe","21":"tag-vaulnaveys-le-haut"},"share_on_mastodon":{"url":"https:\/\/pubeurope.com\/@fr\/115554972128361861","error":""},"_links":{"self":[{"href":"https:\/\/www.europesays.com\/fr\/wp-json\/wp\/v2\/posts\/536454","targetHints":{"allow":["GET"]}}],"collection":[{"href":"https:\/\/www.europesays.com\/fr\/wp-json\/wp\/v2\/posts"}],"about":[{"href":"https:\/\/www.europesays.com\/fr\/wp-json\/wp\/v2\/types\/post"}],"author":[{"embeddable":true,"href":"https:\/\/www.europesays.com\/fr\/wp-json\/wp\/v2\/users\/2"}],"replies":[{"embeddable":true,"href":"https:\/\/www.europesays.com\/fr\/wp-json\/wp\/v2\/comments?post=536454"}],"version-history":[{"count":0,"href":"https:\/\/www.europesays.com\/fr\/wp-json\/wp\/v2\/posts\/536454\/revisions"}],"wp:featuredmedia":[{"embeddable":true,"href":"https:\/\/www.europesays.com\/fr\/wp-json\/wp\/v2\/media\/536455"}],"wp:attachment":[{"href":"https:\/\/www.europesays.com\/fr\/wp-json\/wp\/v2\/media?parent=536454"}],"wp:term":[{"taxonomy":"category","embeddable":true,"href":"https:\/\/www.europesays.com\/fr\/wp-json\/wp\/v2\/categories?post=536454"},{"taxonomy":"post_tag","embeddable":true,"href":"https:\/\/www.europesays.com\/fr\/wp-json\/wp\/v2\/tags?post=536454"}],"curies":[{"name":"wp","href":"https:\/\/api.w.org\/{rel}","templated":true}]}}