{"id":536456,"date":"2025-11-15T17:48:32","date_gmt":"2025-11-15T17:48:32","guid":{"rendered":"https:\/\/www.europesays.com\/fr\/536456\/"},"modified":"2025-11-15T17:48:32","modified_gmt":"2025-11-15T17:48:32","slug":"rc-vannes-grenoble-les-compositions-des-deux-equipes","status":"publish","type":"post","link":"https:\/\/www.europesays.com\/fr\/536456\/","title":{"rendered":"RC Vannes &#8211; Grenoble\u00a0: les compositions des deux \u00e9quipes"},"content":{"rendered":"<p>Pro D2 (11e journ\u00e9e). RC Vannes &#8211; Grenoble, dimanche (21 h) \u00e0 Rennes<\/p>\n<p>23 joueurs pour une victoire devant 30 000 personnes. Pour marquer l\u2019histoire du <a href=\"https:\/\/www.letelegramme.fr\/sports\/rugby\/rc-vannes\/\" target=\"_blank\" rel=\"nofollow noopener\">RC Vannes<\/a>, aussi. Sans victoire face \u00e0 Grenoble, dimanche, la f\u00eate au Roazhon Park sera moins belle.<\/p>\n<p>Jean-No\u00ebl Spitzer a donc choisi une \u00e9quipe avec de nombreux cadres comme Boudehent, Bouthier, Ruru ou encore Lafage.<\/p>\n<blockquote class=\"instagram-media\" data-instgrm-captioned=\"\" data-instgrm-permalink=\"https:\/\/www.instagram.com\/p\/DRFbpSaDKAa\/?utm_source=ig_embed&amp;utm_campaign=loading\" data-instgrm-version=\"14\" style=\" background:#FFF; border:0; border-radius:3px; box-shadow:0 0 1px 0 rgba(0,0,0,0.5),0 1px 10px 0 rgba(0,0,0,0.15); margin: 1px; max-width:540px; min-width:326px; padding:0; width:99.375%; width:-webkit-calc(100% - 2px); width:calc(100% - 2px);\"\/>\n<p class=\"tech\"><strong class=\"tech\">RC VANNES<\/strong>. 15. Bouthier &#8211; 14. Benmegal, 13. Roudil, 12. Boudehent, 11. Stevenson &#8211; 10. Lafage, 9. Ruru &#8211; 7. Blanc-Mappaz, 8. Edwards (cap.), 6. Augry &#8211; 5. Desjeux, 4. Mezou &#8211; 3. Medrano, 2. Cherry, 1. Vunipola.<\/p>\n<p class=\"tech\">Rempla\u00e7ants : Sarthou, Djehi, Marks, Kalamafoni, Alania, Nakosi, Surano, Tafili.<\/p>\n<p class=\"tech\">Entra\u00eeneur principal : Jean-No\u00ebl Spitzer.<\/p>\n<p class=\"tech\"><strong class=\"tech\">GRENOBLE<\/strong>. \u00e0 venir.<\/p>\n<p class=\"tech\">Rempla\u00e7ants : \u00e0 venir.<\/p>\n<p class=\"tech\">Entra\u00eeneur principal : Jeff Dubois.<\/p>\n<p><script async src=\"\/\/www.instagram.com\/embed.js\"><\/script><\/p>\n","protected":false},"excerpt":{"rendered":"Pro D2 (11e journ\u00e9e). RC Vannes &#8211; Grenoble, dimanche (21 h) \u00e0 Rennes 23 joueurs pour une victoire&hellip;\n","protected":false},"author":2,"featured_media":536457,"comment_status":"","ping_status":"","sticky":false,"template":"","format":"standard","meta":{"footnotes":""},"categories":[9566],"tags":[1111,11,2430,3166,1777,674,1011,27,2731,12,2308,3164,3167,25,479,60,3165],"class_list":{"0":"post-536456","1":"post","2":"type-post","3":"status-publish","4":"format-standard","5":"has-post-thumbnail","7":"category-grenoble","8":"tag-actu","9":"tag-actualites","10":"tag-auvergne-rhone-alpes","11":"tag-en-continu-sports","12":"tag-eu","13":"tag-europe","14":"tag-fr","15":"tag-france","16":"tag-grenoble","17":"tag-news","18":"tag-pro-d2","19":"tag-rc-vannes","20":"tag-rcv","21":"tag-republique-francaise","22":"tag-rugby","23":"tag-sports","24":"tag-vannes"},"share_on_mastodon":{"url":"https:\/\/pubeurope.com\/@fr\/115554976056154468","error":""},"_links":{"self":[{"href":"https:\/\/www.europesays.com\/fr\/wp-json\/wp\/v2\/posts\/536456","targetHints":{"allow":["GET"]}}],"collection":[{"href":"https:\/\/www.europesays.com\/fr\/wp-json\/wp\/v2\/posts"}],"about":[{"href":"https:\/\/www.europesays.com\/fr\/wp-json\/wp\/v2\/types\/post"}],"author":[{"embeddable":true,"href":"https:\/\/www.europesays.com\/fr\/wp-json\/wp\/v2\/users\/2"}],"replies":[{"embeddable":true,"href":"https:\/\/www.europesays.com\/fr\/wp-json\/wp\/v2\/comments?post=536456"}],"version-history":[{"count":0,"href":"https:\/\/www.europesays.com\/fr\/wp-json\/wp\/v2\/posts\/536456\/revisions"}],"wp:featuredmedia":[{"embeddable":true,"href":"https:\/\/www.europesays.com\/fr\/wp-json\/wp\/v2\/media\/536457"}],"wp:attachment":[{"href":"https:\/\/www.europesays.com\/fr\/wp-json\/wp\/v2\/media?parent=536456"}],"wp:term":[{"taxonomy":"category","embeddable":true,"href":"https:\/\/www.europesays.com\/fr\/wp-json\/wp\/v2\/categories?post=536456"},{"taxonomy":"post_tag","embeddable":true,"href":"https:\/\/www.europesays.com\/fr\/wp-json\/wp\/v2\/tags?post=536456"}],"curies":[{"name":"wp","href":"https:\/\/api.w.org\/{rel}","templated":true}]}}