{"id":536462,"date":"2025-11-15T17:51:23","date_gmt":"2025-11-15T17:51:23","guid":{"rendered":"https:\/\/www.europesays.com\/fr\/536462\/"},"modified":"2025-11-15T17:51:23","modified_gmt":"2025-11-15T17:51:23","slug":"elu-referent-de-lesplanade-patrice-schoepff-quitte-le-groupe-majoritaire","status":"publish","type":"post","link":"https:\/\/www.europesays.com\/fr\/536462\/","title":{"rendered":"\u00e9lu r\u00e9f\u00e9rent de l\u2019Esplanade, Patrice Schoepff quitte le groupe majoritaire"},"content":{"rendered":"<p>Conseiller municipal d\u00e9l\u00e9gu\u00e9 et \u00e9lu r\u00e9f\u00e9rent de l\u2019Esplanade, Patrice Schoepff ne si\u00e9gera plus au sein du groupe majoritaire au conseil municipal de Strasbourg, mais il ira au bout de son mandat en tant que non inscrit. \u00ab\u00a0Je ne suis plus non plus encart\u00e9 chez EELV\u00a0\u00bb, pr\u00e9cise celui qui n\u2019a pas renouvel\u00e9 sa cotisation cet \u00e9t\u00e9, n\u2019\u00e9tant \u00ab\u00a0plus en phase, face aux accords programmatiques et aux questions d\u2019alliance avec La France insoumise\u00a0\u00bb.<\/p>\n<p>D\u00e9\u00e7u, Patrice Schoepff dit avoir envisag\u00e9 de quitter le groupe majoritaire \u00ab\u00a0d\u00e8s le d\u00e9but de l\u2019affaire Polesi\u00a0\u00bb, dont il estime qu\u2019elle a \u00e9t\u00e9 \u00ab\u00a0mal g\u00e9r\u00e9e\u00a0\u00bb et que la maire ne l\u2019a pas entendu quand il a \u00ab\u00a0tent\u00e9 de l\u2019alerter d\u00e8s 2023 suite \u00e0 des signaux faibles\u00a0\u00bb qu\u2019il avait per\u00e7us. \u00ab\u00a0D\u2019ailleurs, je n\u2019assistais plus aux r\u00e9unions de groupe depuis\u00a0\u00bb, pr\u00e9cise-t-il.<\/p>\n<p>  \u00ab\u00a0Ce que j\u2019ai v\u00e9cu en tant qu\u2019\u00e9lu de territoire, \u00e7a s\u2019apparente \u00e0 de la maltraitance\u00a0\u00bb<\/p>\n<p><a href=\"https:\/\/www.dna.fr\/politique\/2025\/04\/04\/piste-cyclable-rue-de-londres-vent-de-revolte-a-l-assemblee-de-quartier-de-l-esplanade\" target=\"_blank\" rel=\"nofollow noopener\">Mais c\u2019est aussi \u2013 surtout\u00a0?- le \u00ab\u00a0manque de cadre et de leviers en tant qu\u2019\u00e9lu de quartier\u00a0\u00bb qu\u2019il d\u00e9plore,<\/a> m\u00eame s\u2019il souligne \u00ab\u00a0la bienveillance\u00a0\u00bb des habitants de l\u2019Esplanade. \u00ab\u00a0Dans l\u2019organisation horizontale telle qu\u2019elle a \u00e9t\u00e9 pens\u00e9e, on a le droit de placer des arceaux \u00e0 v\u00e9los, mais \u00e7a s\u2019arr\u00eate l\u00e0\u00a0!\u00a0\u00bb estime-t-il, \u00e9voquant plusieurs situations o\u00f9 il ne s\u2019est senti \u00ab\u00a0ni entendu, ni soutenu\u00a0\u00bb. Qu\u2019il s\u2019agisse \u00ab\u00a0de trouver une solution de logement \u00e0 la personne qui vit depuis des ann\u00e9es sous tente, place d\u2019Ath\u00e8nes\u00a0\u00bb\u00a0; ou d\u2019assurer la s\u00e9curit\u00e9 devant l\u2019\u00e9cole Sturm \u00ab\u00a0suite \u00e0 la suppression d\u2019un ASVP (agent de surveillance de la voie publique). Ce que j\u2019ai v\u00e9cu en tant qu\u2019\u00e9lu de territoire sur ce mandat, \u00e7a s\u2019apparente \u00e0 de la maltraitance \u00bb, d\u00e9nonce-t-il. Et de pr\u00e9ciser qu\u2019il n\u2019a \u00ab\u00a0plus l\u2019\u00e9nergie de continuer dans ces conditions\u00a0\u00bb.<\/p>\n<p>Sans compter que, concernant le projet politique, il \u00ab\u00a0[attend] toujours aussi la rupture annonc\u00e9e. \u00c0 part dans le domaine des mobilit\u00e9s, je ne la vois pas\u00a0\u00bb, cingle celui qui a soutenu avec succ\u00e8s en juillet dernier un Master en \u00ab\u00a0Organisation et conduite du changement\u00a0\u00bb et pointe \u00ab\u00a0de gros soucis d\u2019organisation\u00a0\u00bb au sein de la majorit\u00e9 sortante. Quant \u00e0 savoir s\u2019il pourrait appara\u00eetre sur une autre liste dans la perspective des municipales \u00e0 venir, il ne ferme pas la porte. \u00ab\u00a0Si j\u2019estime qu\u2019il y a un vrai programme politique solide pour Strasbourg, pourquoi pas\u00a0? \u00bb<\/p>\n<p>  Nicolas Matt d\u00e9nonce \u00ab\u00a0une affaire symptomatique d\u2019un syst\u00e8me bloqu\u00e9\u00a0\u00bb<\/p>\n<p>Conseiller d\u2019Alsace du canton Strasbourg 5 et conseiller municipal d\u2019opposition, Nicolas Matt a r\u00e9agi en disant qu\u2019il prenait \u00ab\u00a0acte de cette d\u00e9cision. Les divergences politiques peuvent exister, mais la sinc\u00e9rit\u00e9 de celles et ceux qui s\u2019engagent m\u00e9rite toujours d\u2019\u00eatre reconnue. Cette affaire ne met pas en cause la personne de M. Schoepff. Elle r\u00e9v\u00e8le surtout, de mani\u00e8re \u00e9clatante, la d\u00e9rive du fonctionnement interne de la majorit\u00e9 municipale et le sentiment d\u2019impuissance grandissant de ses propres \u00e9lus\u00a0\u00bb, fustige-t-il, y voyant \u00ab\u00a0une affaire symptomatique d\u2019un syst\u00e8me bloqu\u00e9\u00a0\u00bb, avec des \u00e9lus de quartier qui, loin de la promesse de proximit\u00e9, n\u2019ont plus \u00ab\u00a0qu\u2019un r\u00f4le de bo\u00eete aux lettres\u00a0\u00bb.<\/p>\n","protected":false},"excerpt":{"rendered":"Conseiller municipal d\u00e9l\u00e9gu\u00e9 et \u00e9lu r\u00e9f\u00e9rent de l\u2019Esplanade, Patrice Schoepff ne si\u00e9gera plus au sein du groupe majoritaire&hellip;\n","protected":false},"author":2,"featured_media":536463,"comment_status":"","ping_status":"","sticky":false,"template":"","format":"standard","meta":{"footnotes":""},"categories":[2820],"tags":[1111,11,1984,2880,5949,4188,1777,674,107,1011,27,775,12,316,25,640,2879],"class_list":{"0":"post-536462","1":"post","2":"type-post","3":"status-publish","4":"format-standard","5":"has-post-thumbnail","7":"category-strasbourg","8":"tag-actu","9":"tag-actualites","10":"tag-conseil-municipal","11":"tag-edition-strasbourg","12":"tag-elections","13":"tag-elections-municipales","14":"tag-eu","15":"tag-europe","16":"tag-fil-info","17":"tag-fr","18":"tag-france","19":"tag-grand-est","20":"tag-news","21":"tag-politique","22":"tag-republique-francaise","23":"tag-strasbourg","24":"tag-strasbourg-ville"},"share_on_mastodon":{"url":"https:\/\/pubeurope.com\/@fr\/115554987843775662","error":""},"_links":{"self":[{"href":"https:\/\/www.europesays.com\/fr\/wp-json\/wp\/v2\/posts\/536462","targetHints":{"allow":["GET"]}}],"collection":[{"href":"https:\/\/www.europesays.com\/fr\/wp-json\/wp\/v2\/posts"}],"about":[{"href":"https:\/\/www.europesays.com\/fr\/wp-json\/wp\/v2\/types\/post"}],"author":[{"embeddable":true,"href":"https:\/\/www.europesays.com\/fr\/wp-json\/wp\/v2\/users\/2"}],"replies":[{"embeddable":true,"href":"https:\/\/www.europesays.com\/fr\/wp-json\/wp\/v2\/comments?post=536462"}],"version-history":[{"count":0,"href":"https:\/\/www.europesays.com\/fr\/wp-json\/wp\/v2\/posts\/536462\/revisions"}],"wp:featuredmedia":[{"embeddable":true,"href":"https:\/\/www.europesays.com\/fr\/wp-json\/wp\/v2\/media\/536463"}],"wp:attachment":[{"href":"https:\/\/www.europesays.com\/fr\/wp-json\/wp\/v2\/media?parent=536462"}],"wp:term":[{"taxonomy":"category","embeddable":true,"href":"https:\/\/www.europesays.com\/fr\/wp-json\/wp\/v2\/categories?post=536462"},{"taxonomy":"post_tag","embeddable":true,"href":"https:\/\/www.europesays.com\/fr\/wp-json\/wp\/v2\/tags?post=536462"}],"curies":[{"name":"wp","href":"https:\/\/api.w.org\/{rel}","templated":true}]}}