{"id":536464,"date":"2025-11-15T17:52:22","date_gmt":"2025-11-15T17:52:22","guid":{"rendered":"https:\/\/www.europesays.com\/fr\/536464\/"},"modified":"2025-11-15T17:52:22","modified_gmt":"2025-11-15T17:52:22","slug":"strasbourg-un-chauffeur-de-bus-violemment-agresse-la-police-enquete","status":"publish","type":"post","link":"https:\/\/www.europesays.com\/fr\/536464\/","title":{"rendered":"Strasbourg. Un chauffeur de bus violemment agress\u00e9 : la police enqu\u00eate"},"content":{"rendered":"<p>Un chauffeur de bus de la ligne C1 a \u00e9t\u00e9 victime d\u2019une violente agression, vendredi 14 novembre peu avant 19 h, \u00e0 hauteur de l\u2019arr\u00eat Carpe Haute dans le quartier strasbourgeois de la Robertsau. Un passager, d\u00e9crit par certains t\u00e9moins comme ivre, aurait lanc\u00e9 une bouteille \u00e0 la t\u00eate du conducteur qui venait de lui demander de sortir en raison de son \u00e9tat d\u2019\u00e9bri\u00e9t\u00e9, avant de le rouer de coups de poing et de pied.<\/p>\n<p>Bless\u00e9 et choqu\u00e9, le chauffeur a \u00e9t\u00e9 transport\u00e9 \u00e0 l\u2019h\u00f4pital. Il devrait d\u00e9poser plainte en d\u00e9but de semaine. La CTS a d\u00e9nonc\u00e9 des faits inacceptables et a fait part de son soutien \u00e0 son employ\u00e9.<\/p>\n<p>Une enqu\u00eate de police est en cours pour identifier l\u2019auteur des faits.<\/p>\n","protected":false},"excerpt":{"rendered":"Un chauffeur de bus de la ligne C1 a \u00e9t\u00e9 victime d\u2019une violente agression, vendredi 14 novembre peu&hellip;\n","protected":false},"author":2,"featured_media":536465,"comment_status":"","ping_status":"","sticky":false,"template":"","format":"standard","meta":{"footnotes":""},"categories":[2820],"tags":[1111,11,2880,1777,674,274,107,1011,27,775,12,25,640,2879],"class_list":{"0":"post-536464","1":"post","2":"type-post","3":"status-publish","4":"format-standard","5":"has-post-thumbnail","7":"category-strasbourg","8":"tag-actu","9":"tag-actualites","10":"tag-edition-strasbourg","11":"tag-eu","12":"tag-europe","13":"tag-faits-divers-justice","14":"tag-fil-info","15":"tag-fr","16":"tag-france","17":"tag-grand-est","18":"tag-news","19":"tag-republique-francaise","20":"tag-strasbourg","21":"tag-strasbourg-ville"},"share_on_mastodon":{"url":"https:\/\/pubeurope.com\/@fr\/115554991801792563","error":""},"_links":{"self":[{"href":"https:\/\/www.europesays.com\/fr\/wp-json\/wp\/v2\/posts\/536464","targetHints":{"allow":["GET"]}}],"collection":[{"href":"https:\/\/www.europesays.com\/fr\/wp-json\/wp\/v2\/posts"}],"about":[{"href":"https:\/\/www.europesays.com\/fr\/wp-json\/wp\/v2\/types\/post"}],"author":[{"embeddable":true,"href":"https:\/\/www.europesays.com\/fr\/wp-json\/wp\/v2\/users\/2"}],"replies":[{"embeddable":true,"href":"https:\/\/www.europesays.com\/fr\/wp-json\/wp\/v2\/comments?post=536464"}],"version-history":[{"count":0,"href":"https:\/\/www.europesays.com\/fr\/wp-json\/wp\/v2\/posts\/536464\/revisions"}],"wp:featuredmedia":[{"embeddable":true,"href":"https:\/\/www.europesays.com\/fr\/wp-json\/wp\/v2\/media\/536465"}],"wp:attachment":[{"href":"https:\/\/www.europesays.com\/fr\/wp-json\/wp\/v2\/media?parent=536464"}],"wp:term":[{"taxonomy":"category","embeddable":true,"href":"https:\/\/www.europesays.com\/fr\/wp-json\/wp\/v2\/categories?post=536464"},{"taxonomy":"post_tag","embeddable":true,"href":"https:\/\/www.europesays.com\/fr\/wp-json\/wp\/v2\/tags?post=536464"}],"curies":[{"name":"wp","href":"https:\/\/api.w.org\/{rel}","templated":true}]}}