{"id":536482,"date":"2025-11-15T18:08:15","date_gmt":"2025-11-15T18:08:15","guid":{"rendered":"https:\/\/www.europesays.com\/fr\/536482\/"},"modified":"2025-11-15T18:08:15","modified_gmt":"2025-11-15T18:08:15","slug":"lille-deja-un-joli-succes-pour-la-deuxieme-boutique-dubouquet-le-fleuriste-qui-colore-le-centre-ville","status":"publish","type":"post","link":"https:\/\/www.europesays.com\/fr\/536482\/","title":{"rendered":"Lille. D\u00e9j\u00e0 un joli succ\u00e8s pour la deuxi\u00e8me boutique Dubouquet, le fleuriste qui colore le centre-ville"},"content":{"rendered":"<p>                    Par<br \/>\n        <strong><br \/>\n            <a href=\"https:\/\/actu.fr\/auteur\/hervine-mahaud\" title=\"Consulter tous les articles de Hervine Mahaud\" target=\"_blank\" rel=\"noopener\">Hervine Mahaud<\/a><br \/>\n                    <\/strong><\/p>\n<p>        Publi\u00e9 le<\/p>\n<p>            15 nov. 2025 \u00e0 18h36        <\/p>\n<p>\u00c0 peine trois mois apr\u00e8s son ouverture, la <b>nouvelle boutique Dubouquet<\/b>, au 5 rue des Ponts-de-Comines \u00e0 <a href=\"https:\/\/actu.fr\/lille\/\" target=\"_blank\" rel=\"noopener\">Lille<\/a>, affiche un tr\u00e8s bon d\u00e9marrage. Une belle r\u00e9ussite pour Cl\u00e9mence Yon, fondatrice, qui voulait depuis longtemps ramener un <b>fleuriste ind\u00e9pendant dans l\u2019hypercentre<\/b>. \u00ab\u00a0Les habitants du quartier sont ravis : \u00e7a leur manquait vraiment\u00a0\u00bb, confie-t-elle.<\/p>\n<p>Une deuxi\u00e8me boutique Dubouquet pour se rapprocher de la client\u00e8le du centre-ville de Lille<\/p>\n<p class=\" wall-content\">Cl\u00e9mence et son conjoint, R\u00e9mi Duboquet, avaient inaugur\u00e9 leur <a href=\"https:\/\/actu.fr\/hauts-de-france\/lille_59350\/le-neo-fleuriste-dubouquet-va-bientot-colorer-lille-avec-ses-fleurs-fraiches-et-de-saison_55788814.html\" target=\"_blank\" rel=\"noopener\">premi\u00e8re boutique en janvier 2023<\/a>, place Philippe-Lebon. Un lieu appr\u00e9ci\u00e9 mais \u00ab\u00a0un peu excentr\u00e9\u00a0\u00bb, qui a fini par motiver la cr\u00e9atrice \u00e0 franchir un nouveau cap : \u00ab\u00a0On avait envie d\u2019ouvrir une deuxi\u00e8me boutique depuis plus d\u2019un an. Les clients nous y ont pouss\u00e9s. Beaucoup voulaient pouvoir acheter leurs fleurs en passant \u00e0 la gare, en sortant du travail ou en allant en ville.\u00a0\u00bb<\/p>\n<p>    <img   decoding=\"async\" loading=\"lazy\" class=\"size-large\" src=\"https:\/\/www.europesays.com\/fr\/wp-content\/uploads\/2025\/11\/d163c0db37196e083c0db37190093cv-960x640.jpg\" alt=\"dubouquet fleuriste fleurs plantes bouquets boutique lille\" width=\"960\" height=\"640\"\/><br \/>\n    Les petites plantes en pot font partie des meilleures ventes de la boutique. \u00a9Hervine Mahaud<\/p>\n<p class=\" wall-content\">Trouver le bon local n\u2019a pourtant pas \u00e9t\u00e9 simple : il fallait <b>\u00e9viter une exposition plein sud<\/b>, avoir un <b>passage plat<\/b>, de <b>l\u2019eau \u00e0 disposition<\/b>, tout en gardant un <b>loyer accessible<\/b> et en veillant \u00e0 ne pas \u00eatre \u00ab\u00a0trop proche d\u2019un autre fleuriste\u00a0\u00bb par respect entre commer\u00e7ants. Au final, l\u2019emplacement est jug\u00e9 id\u00e9al : d\u2019angle, ultra visible et situ\u00e9 sur un axe tr\u00e8s fr\u00e9quent\u00e9.<\/p>\n<p>Des bouquets color\u00e9s et joyeux pour toutes les occasions<\/p>\n<p class=\" wall-content\">La <b>petite surface de 30 m\u00b2<\/b>, deux fois moins que la premi\u00e8re boutique, est tellement bien optimis\u00e9e que beaucoup s\u2019\u00e9tonnent : \u00ab\u00a0On nous dit tout le temps que \u00e7a para\u00eet grand !\u00a0\u00bb<\/p>\n<p>    <img   decoding=\"async\" loading=\"lazy\" class=\"size-large\" src=\"https:\/\/www.europesays.com\/fr\/wp-content\/uploads\/2025\/11\/0efeb0db37196f10fb0db3719c50fbv-960x640.jpg\" alt=\"dubouquet fleuriste fleurs plantes bouquets boutique lille\" width=\"960\" height=\"640\"\/><br \/>\n    La boutique reprend les codes la premi\u00e8re, ouverte place Philippe Lebon. \u00a9Hervine Mahaud<\/p>\n<p class=\" wall-content\">Le couple a assur\u00e9 la majeure partie des travaux, \u00e9paul\u00e9 par Atelier Kumo pour la direction artistique, afin de donner \u00e0 ce lieu compact une v\u00e9ritable identit\u00e9. Un espace clair, chaleureux, o\u00f9 l\u2019on retrouve ce qui fait la singularit\u00e9 de Dubouquet : <b>des bouquets color\u00e9s, joyeux, loin des codes traditionnels<\/b>. \u00ab\u00a0On veut sortir du vert et du blanc. On ne travaille pas les roses, ni les gypsophiles. Ce qui nous int\u00e9resse, c\u2019est de surprendre, d\u2019apporter de la vie et de la personnalit\u00e9.\u00a0\u00bb<\/p>\n<p class=\" wall-content\"><a href=\"https:\/\/www.instagram.com\/p\/DQkTHbMiKOL\/embed\" title=\"Ouvrir le lien sur Instagram\" target=\"_blank\" rel=\"noopener\">Visualiser le contenu sur Instagram<\/a><\/p>\n<p class=\" wall-content\">Dans cette boutique, \u00ab\u00a0<b>la proposition n\u2019est jamais la m\u00eame d\u2019un jour \u00e0 l\u2019autre<\/b>\u00ab\u00a0. En effet, Dubouquet re\u00e7oit des fleurs quasi quotidiennement, afin de proposer un <b>stock ultra frais<\/b> et \u00e9viter les arrivages lointains.<\/p>\n<p>Votre r\u00e9gion, votre actu !<\/p>\n<p>Recevez chaque jour les infos qui comptent pour vous.<\/p>\n<p>\t<a href=\"https:\/\/actu.fr\/newsletter\" class=\"ac-btn ac-btn--corner ac-btn--medium ac-btn--blue800\" target=\"_blank\" rel=\"noopener\">S&rsquo;incrire<\/a><\/p>\n<p>    <img   decoding=\"async\" loading=\"lazy\" class=\"size-large\" src=\"https:\/\/www.europesays.com\/fr\/wp-content\/uploads\/2025\/11\/105190db37196045190db3719d7519v-960x640.jpg\" alt=\"dubouquet fleuriste fleurs plantes bouquets boutique lille\" width=\"960\" height=\"640\"\/><br \/>\n    Pour 20 \u00e0 30\u20ac, on peut d\u00e9j\u00e0 s\u2019offrir un joli bouquet de fleurs de saison. \u00a9Hervine Mahaud<\/p>\n<p class=\" wall-content\">Le r\u00e9sultat ? Des bouquets qui ont toujours la m\u00eame signature : audace, couleur et sens du d\u00e9tail. Les prix permettent de s\u2019adapter \u00e0 tous les budgets, sans faire de concession sur la cr\u00e9ativit\u00e9 et la qualit\u00e9 : de 20 \u20ac pour un petit bouquet \u00e0 50\u201380 \u20ac pour les compositions les plus travaill\u00e9es<\/p>\n<p class=\" wall-content\">La client\u00e8le est majoritairement f\u00e9minine, mais pas seulement : \u00ab\u00a0Parfois, des hommes d\u00e9barquent en mission envoy\u00e9s par leur compagne\u00a0\u00bb, sourit Cl\u00e9mence.<\/p>\n<p>Une jolie s\u00e9lection de d\u00e9co et plein d\u2019id\u00e9es cadeaux<\/p>\n<p class=\" wall-content\">La boutique du centre a aussi permis de d\u00e9velopper davantage la d\u00e9coration. Une s\u00e9lection soign\u00e9e mais volontairement contenue : \u00ab\u00a0Je ne voulais pas devenir un concept store.\u00a0\u00bb On y trouve des vases originaux, notamment ceux tr\u00e8s pris\u00e9s de <b>Fluid Market<\/b>, ainsi que des cache-pots color\u00e9s, devenus un best-seller. \u00ab\u00a0Une petite attention \u00e0 moins de 15 \u20ac, c\u2019est souvent ce que cherchent les clients.\u00a0\u00bb<\/p>\n<p>    <img   decoding=\"async\" loading=\"lazy\" class=\"size-large\" src=\"https:\/\/www.europesays.com\/fr\/wp-content\/uploads\/2025\/11\/029090db37196f59090db3719c9909v-960x640.jpg\" alt=\"dubouquet fleuriste fleurs plantes bouquets boutique lille\" width=\"960\" height=\"640\"\/><br \/>\n    Une belle s\u00e9lection de vases color\u00e9s et originaux. \u00a9Hervine Mahaud<\/p>\n<p class=\" wall-content\">\u00c0 l\u2019approche de No\u00ebl, l\u2019\u00e9quipe se pr\u00e9pare \u00e0 proposer des <b>sapins<\/b>, qui seront entrepos\u00e9s dans la cave de la boutique Philippe-Lebon, ainsi que les couronnes, centres de table et compositions sur mesure qui font leur succ\u00e8s chaque fin d\u2019ann\u00e9e. Les habitants du centre, eux, se r\u00e9jouissent de pouvoir acheter leur sapin en bas de chez eux.<\/p>\n<p>Des partenariats avec les commer\u00e7ants lillois pour fleurir la ville<\/p>\n<p class=\" wall-content\">Et Dubouquet ne se limite pas \u00e0 la boutique. La fondatrice multiplie les projets cr\u00e9atifs : <b>mariages, installations \u00e9ph\u00e9m\u00e8res, shootings<\/b> et collaborations avec des marques comme <a href=\"https:\/\/actu.fr\/hauts-de-france\/lille_59350\/balzac-paris-fait-son-grand-retour-dans-le-vieux-lille-avec-louverture-prochaine-dune-boutique_63195215.html\" target=\"_blank\" rel=\"noopener\">Balzac Paris<\/a>, <a href=\"https:\/\/actu.fr\/hauts-de-france\/lille_59350\/decouvrez-mesa-lincroyable-bar-restaurant-avec-rooftop-qui-vient-douvrir-a-lille_60896599.html\" target=\"_blank\" rel=\"noopener\">Mesa<\/a> ou la <a href=\"https:\/\/actu.fr\/hauts-de-france\/lille_59350\/la-toute-premiere-briocherie-de-lille-va-ouvrir-debut-juillet_51880411.html\" target=\"_blank\" rel=\"noopener\">Briocherie Sylvana<\/a>. \u00ab\u00a0Chaque projet est unique, \u00e7a casse la routine. Le plus fou ? Une arche fleurie dans une galerie d\u2019art boulevard de la Libert\u00e9.\u00a0\u00bb<\/p>\n<p class=\" wall-content\">Apr\u00e8s un d\u00e9but tonitruant rue des Ponts-de-Comines, la fleuriste lilloise savoure : \u00ab\u00a0On n\u2019a pas vocation \u00e0 plaire \u00e0 tout le monde, mais ceux qui viennent une fois adorent et reviennent.\u00a0\u00bb Le bouche-\u00e0-oreille fait le reste\u2026 et Dubouquet continue de colorer Lille, bouquet apr\u00e8s bouquet.<\/p>\n<p class=\" wall-content\">Personnalisez votre actualit\u00e9 en ajoutant vos villes et m\u00e9dias en favori avec <a href=\"https:\/\/moncompte.actu.fr\" title=\"D\u00e9couvez Mon Actu\" rel=\"nofollow noopener\" data-trk=\"{&quot;cta&quot;:{&quot;action&quot;:&quot;https:\\\/\\\/moncompte.actu.fr&quot;,&quot;category&quot;:&quot;mon compte&quot;,&quot;from&quot;:&quot;article footer&quot;,&quot;name&quot;:&quot;Mon actu&quot;,&quot;type&quot;:&quot;cta&quot;}}\" target=\"_blank\">Mon Actu<\/a>.<\/p>\n<p>                    <script async src=\"\/\/www.instagram.com\/embed.js\"><\/script><\/p>\n","protected":false},"excerpt":{"rendered":"Par Hervine Mahaud Publi\u00e9 le 15 nov. 2025 \u00e0 18h36 \u00c0 peine trois mois apr\u00e8s son ouverture, la&hellip;\n","protected":false},"author":2,"featured_media":536483,"comment_status":"","ping_status":"","sticky":false,"template":"","format":"standard","meta":{"footnotes":""},"categories":[2815],"tags":[1111,11,215,33,1777,674,1011,27,811,1307,12,3147,25],"class_list":{"0":"post-536482","1":"post","2":"type-post","3":"status-publish","4":"format-standard","5":"has-post-thumbnail","7":"category-lille","8":"tag-actu","9":"tag-actualites","10":"tag-commerce","11":"tag-economie","12":"tag-eu","13":"tag-europe","14":"tag-fr","15":"tag-france","16":"tag-hauts-de-france","17":"tag-lille","18":"tag-news","19":"tag-nouveaux-commerces","20":"tag-republique-francaise"},"share_on_mastodon":{"url":"https:\/\/pubeurope.com\/@fr\/115555056449925780","error":""},"_links":{"self":[{"href":"https:\/\/www.europesays.com\/fr\/wp-json\/wp\/v2\/posts\/536482","targetHints":{"allow":["GET"]}}],"collection":[{"href":"https:\/\/www.europesays.com\/fr\/wp-json\/wp\/v2\/posts"}],"about":[{"href":"https:\/\/www.europesays.com\/fr\/wp-json\/wp\/v2\/types\/post"}],"author":[{"embeddable":true,"href":"https:\/\/www.europesays.com\/fr\/wp-json\/wp\/v2\/users\/2"}],"replies":[{"embeddable":true,"href":"https:\/\/www.europesays.com\/fr\/wp-json\/wp\/v2\/comments?post=536482"}],"version-history":[{"count":0,"href":"https:\/\/www.europesays.com\/fr\/wp-json\/wp\/v2\/posts\/536482\/revisions"}],"wp:featuredmedia":[{"embeddable":true,"href":"https:\/\/www.europesays.com\/fr\/wp-json\/wp\/v2\/media\/536483"}],"wp:attachment":[{"href":"https:\/\/www.europesays.com\/fr\/wp-json\/wp\/v2\/media?parent=536482"}],"wp:term":[{"taxonomy":"category","embeddable":true,"href":"https:\/\/www.europesays.com\/fr\/wp-json\/wp\/v2\/categories?post=536482"},{"taxonomy":"post_tag","embeddable":true,"href":"https:\/\/www.europesays.com\/fr\/wp-json\/wp\/v2\/tags?post=536482"}],"curies":[{"name":"wp","href":"https:\/\/api.w.org\/{rel}","templated":true}]}}