{"id":536484,"date":"2025-11-15T18:09:15","date_gmt":"2025-11-15T18:09:15","guid":{"rendered":"https:\/\/www.europesays.com\/fr\/536484\/"},"modified":"2025-11-15T18:09:15","modified_gmt":"2025-11-15T18:09:15","slug":"un-abandon-et-de-la-frustration-pour-baptiste-guyon-ac-romorantin","status":"publish","type":"post","link":"https:\/\/www.europesays.com\/fr\/536484\/","title":{"rendered":"un abandon et de la frustration pour Baptiste Guyon (AC Romorantin)"},"content":{"rendered":"<p>M\u00e9daill\u00e9 d\u2019argent aux <a target=\"_self\" href=\"https:\/\/www.lanouvellerepublique.fr\/loir-et-cher\/commune\/vineuil-41\/championnats-de-france-5-km-a-frejus-le-romorantinais-baptiste-guyon-en-argent-pas-de-podium-pour-sa-coequipiere-alice-mitard-1761507617\" rel=\"nofollow noopener\">championnats de France\u00a05 km \u00e0 Fr\u00e9jus<\/a> le 26\u00a0octobre dernier, Baptiste Guyon esp\u00e9rait bien performer sur 10\u00a0km trois semaines plus tard, ce samedi 15\u00a0novembre 2025, \u00e0 l\u2019occasion de l\u2019Urban Trail de Lille. L\u2019international fran\u00e7ais licenci\u00e9 \u00e0 l\u2019AC Romorantin avait m\u00eame en t\u00eate son record sur la distance (28\u201914), \u00e9tabli en tout d\u00e9but d\u2019ann\u00e9e \u00e0 Valence (Espagne), m\u00eame s\u2019il avait \u00ab\u00a0souffert du Covid la semaine pass\u00e9e\u00a0\u00bb, comme nous le confiait en fin de semaine son entra\u00eeneur Richard Ferrand.<\/p>\n<p>Eh bien cela a finalement d\u00fb le rattraper. Car apr\u00e8s avoir tenu l\u2019allure jusqu\u2019\u00e0 la mi-course (8e\u00a0apr\u00e8s 3\u00a0km dans le m\u00eame temps que les premiers puis 14e\u00a0apr\u00e8s 5\u00a0km \u00e0 moins de 10 secondes de la t\u00eate), le Loir-et-Ch\u00e9rien a fini par abandonner cette course de tr\u00e8s haut niveau, remport\u00e9e par le K\u00e9nyan Aimun en 27\u201912.<\/p>\n<p>\u00ab\u00a0Plus d\u2019\u00e9nergie\u00a0\u00bb<\/p>\n<p>\u00ab\u00a0J\u2019ai abandonn\u00e9 au 6e\u00a0km car je n\u2019avais plus d\u2019\u00e9nergie, raconte celui qui a \u00e9t\u00e9 sacr\u00e9 par \u00e9quipe avec les Bleus cette ann\u00e9e sur les championnats d\u2019Europe de running sur 10\u00a0km puis la Coupe d\u2019Europe du 10.000\u00a0m sur piste. J\u2019ai pourtant bien g\u00e9r\u00e9 les derniers jours en essayant de pas trop en faire apr\u00e8s avoir \u00e9t\u00e9 malade. Mais m\u00eame si j\u2019ai r\u00e9cup\u00e9r\u00e9 de bonnes sensations, je pense que \u00e7a m\u2019a plomb\u00e9\u00a0: je ne vois que \u00e7a pour l\u2019instant\u2026\u00a0\u00bb<\/p>\n<p>Le Solognot est forc\u00e9ment \u00ab\u00a0frustr\u00e9\u00a0\u00bb, lui qui a pass\u00e9 de longues semaines en stage en faisant \u00ab\u00a0attention \u00e0 tout\u00a0\u00bb et qui esp\u00e9rait que les plan\u00e8tes s\u2019alignent enfin apr\u00e8s des hivers en dents de scie. L\u2019athl\u00e8te est en r\u00e9flexion sur la suite de son programme hivernal.<\/p>\n<p class=\"alireaussi\"><b>&gt;\u00a0Rejoignez la communaut\u00e9 NR\u00a0&#8211; Sports Loir-et-Cher sur Facebook.<\/b><\/p>\n<p><a title=\"Lien vers le groupe Facebook Sports Loir-et-Cher \/\/ par La Nouvelle R\u00e9publique\" target=\"_blank\" href=\"https:\/\/www.facebook.com\/groups\/278511669740633\" rel=\"nofollow noopener\"><img loading=\"lazy\" decoding=\"async\" width=\"350\" src=\"https:\/\/www.europesays.com\/fr\/wp-content\/uploads\/2025\/05\/2d5b45e0-1095-11f0-9fa7-258145d8c562.jpg\" height=\"130\"\/><\/a><\/p>\n","protected":false},"excerpt":{"rendered":"M\u00e9daill\u00e9 d\u2019argent aux championnats de France\u00a05 km \u00e0 Fr\u00e9jus le 26\u00a0octobre dernier, Baptiste Guyon esp\u00e9rait bien performer sur&hellip;\n","protected":false},"author":2,"featured_media":536485,"comment_status":"","ping_status":"","sticky":false,"template":"","format":"standard","meta":{"footnotes":""},"categories":[2815],"tags":[1111,11,4132,1777,674,1011,27,811,1307,4368,12,25,9559,60],"class_list":{"0":"post-536484","1":"post","2":"type-post","3":"status-publish","4":"format-standard","5":"has-post-thumbnail","7":"category-lille","8":"tag-actu","9":"tag-actualites","10":"tag-athletisme","11":"tag-eu","12":"tag-europe","13":"tag-fr","14":"tag-france","15":"tag-hauts-de-france","16":"tag-lille","17":"tag-loir-et-cher","18":"tag-news","19":"tag-republique-francaise","20":"tag-romorantin-lanthenay","21":"tag-sports"},"share_on_mastodon":{"url":"https:\/\/pubeurope.com\/@fr\/115555058789265328","error":""},"_links":{"self":[{"href":"https:\/\/www.europesays.com\/fr\/wp-json\/wp\/v2\/posts\/536484","targetHints":{"allow":["GET"]}}],"collection":[{"href":"https:\/\/www.europesays.com\/fr\/wp-json\/wp\/v2\/posts"}],"about":[{"href":"https:\/\/www.europesays.com\/fr\/wp-json\/wp\/v2\/types\/post"}],"author":[{"embeddable":true,"href":"https:\/\/www.europesays.com\/fr\/wp-json\/wp\/v2\/users\/2"}],"replies":[{"embeddable":true,"href":"https:\/\/www.europesays.com\/fr\/wp-json\/wp\/v2\/comments?post=536484"}],"version-history":[{"count":0,"href":"https:\/\/www.europesays.com\/fr\/wp-json\/wp\/v2\/posts\/536484\/revisions"}],"wp:featuredmedia":[{"embeddable":true,"href":"https:\/\/www.europesays.com\/fr\/wp-json\/wp\/v2\/media\/536485"}],"wp:attachment":[{"href":"https:\/\/www.europesays.com\/fr\/wp-json\/wp\/v2\/media?parent=536484"}],"wp:term":[{"taxonomy":"category","embeddable":true,"href":"https:\/\/www.europesays.com\/fr\/wp-json\/wp\/v2\/categories?post=536484"},{"taxonomy":"post_tag","embeddable":true,"href":"https:\/\/www.europesays.com\/fr\/wp-json\/wp\/v2\/tags?post=536484"}],"curies":[{"name":"wp","href":"https:\/\/api.w.org\/{rel}","templated":true}]}}