{"id":536492,"date":"2025-11-15T18:13:14","date_gmt":"2025-11-15T18:13:14","guid":{"rendered":"https:\/\/www.europesays.com\/fr\/536492\/"},"modified":"2025-11-15T18:13:14","modified_gmt":"2025-11-15T18:13:14","slug":"cours-une-demeure-bourgeoise-pour-le-prix-dun-appartement-a-lyon","status":"publish","type":"post","link":"https:\/\/www.europesays.com\/fr\/536492\/","title":{"rendered":"Cours. \u00ab\u00a0Une demeure bourgeoise pour le prix d\u2019un appartement \u00e0 Lyon\u00a0\u00bb"},"content":{"rendered":"<p>Quand on parle de maisons dans l\u2019ancien, Cours s\u2019affiche comme la commune la moins ch\u00e8re du d\u00e9partement, selon les donn\u00e9es de la Chambre des notaires du Rh\u00f4ne. Prix m\u00e9dian depuis le d\u00e9but de l\u2019ann\u00e9e 2025\u00a0: 112\u00a0500\u00a0euros.<\/p>\n<p>\u00ab\u00a0Nous sommes dans les petites villes les plus \u00e9loign\u00e9es de Lyon et nous n\u2019avons pas de gare\u00a0\u00bb, analyse le maire <a href=\"https:\/\/www.leprogres.fr\/societe\/2025\/07\/13\/legion-d-honneur-du-14-juillet-qui-sont-les-17-personnalites-du-rhone-decorees\" target=\"_blank\" rel=\"noopener\">Patrice Verch\u00e8re<\/a>. Une corr\u00e9lation entre distance avec la m\u00e9tropole lyonnaise et prix bas qui n\u2019est pas nouvelle. \u00ab\u00a0L\u2019Arbresle a toujours \u00e9t\u00e9 plus ch\u00e8re, puis Tarare, puis Thizy les Bourgs et Cours, m\u00eame s\u2019il n\u2019y a pas une grande diff\u00e9rence entre nous et Thizy les Bourgs\u00a0\u00bb, r\u00e9sume l\u2019\u00e9dile. <\/p>\n<p>Une fiscalit\u00e9 \u00e9lev\u00e9e<\/p>\n<p>\u00ab\u00a0C\u2019est l\u2019histoire du march\u00e9&#8230;<\/p>\n","protected":false},"excerpt":{"rendered":"Quand on parle de maisons dans l\u2019ancien, Cours s\u2019affiche comme la commune la moins ch\u00e8re du d\u00e9partement, selon&hellip;\n","protected":false},"author":2,"featured_media":536493,"comment_status":"","ping_status":"","sticky":false,"template":"","format":"standard","meta":{"footnotes":""},"categories":[1889],"tags":[1111,11,2430,703,33,3155,1777,674,1011,27,1116,2428,12,25,2429,28981],"class_list":{"0":"post-536492","1":"post","2":"type-post","3":"status-publish","4":"format-standard","5":"has-post-thumbnail","7":"category-lyon","8":"tag-actu","9":"tag-actualites","10":"tag-auvergne-rhone-alpes","11":"tag-cours","12":"tag-economie","13":"tag-edition-tarare","14":"tag-eu","15":"tag-europe","16":"tag-fr","17":"tag-france","18":"tag-immobilier","19":"tag-lyon","20":"tag-news","21":"tag-republique-francaise","22":"tag-rhone","23":"tag-thizy-les-bourgs-bassin"},"share_on_mastodon":{"url":"https:\/\/pubeurope.com\/@fr\/115555074235523698","error":""},"_links":{"self":[{"href":"https:\/\/www.europesays.com\/fr\/wp-json\/wp\/v2\/posts\/536492","targetHints":{"allow":["GET"]}}],"collection":[{"href":"https:\/\/www.europesays.com\/fr\/wp-json\/wp\/v2\/posts"}],"about":[{"href":"https:\/\/www.europesays.com\/fr\/wp-json\/wp\/v2\/types\/post"}],"author":[{"embeddable":true,"href":"https:\/\/www.europesays.com\/fr\/wp-json\/wp\/v2\/users\/2"}],"replies":[{"embeddable":true,"href":"https:\/\/www.europesays.com\/fr\/wp-json\/wp\/v2\/comments?post=536492"}],"version-history":[{"count":0,"href":"https:\/\/www.europesays.com\/fr\/wp-json\/wp\/v2\/posts\/536492\/revisions"}],"wp:featuredmedia":[{"embeddable":true,"href":"https:\/\/www.europesays.com\/fr\/wp-json\/wp\/v2\/media\/536493"}],"wp:attachment":[{"href":"https:\/\/www.europesays.com\/fr\/wp-json\/wp\/v2\/media?parent=536492"}],"wp:term":[{"taxonomy":"category","embeddable":true,"href":"https:\/\/www.europesays.com\/fr\/wp-json\/wp\/v2\/categories?post=536492"},{"taxonomy":"post_tag","embeddable":true,"href":"https:\/\/www.europesays.com\/fr\/wp-json\/wp\/v2\/tags?post=536492"}],"curies":[{"name":"wp","href":"https:\/\/api.w.org\/{rel}","templated":true}]}}