{"id":536498,"date":"2025-11-15T18:18:12","date_gmt":"2025-11-15T18:18:12","guid":{"rendered":"https:\/\/www.europesays.com\/fr\/536498\/"},"modified":"2025-11-15T18:18:12","modified_gmt":"2025-11-15T18:18:12","slug":"le-siege-de-rmc-bfm-a-paris-evacue-pendant-deux-heures-apres-une-alerte-a-la-bombe","status":"publish","type":"post","link":"https:\/\/www.europesays.com\/fr\/536498\/","title":{"rendered":"Le si\u00e8ge de RMC BFM \u00e0 Paris \u00e9vacu\u00e9 pendant deux heures apr\u00e8s une alerte \u00e0 la bombe"},"content":{"rendered":"<p class=\"mb-4 text-lg md:leading-8 break-words\">Les locaux du groupe RMC BFM dans le 15e arrondissement de Paris ont \u00e9t\u00e9 \u00e9vacu\u00e9s samedi pendant plus de deux heures, et les directs des antennes interrompus, en raison d&rsquo;une \u00ab\u00a0alerte \u00e0 la bombe\u00a0\u00bb finalement lev\u00e9e en fin d&rsquo;apr\u00e8s-midi, selon BFMTV.<\/p>\n<p class=\"mb-4 text-lg md:leading-8 break-words\">\u00ab\u00a0L&rsquo;alerte a \u00e9t\u00e9 lev\u00e9e \u00e0 17H35\u00a0\u00bb, a indiqu\u00e9 la cha\u00eene d&rsquo;information en continu au moment de reprendre le direct, peu avant 18H00.<\/p>\n<p class=\"mb-4 text-lg md:leading-8 break-words\">Cette interruption a \u00ab\u00a0fait suite \u00e0 une alerte \u00e0 la bombe qui a touch\u00e9 nos locaux en milieu de journ\u00e9e, une alerte prise au s\u00e9rieux lors de cette semaine tr\u00e8s sensible de comm\u00e9moration des attentats du 13-Novembre\u00a0\u00bb, a expliqu\u00e9 la pr\u00e9sentatrice Karine de M\u00e9nonville.<\/p>\n<p class=\"mb-4 text-lg md:leading-8 break-words\">En plateau, le journaliste du service police-justice de la cha\u00eene, Paul Conge, a pr\u00e9cis\u00e9 que les locaux avaient \u00e9t\u00e9 \u00e9vacu\u00e9s autour de 15H20 \u00ab\u00a0apr\u00e8s la r\u00e9ception par la police parisienne d&rsquo;un message mena\u00e7ant dans lequel un individu anonyme affirme avoir d\u00e9pos\u00e9 des engins explosifs dans les locaux et menac\u00e9 de faire sauter le b\u00e2timent\u00a0\u00bb.<\/p>\n<p class=\"mb-4 text-lg md:leading-8 break-words\">La police s&rsquo;\u00e9tait rendue sur place avec des chiens d\u00e9tecteurs d&rsquo;explosifs, avait auparavant indiqu\u00e9 une source polici\u00e8re \u00e0 l&rsquo;AFP.<\/p>\n<p class=\"mb-4 text-lg md:leading-8 break-words\">Le directeur g\u00e9n\u00e9ral de BFMTV Fabien Namias a parl\u00e9 d&rsquo;un \u00ab\u00a0\u00e9v\u00e9nement rarissime\u00a0\u00bb et s&rsquo;est excus\u00e9 aupr\u00e8s des t\u00e9l\u00e9spectateurs.<\/p>\n<p class=\"mb-4 text-lg md:leading-8 break-words\">\u00ab\u00a0Il n&rsquo;\u00e9tait pas question &#8211; \u00e0 partir du moment o\u00f9 il y avait une alerte de cette nature &#8211; de faire courir le moindre risque aux \u00e9quipes de BFMTV. On ne pouvait donc pas assurer la continuit\u00e9 de l&rsquo;antenne\u00a0\u00bb, a-t-il expliqu\u00e9.<\/p>\n<p class=\"mb-4 text-lg md:leading-8 break-words\">\u00ab\u00a0Nos locaux ont \u00e9t\u00e9 \u00e9vacu\u00e9s suite \u00e0 une alerte de s\u00e9curit\u00e9. Les forces de l&rsquo;ordre sont sur place pour mener les v\u00e9rifications\u00a0\u00bb, avaient annonc\u00e9 d\u00e8s 16H30 la radio RMC et BFMTV. \u00ab\u00a0Nos programmes sont temporairement perturb\u00e9s sur l&rsquo;ensemble des antennes RMC BFM. Nos \u00e9quipes se mobilisent pour un retour \u00e0 l&rsquo;antenne au plus vite\u00a0\u00bb.<\/p>\n<p class=\"mb-4 text-lg md:leading-8 break-words\">Selon les journalistes de BFMTV, la r\u00e9daction du journal La Tribune, \u00e9galement propri\u00e9t\u00e9 du groupe CMA CGM et install\u00e9e dans les m\u00eames locaux que BFMTV et RMC, avait \u00e9galement \u00e9t\u00e9 \u00e9vacu\u00e9e.<\/p>\n<p class=\"mb-4 text-lg md:leading-8 break-words\">sm-cka\/jmo\/jco<\/p>\n","protected":false},"excerpt":{"rendered":"Les locaux du groupe RMC BFM dans le 15e arrondissement de Paris ont \u00e9t\u00e9 \u00e9vacu\u00e9s samedi pendant plus&hellip;\n","protected":false},"author":2,"featured_media":536499,"comment_status":"","ping_status":"","sticky":false,"template":"","format":"standard","meta":{"footnotes":""},"categories":[1888],"tags":[27452,1111,1928,11,1927,37571,10831,1777,674,3160,1011,27,12,1926,626,1925,25,10319],"class_list":{"0":"post-536498","1":"post","2":"type-post","3":"status-publish","4":"format-standard","5":"has-post-thumbnail","7":"category-paris","8":"tag-15e-arrondissement-de-paris","9":"tag-actu","10":"tag-actu-paris","11":"tag-actualites","12":"tag-actualites-paris","13":"tag-alerte-a-la-bombe","14":"tag-bfmtv","15":"tag-eu","16":"tag-europe","17":"tag-forces-de-lordre","18":"tag-fr","19":"tag-france","20":"tag-news","21":"tag-news-paris","22":"tag-paris","23":"tag-paris-news","24":"tag-republique-francaise","25":"tag-rmc"},"share_on_mastodon":{"url":"https:\/\/pubeurope.com\/@fr\/115555095200296520","error":""},"_links":{"self":[{"href":"https:\/\/www.europesays.com\/fr\/wp-json\/wp\/v2\/posts\/536498","targetHints":{"allow":["GET"]}}],"collection":[{"href":"https:\/\/www.europesays.com\/fr\/wp-json\/wp\/v2\/posts"}],"about":[{"href":"https:\/\/www.europesays.com\/fr\/wp-json\/wp\/v2\/types\/post"}],"author":[{"embeddable":true,"href":"https:\/\/www.europesays.com\/fr\/wp-json\/wp\/v2\/users\/2"}],"replies":[{"embeddable":true,"href":"https:\/\/www.europesays.com\/fr\/wp-json\/wp\/v2\/comments?post=536498"}],"version-history":[{"count":0,"href":"https:\/\/www.europesays.com\/fr\/wp-json\/wp\/v2\/posts\/536498\/revisions"}],"wp:featuredmedia":[{"embeddable":true,"href":"https:\/\/www.europesays.com\/fr\/wp-json\/wp\/v2\/media\/536499"}],"wp:attachment":[{"href":"https:\/\/www.europesays.com\/fr\/wp-json\/wp\/v2\/media?parent=536498"}],"wp:term":[{"taxonomy":"category","embeddable":true,"href":"https:\/\/www.europesays.com\/fr\/wp-json\/wp\/v2\/categories?post=536498"},{"taxonomy":"post_tag","embeddable":true,"href":"https:\/\/www.europesays.com\/fr\/wp-json\/wp\/v2\/tags?post=536498"}],"curies":[{"name":"wp","href":"https:\/\/api.w.org\/{rel}","templated":true}]}}