{"id":536510,"date":"2025-11-15T18:25:17","date_gmt":"2025-11-15T18:25:17","guid":{"rendered":"https:\/\/www.europesays.com\/fr\/536510\/"},"modified":"2025-11-15T18:25:17","modified_gmt":"2025-11-15T18:25:17","slug":"sarah-ferguson-prete-a-quitter-langleterre-pour-le-portugal","status":"publish","type":"post","link":"https:\/\/www.europesays.com\/fr\/536510\/","title":{"rendered":"Sarah Ferguson pr\u00eate \u00e0 quitter l\u2019Angleterre pour le Portugal ?"},"content":{"rendered":"<p>Un voisin l&rsquo;assure au <a target=\"_blank\" href=\"https:\/\/www.express.co.uk\/news\/royal\/2133510\/sarah-ferguson-portugal-flee-uk-scandal\" rel=\"nofollow noopener\">Daily Express<\/a>, \u00ab\u00a0la rumeur dit que <strong>Fergie arrivera en janvier<\/strong>. Nul ne sait combien de temps elle restera, mais si c&rsquo;est \u00e0 long terme je peux vous assurer qu&rsquo;elle se fondra parfaitement dans la vie mondaine locale !\u00a0\u00bb Voil\u00e0 le dernier potin qui agite le <strong>tr\u00e8s chic Costa Terra Golf &amp; Ocean Club<\/strong>, une r\u00e9sidence priv\u00e9e id\u00e9alement situ\u00e9e face \u00e0 l\u2019Atlantique \u00e0 une heure au sud de Lisbonne. Depuis 2022, la <a target=\"_blank\" href=\"https:\/\/www.pointdevue.fr\/grand-angle\/biographies\/eugenie-dyork\" rel=\"nofollow noopener\">princesse Eugenie<\/a>, son \u00e9poux <a target=\"_blank\" href=\"https:\/\/www.pointdevue.fr\/grand-angle\/biographies\/jack-brooksbank\" rel=\"nofollow noopener\">Jack Brooksbank<\/a> et leurs fils August et Ernest passent une partie de l\u2019ann\u00e9e dans ce nouvel eldorado pour VIP. <a target=\"_blank\" href=\"https:\/\/www.pointdevue.fr\/royal\/royaume-uni\/la-princesse-eugenie-sa-nouvelle-vie-au-portugal\" rel=\"nofollow noopener\">Jack ayant d\u00e9croch\u00e9 un emploi<\/a> dans la compagnie exploitant ce complexe, <strong>ils profitent sur place d\u2019une sublime villa \u00e0 4 millions d\u2019euros<\/strong>.\u00a0<\/p>\n<p>Or des amis de <a target=\"_blank\" href=\"https:\/\/www.pointdevue.fr\/grand-angle\/biographies\/sarah-ferguson\" rel=\"nofollow noopener\">Sarah Ferguson<\/a> affirment qu\u2019une chambre d\u2019amis est actuellement pr\u00e9par\u00e9e pour elle dans <strong>ce paradis de bord de mer o\u00f9 <\/strong><a target=\"_blank\" href=\"https:\/\/www.pointdevue.fr\/grand-angle\/biographies\/prince-harry\" rel=\"nofollow noopener\"><strong>Harry<\/strong><\/a><strong> et <\/strong><a target=\"_blank\" href=\"https:\/\/www.pointdevue.fr\/grand-angle\/biographies\/meghan-markle\" rel=\"nofollow noopener\"><strong>Meghan<\/strong><\/a><strong> ont eux aussi <\/strong><a target=\"_blank\" href=\"https:\/\/www.pointdevue.fr\/royal\/royaume-uni\/harry-et-meghan-leur-sejour-en-toute-discretion-au-portugal\" rel=\"nofollow noopener\"><strong>\u00e9t\u00e9 re\u00e7us par Eugenie par le pass\u00e9<\/strong><\/a>\u2026 Ils ont tellement appr\u00e9ci\u00e9 ce s\u00e9jour que <a target=\"_blank\" href=\"https:\/\/www.pointdevue.fr\/royal\/royaume-uni\/harry-et-meghan-soffrent-un-petit-coin-de-paradis-au-portugal\" rel=\"nofollow noopener\">les Sussex ont m\u00eame consid\u00e9r\u00e9 l\u2019achat d\u2019une villa dans la r\u00e9gion<\/a>, comme l&rsquo;ont d\u00e9j\u00e0 fait Madonna ou le d\u00e9corateur Jacques Grange.<\/p>\n<p>Se mettre au vert et au soleil<\/p>\n<p>Emp\u00eatr\u00e9e dans les <a target=\"_blank\" href=\"https:\/\/www.pointdevue.fr\/royal\/royaume-uni\/sarah-ferguson-de-plus-en-plus-seule-apres-les-nouvelles-revelations-sur-laffaire-epstein\" rel=\"nofollow noopener\">suites de l\u2019affaire Epstein<\/a> et la disgr\u00e2ce d\u2019Andrew, la presse britannique dit la m\u00e8re des princesses <a target=\"_blank\" href=\"https:\/\/www.pointdevue.fr\/grand-angle\/biographies\/princesse-beatrice\" rel=\"nofollow noopener\">Beatrice<\/a> et Eugenie \u00ab\u00a0au bord de la crise de nerfs\u00a0\u00bb. L\u2019ex-duchesse d\u2019York chercherait d\u00e9sesp\u00e9r\u00e9ment un moyen de <strong>d\u00e9passer le scandale pour r\u00e9habiliter une \u00e9ni\u00e8me fois son image<\/strong>. Premi\u00e8re \u00e9tape\u00a0: se mettre au vert et se faire oublier\u00a0?<\/p>\n<p>Pour <a target=\"_blank\" href=\"https:\/\/www.pointdevue.fr\/grand-angle\/biographies\/prince-andrew\" rel=\"nofollow noopener\">Andrew<\/a>, c\u2019est act\u00e9\u00a0: lorsqu\u2019il rendra les clefs de l\u2019immense manoir de Royal Lodge \u00e0 Windsor, <strong>celui qui n\u2019est plus prince mais monsieur Mountbatten-Windsor emm\u00e9nagera quelque part sur le domaine priv\u00e9 de Sandringham<\/strong>, aux frais de son fr\u00e8re le roi <a target=\"_blank\" href=\"https:\/\/www.pointdevue.fr\/grand-angle\/biographies\/charles-iii\" rel=\"nofollow noopener\">Charles III<\/a>. En revanche, la Couronne a laiss\u00e9 \u00e0 son ex-\u00e9pouse Sarah, qui partageait encore son toit, le soin de trouver par elle-m\u00eame une solution de relogement.<\/p>\n<p><img decoding=\"async\" src=\"https:\/\/www.europesays.com\/fr\/wp-content\/uploads\/2025\/11\/SIPA_shutterstock41293887_000025Qe1B9TfTH7.jpg\" alt=\"Sarah et sa fille Eugenie aux courses d'Ascot, en juin 2025.\"\/><strong>Sarah et sa fille Eugenie aux courses d&rsquo;Ascot, en juin 2025.<\/strong> \u00a9 Victoria Jones\/Shutterstock\/SIPA<\/p>\n<p>Ayant r\u00e9cemment <a target=\"_blank\" href=\"https:\/\/www.pointdevue.fr\/royal\/royaume-uni\/coup-dur-pour-beatrice-et-eugenie-sarah-ferguson-leur-fait-perdre-beaucoup-dargent\" rel=\"nofollow noopener\">vendu (\u00e0 perte) la villa qu\u2019elle avait achet\u00e9e \u00e0 Londres<\/a>, dans le tr\u00e8s cossu quartier de Belgravia, pour Fergie les options se font rares. Partir vivre avec sa s\u0153ur Jane, en Australie\u00a0? Moins loin et tout aussi ensoleill\u00e9, le Portugal appara\u00eet une option particuli\u00e8rement s\u00e9duisante. La chanson ne dit-elle pas que tout serait moins p\u00e9nible au soleil\u00a0?<\/p>\n<p>Lire aussi &gt;&gt; <a target=\"_blank\" href=\"https:\/\/www.pointdevue.fr\/royal\/royaume-uni\/andrew-destitue-de-son-titre-de-prince-la-decision-est-enfin-officielle\" rel=\"nofollow noopener\">Andrew destitu\u00e9 de son titre de prince, la d\u00e9cision est enfin officielle<\/a><\/p>\n","protected":false},"excerpt":{"rendered":"Un voisin l&rsquo;assure au Daily Express, \u00ab\u00a0la rumeur dit que Fergie arrivera en janvier. Nul ne sait combien&hellip;\n","protected":false},"author":2,"featured_media":536511,"comment_status":"","ping_status":"","sticky":false,"template":"","format":"standard","meta":{"footnotes":""},"categories":[1588],"tags":[11,1777,674,12,473,1853,1851,1850,1852],"class_list":{"0":"post-536510","1":"post","2":"type-post","3":"status-publish","4":"format-standard","5":"has-post-thumbnail","7":"category-royaume-uni","8":"tag-actualites","9":"tag-eu","10":"tag-europe","11":"tag-news","12":"tag-royaume-uni","13":"tag-royaume-uni-de-grande-bretagne-et-dirlande-du-nord","14":"tag-uk","15":"tag-united-kingdom","16":"tag-united-kingdom-of-great-britain-and-northern-ireland"},"share_on_mastodon":{"url":"https:\/\/pubeurope.com\/@fr\/115555122440586502","error":""},"_links":{"self":[{"href":"https:\/\/www.europesays.com\/fr\/wp-json\/wp\/v2\/posts\/536510","targetHints":{"allow":["GET"]}}],"collection":[{"href":"https:\/\/www.europesays.com\/fr\/wp-json\/wp\/v2\/posts"}],"about":[{"href":"https:\/\/www.europesays.com\/fr\/wp-json\/wp\/v2\/types\/post"}],"author":[{"embeddable":true,"href":"https:\/\/www.europesays.com\/fr\/wp-json\/wp\/v2\/users\/2"}],"replies":[{"embeddable":true,"href":"https:\/\/www.europesays.com\/fr\/wp-json\/wp\/v2\/comments?post=536510"}],"version-history":[{"count":0,"href":"https:\/\/www.europesays.com\/fr\/wp-json\/wp\/v2\/posts\/536510\/revisions"}],"wp:featuredmedia":[{"embeddable":true,"href":"https:\/\/www.europesays.com\/fr\/wp-json\/wp\/v2\/media\/536511"}],"wp:attachment":[{"href":"https:\/\/www.europesays.com\/fr\/wp-json\/wp\/v2\/media?parent=536510"}],"wp:term":[{"taxonomy":"category","embeddable":true,"href":"https:\/\/www.europesays.com\/fr\/wp-json\/wp\/v2\/categories?post=536510"},{"taxonomy":"post_tag","embeddable":true,"href":"https:\/\/www.europesays.com\/fr\/wp-json\/wp\/v2\/tags?post=536510"}],"curies":[{"name":"wp","href":"https:\/\/api.w.org\/{rel}","templated":true}]}}