{"id":536512,"date":"2025-11-15T18:26:25","date_gmt":"2025-11-15T18:26:25","guid":{"rendered":"https:\/\/www.europesays.com\/fr\/536512\/"},"modified":"2025-11-15T18:26:25","modified_gmt":"2025-11-15T18:26:25","slug":"pour-son-budget-2026-lallemagne-laisse-filer-la-dette","status":"publish","type":"post","link":"https:\/\/www.europesays.com\/fr\/536512\/","title":{"rendered":"Pour son budget 2026, l\u2019Allemagne laisse filer la dette"},"content":{"rendered":"<p>\n    Le budget de l\u2019ann\u00e9e \u00e0 venir devrait \u00eatre officiellement adopt\u00e9 par le Bundestag la derni\u00e8re semaine de novembre.<\/p>\n<p class=\"fig-paragraph\">En Allemagne, le budget 2026 est en bonne voie. Aux petites heures de la matin\u00e9e de vendredi, apr\u00e8s plus de 15\u00a0heures de d\u00e9bats, les d\u00e9put\u00e9s du\u00a0<a href=\"http:\/\/www.lefigaro.fr\/flash-eco\/allemagne-apres-des-mois-de-retard-le-bundestag-adopte-le-budget-2025-et-renforce-les-depenses-militaires-20250918\" target=\"_blank\" data-fig-type=\"NewsFlash\" rel=\"noopener\" data-gtm-custom-categorie=\"navigation\" data-gtm-custom-action=\"crossclick\" data-gtm-custom-label=\"Contextuel\" data-gtm-event=\"customEventSPE\" data-fig-domain=\"LEFIGARO\">Bundestag<\/a>\u00a0ont adopt\u00e9 en commission le projet de budget pour l\u2019ann\u00e9e \u00e0 venir. Le vote final devrait se tenir la semaine du 24\u00a0novembre. \u00ab\u00a0Des d\u00e9penses d\u2019un montant de 524,5\u00a0milliards d\u2019euros sont pr\u00e9vues\u00a0\u00bb, pr\u00e9cise le Bundestag.<\/p>\n<p class=\"fig-paragraph\">Ce budget 2026, en augmentation par rapport \u00e0 celui de 2025 qui s\u2019\u00e9tablissait \u00e0 502,55\u00a0milliards, pr\u00e9voit par ailleurs une dette de 97,97\u00a0milliards. En y ajoutant les emprunts destin\u00e9s aux forces arm\u00e9es, aux infrastructures et au climat, elle atteint les 180\u00a0milliards d\u2019euros. Outre-Rhin, la presse rappelle que, une seule fois, ce montant a \u00e9t\u00e9 plus \u00e9lev\u00e9\u00a0: pendant la\u00a0<a href=\"http:\/\/sante.lefigaro.fr\/medecine\/une-femme-sur-deux-souffrant-de-covid-long-presente-des-saignements-anormaux-20251019\" target=\"_blank\" data-fig-type=\"Article\" rel=\"noopener\" data-gtm-custom-categorie=\"navigation\" data-gtm-custom-action=\"crossclick\" data-gtm-custom-label=\"Contextuel\" data-gtm-event=\"customEventSPE\" data-fig-domain=\"SANTE\">pand\u00e9mie de coronavirus<\/a>, en 2021.<\/p>\n<p class=\"fig-body-link\">\n            \u00c0 lire aussi<br \/>\n        <a class=\"fig-body-link__link\" href=\"http:\/\/www.lefigaro.fr\/international\/allemagne-le-bazooka-d-investissements-de-friedrich-merz-soumis-au-vote-des-deputes-20250318\" target=\"_blank\" data-fig-type=\"NewsFlash\" rel=\"noopener\" data-gtm-custom-categorie=\"navigation\" data-gtm-custom-action=\"crossclick\" data-gtm-custom-label=\"Contextuel\" data-gtm-event=\"customEventSPE\" data-fig-domain=\"LEFIGARO\"><\/p>\n<p>        Le Bundestag ouvre la voie au r\u00e9armement de l\u2019Allemagne<br \/>\n    <\/a>\n<\/p>\n<p>                                    <a class=\"fig-a11y-skip a11y-hidden\" href=\"#fig-a11y-skip-main-inarticle\"><br \/>\n        Passer la publicit\u00e9<br \/>\n    <\/a><\/p>\n<p>La mise en garde des \u00ab\u00a0sages\u00a0\u00bb<\/p>\n<p class=\"fig-paragraph\">Au mois de mars dernier, juste apr\u00e8s avoir remport\u00e9 les \u00e9lections l\u00e9gislatives mais avant d\u2019\u00eatre officiellement \u00e9lu chancelier, Friedrich Merz (CDU) avait fait assouplir le sacro-saint frein \u00e0 la dette en mati\u00e8re de d\u00e9penses s\u00e9curitaires et fait adopter un fonds de 500\u00a0milliards destin\u00e9s \u00e0 la modernisation des infrastructures et \u00e0 la protection du climat.<\/p>\n<p class=\"fig-paragraph\">La semaine derni\u00e8re, lors de la pr\u00e9sentation de leur rapport 2025-2026, les \u00ab\u00a0sages\u00a0\u00bb du Conseil allemand des experts \u00e9conomiques ont appel\u00e9 l\u2019ex\u00e9cutif \u00e0 \u00ab\u00a0am\u00e9liorer la mise en \u0153uvre concr\u00e8te\u00a0\u00bb de ce plan, au risque, ont-ils pr\u00e9venu, de \u00ab\u00a0g\u00e2cher les opportunit\u00e9s de croissance\u00a0\u00bb et de \u00ab\u00a0compromettre la capacit\u00e9 de l\u2019\u00c9tat allemand \u00e0 supporter sa dette \u00e0 long terme\u00a0\u00bb.<\/p>\n","protected":false},"excerpt":{"rendered":"Le budget de l\u2019ann\u00e9e \u00e0 venir devrait \u00eatre officiellement adopt\u00e9 par le Bundestag la derni\u00e8re semaine de novembre.&hellip;\n","protected":false},"author":2,"featured_media":536513,"comment_status":"","ping_status":"","sticky":false,"template":"","format":"standard","meta":{"footnotes":""},"categories":[1587],"tags":[11,672,1003,1804,1805,6327,1803,1777,674,1801,12,1802],"class_list":{"0":"post-536512","1":"post","2":"type-post","3":"status-publish","4":"format-standard","5":"has-post-thumbnail","7":"category-allemagne","8":"tag-actualites","9":"tag-allemagne","10":"tag-budget","11":"tag-bundesrepublik-deutschland","12":"tag-de","13":"tag-dette","14":"tag-deutschland","15":"tag-eu","16":"tag-europe","17":"tag-germany","18":"tag-news","19":"tag-republique-federale-dallemagne"},"share_on_mastodon":{"url":"https:\/\/pubeurope.com\/@fr\/115555125479719877","error":""},"_links":{"self":[{"href":"https:\/\/www.europesays.com\/fr\/wp-json\/wp\/v2\/posts\/536512","targetHints":{"allow":["GET"]}}],"collection":[{"href":"https:\/\/www.europesays.com\/fr\/wp-json\/wp\/v2\/posts"}],"about":[{"href":"https:\/\/www.europesays.com\/fr\/wp-json\/wp\/v2\/types\/post"}],"author":[{"embeddable":true,"href":"https:\/\/www.europesays.com\/fr\/wp-json\/wp\/v2\/users\/2"}],"replies":[{"embeddable":true,"href":"https:\/\/www.europesays.com\/fr\/wp-json\/wp\/v2\/comments?post=536512"}],"version-history":[{"count":0,"href":"https:\/\/www.europesays.com\/fr\/wp-json\/wp\/v2\/posts\/536512\/revisions"}],"wp:featuredmedia":[{"embeddable":true,"href":"https:\/\/www.europesays.com\/fr\/wp-json\/wp\/v2\/media\/536513"}],"wp:attachment":[{"href":"https:\/\/www.europesays.com\/fr\/wp-json\/wp\/v2\/media?parent=536512"}],"wp:term":[{"taxonomy":"category","embeddable":true,"href":"https:\/\/www.europesays.com\/fr\/wp-json\/wp\/v2\/categories?post=536512"},{"taxonomy":"post_tag","embeddable":true,"href":"https:\/\/www.europesays.com\/fr\/wp-json\/wp\/v2\/tags?post=536512"}],"curies":[{"name":"wp","href":"https:\/\/api.w.org\/{rel}","templated":true}]}}