{"id":536516,"date":"2025-11-15T18:28:15","date_gmt":"2025-11-15T18:28:15","guid":{"rendered":"https:\/\/www.europesays.com\/fr\/536516\/"},"modified":"2025-11-15T18:28:15","modified_gmt":"2025-11-15T18:28:15","slug":"un-accord-provisoire-sur-le-budget-de-lue-pour-2026","status":"publish","type":"post","link":"https:\/\/www.europesays.com\/fr\/536516\/","title":{"rendered":"Un accord provisoire sur le budget de l&rsquo;UE pour 2026"},"content":{"rendered":"<p class=\"ap-StoryElement ap-StoryElement--mb ap-StoryText\">Le niveau global des cr\u00e9dits d&rsquo;engagement pour 2026 (promesses juridiques de paiement au cours de la m\u00eame ann\u00e9e ou plus tard) atteint 192,8 milliards d&rsquo;euros, dont 715 millions r\u00e9serv\u00e9s pour r\u00e9pondre \u00e0 des besoins impr\u00e9vus. Une majorit\u00e9 des \u00c9tats membres avait demand\u00e9 la cr\u00e9ation de cette r\u00e9serve financi\u00e8re.<\/p>\n<p class=\"ap-StoryElement ap-StoryElement--mb ap-StoryText\">Au cours des n\u00e9gociations qui se sont prolong\u00e9es jusque tard dans la nuit, le Parlement europ\u00e9en a r\u00e9ussi \u00e0 supprimer un certain nombre d&rsquo;\u00e9conomies propos\u00e9es par les \u00c9tats membres. Ceux-ci souhaitaient que le budget pour 2026 ne d\u00e9passe pas 186,2 milliards d&rsquo;euros.<\/p>\n<p>Pour acc\u00e9der \u00e0 cet article, veuillez vous connecter au r\u00e9seau internet.<\/p>\n","protected":false},"excerpt":{"rendered":"Le niveau global des cr\u00e9dits d&rsquo;engagement pour 2026 (promesses juridiques de paiement au cours de la m\u00eame ann\u00e9e&hellip;\n","protected":false},"author":2,"featured_media":536517,"comment_status":"","ping_status":"","sticky":false,"template":"","format":"standard","meta":{"footnotes":""},"categories":[1586],"tags":[11,4763,1003,1777,674,1779,1011,27,12,25,1778,364],"class_list":{"0":"post-536516","1":"post","2":"type-post","3":"status-publish","4":"format-standard","5":"has-post-thumbnail","7":"category-europe","8":"tag-actualites","9":"tag-agenda","10":"tag-budget","11":"tag-eu","12":"tag-europe","13":"tag-european-union","14":"tag-fr","15":"tag-france","16":"tag-news","17":"tag-republique-francaise","18":"tag-ue","19":"tag-union-europeenne"},"share_on_mastodon":{"url":"https:\/\/pubeurope.com\/@fr\/115555133347004939","error":""},"_links":{"self":[{"href":"https:\/\/www.europesays.com\/fr\/wp-json\/wp\/v2\/posts\/536516","targetHints":{"allow":["GET"]}}],"collection":[{"href":"https:\/\/www.europesays.com\/fr\/wp-json\/wp\/v2\/posts"}],"about":[{"href":"https:\/\/www.europesays.com\/fr\/wp-json\/wp\/v2\/types\/post"}],"author":[{"embeddable":true,"href":"https:\/\/www.europesays.com\/fr\/wp-json\/wp\/v2\/users\/2"}],"replies":[{"embeddable":true,"href":"https:\/\/www.europesays.com\/fr\/wp-json\/wp\/v2\/comments?post=536516"}],"version-history":[{"count":0,"href":"https:\/\/www.europesays.com\/fr\/wp-json\/wp\/v2\/posts\/536516\/revisions"}],"wp:featuredmedia":[{"embeddable":true,"href":"https:\/\/www.europesays.com\/fr\/wp-json\/wp\/v2\/media\/536517"}],"wp:attachment":[{"href":"https:\/\/www.europesays.com\/fr\/wp-json\/wp\/v2\/media?parent=536516"}],"wp:term":[{"taxonomy":"category","embeddable":true,"href":"https:\/\/www.europesays.com\/fr\/wp-json\/wp\/v2\/categories?post=536516"},{"taxonomy":"post_tag","embeddable":true,"href":"https:\/\/www.europesays.com\/fr\/wp-json\/wp\/v2\/tags?post=536516"}],"curies":[{"name":"wp","href":"https:\/\/api.w.org\/{rel}","templated":true}]}}