{"id":536530,"date":"2025-11-15T18:40:13","date_gmt":"2025-11-15T18:40:13","guid":{"rendered":"https:\/\/www.europesays.com\/fr\/536530\/"},"modified":"2025-11-15T18:40:13","modified_gmt":"2025-11-15T18:40:13","slug":"hugo-toumire-arrete-sa-carriere-actualite","status":"publish","type":"post","link":"https:\/\/www.europesays.com\/fr\/536530\/","title":{"rendered":"Hugo Toumire arr\u00eate sa carri\u00e8re &#8211; Actualit\u00e9"},"content":{"rendered":"<p style=\"text-align: justify;\">Non-conserv\u00e9 par Cofidis apr\u00e8s quatre saisons,\u00a0<a href=\"https:\/\/www.directvelo.com\/coureur\/26972\/hugo-toumire\" target=\"_blank\" rel=\"noopener\"><strong>Hugo Toumire<\/strong><\/a>\u00a0ne sera plus dans les pelotons en 2026. \u00ab\u00a0C&rsquo;est le\u00a0c\u0153ur l\u00e9ger que je vous annonce la fin de ma carri\u00e8re cycliste. Le but n&rsquo;est pas de m&rsquo;\u00e9tendre sur les multiples raisons qui m&rsquo;ont conduit \u00e0 ce choix mais plut\u00f4t de remercier ceux qui ont \u00e9t\u00e9 pr\u00e9sents pour moi dans les bons comme dans les moments plus difficiles\u00a0\u00bb, \u00e9crit-il sur Instagram.\u00a0<\/p>\n<p>Avant son passage chez les professionnels, il s&rsquo;\u00e9tait distingu\u00e9 en remportant la Course de la Paix Juniors et en se classant 2e de Paris-Roubaix. Apr\u00e8s le VC Catenay, il avait choisi de rejoindre le Chamb\u00e9ry CF en 2020 pour ses d\u00e9buts chez les Espoirs. L&rsquo;ann\u00e9e suivante, il avait opt\u00e9 pour le VC Rouen 76. Pendant cette saison 2021, il s&rsquo;\u00e9tait fait remarquer avec l&rsquo;\u00e9quipe de France en prenant la 5e place du Tour de l\u2019Avenir. Quelques mois plus t\u00f4t, d\u00e9j\u00e0 avec les tricolores, il avait fini 5e du Tour de Savoie Mont-Blanc (2 2) et 17e de la Route d&rsquo;Occitanie (2.1), face aux professionnels.\u00a0<\/p>\n<p>Une fois le Rubicon franchi en 2021, il avait termin\u00e9 d\u00e8s son arriv\u00e9e 17e du Tour d&rsquo;Oman (2.Pro) mais la suite fut plus compliqu\u00e9e. Au cours de ses quatre saisons chez Cofidis, il n&rsquo;aura pas obtenu de Top 10 except\u00e9 une 10e place sur une \u00e9tape du Tour du Langkawi (2.Pro) en 2021.<\/p>\n<p>\u00ab\u00a0Le v\u00e9lo fut une tr\u00e8s belle aventure de quatorze ann\u00e9es, \u00e0 sillonner les routes. Je pars riche de ces exp\u00e9riences, heureux d&rsquo;avoir v\u00e9cu tout \u00e7a et aujourd&rsquo;hui, simplement heureux d&rsquo;arr\u00eater\u00a0\u00bb. Il va se lancer dans le trail.\u00a0\u00a0<\/p>\n<p>Retrouvez tous les transferts de l\u2019intersaison 2025-2026 <a href=\"https:\/\/www.directvelo.com\/mutations\/2026#teams-pro\" target=\"_blank\" rel=\"noopener\"><strong>en cliquant ici<\/strong><\/a>.<\/p>\n","protected":false},"excerpt":{"rendered":"Non-conserv\u00e9 par Cofidis apr\u00e8s quatre saisons,\u00a0Hugo Toumire\u00a0ne sera plus dans les pelotons en 2026. \u00ab\u00a0C&rsquo;est le\u00a0c\u0153ur l\u00e9ger que&hellip;\n","protected":false},"author":2,"featured_media":536531,"comment_status":"","ping_status":"","sticky":false,"template":"","format":"standard","meta":{"footnotes":""},"categories":[1411],"tags":[834,828,836,829,837,827,83,826,824,823,1154,207,814,817,815,816,822,821,832,211,839,1011,27,820,818,819,835,831,830,833,838,60,212,208,825],"class_list":{"0":"post-536530","1":"post","2":"type-post","3":"status-publish","4":"format-standard","5":"has-post-thumbnail","7":"category-cyclisme","8":"tag-attaque","9":"tag-belgique","10":"tag-braquet","11":"tag-bretagne","12":"tag-chute","13":"tag-competition","14":"tag-coupe-de-france","15":"tag-coureur","16":"tag-course-cyclisme","17":"tag-course-cycliste","18":"tag-cycling","19":"tag-cyclisme","20":"tag-direct","21":"tag-direct-velo","22":"tag-directvelo","23":"tag-directvelo-com","24":"tag-epreuve","25":"tag-epreuve-cycliste","26":"tag-federation-francaise-de-cyclisme","27":"tag-ffc","28":"tag-flandres","29":"tag-fr","30":"tag-france","31":"tag-live","32":"tag-live-course","33":"tag-live-epreuve","34":"tag-peloton","35":"tag-radio-peloton","36":"tag-radio-tour","37":"tag-ravitaillement","38":"tag-relance","39":"tag-sports","40":"tag-uci","41":"tag-velo","42":"tag-velos"},"share_on_mastodon":{"url":"https:\/\/pubeurope.com\/@fr\/115555180545835739","error":""},"_links":{"self":[{"href":"https:\/\/www.europesays.com\/fr\/wp-json\/wp\/v2\/posts\/536530","targetHints":{"allow":["GET"]}}],"collection":[{"href":"https:\/\/www.europesays.com\/fr\/wp-json\/wp\/v2\/posts"}],"about":[{"href":"https:\/\/www.europesays.com\/fr\/wp-json\/wp\/v2\/types\/post"}],"author":[{"embeddable":true,"href":"https:\/\/www.europesays.com\/fr\/wp-json\/wp\/v2\/users\/2"}],"replies":[{"embeddable":true,"href":"https:\/\/www.europesays.com\/fr\/wp-json\/wp\/v2\/comments?post=536530"}],"version-history":[{"count":0,"href":"https:\/\/www.europesays.com\/fr\/wp-json\/wp\/v2\/posts\/536530\/revisions"}],"wp:featuredmedia":[{"embeddable":true,"href":"https:\/\/www.europesays.com\/fr\/wp-json\/wp\/v2\/media\/536531"}],"wp:attachment":[{"href":"https:\/\/www.europesays.com\/fr\/wp-json\/wp\/v2\/media?parent=536530"}],"wp:term":[{"taxonomy":"category","embeddable":true,"href":"https:\/\/www.europesays.com\/fr\/wp-json\/wp\/v2\/categories?post=536530"},{"taxonomy":"post_tag","embeddable":true,"href":"https:\/\/www.europesays.com\/fr\/wp-json\/wp\/v2\/tags?post=536530"}],"curies":[{"name":"wp","href":"https:\/\/api.w.org\/{rel}","templated":true}]}}