{"id":536533,"date":"2025-11-15T18:42:12","date_gmt":"2025-11-15T18:42:12","guid":{"rendered":"https:\/\/www.europesays.com\/fr\/536533\/"},"modified":"2025-11-15T18:42:12","modified_gmt":"2025-11-15T18:42:12","slug":"jean-max-riviere-parolier-de-brigitte-bardot-juliette-greco-ou-france-gall-est-mort","status":"publish","type":"post","link":"https:\/\/www.europesays.com\/fr\/536533\/","title":{"rendered":"Jean-Max Rivi\u00e8re, parolier de Brigitte Bardot, Juliette Gr\u00e9co ou France Gall, est mort"},"content":{"rendered":"<p>La chanson fran\u00e7aise perd l\u2019un de ses grands serviteurs. Ce samedi, Jean-Max Rivi\u00e8re, parolier de nombreuses chansons pour <a href=\"https:\/\/www.20minutes.fr\/dossier\/brigitte_bardot\" class=\"c-link c-link--is-underlined\" target=\"_blank\" rel=\"noopener\">Brigitte Bardot<\/a>, Dalida, Juliette Gr\u00e9co, Fran\u00e7oise Hardy, <a href=\"https:\/\/www.20minutes.fr\/dossier\/france_gall\" class=\"c-link c-link--is-underlined\" target=\"_blank\" rel=\"noopener\">France Gall<\/a>, Sylvie Vartan ou Serge Reggiani, est d\u00e9c\u00e9d\u00e9 \u00e0 88 ans \u00e0 Royan (<a href=\"https:\/\/www.20minutes.fr\/dossier\/charente-maritime\" class=\"c-link c-link--is-underlined\" target=\"_blank\" rel=\"noopener\">Charente-Maritime<\/a>), a-t-on appris de sa famille.<\/p>\n<p>Aux c\u00f4t\u00e9s du compositeur G\u00e9rard Bourgeois, avec qui il a form\u00e9 un prolifique duo dans les ann\u00e9es\u00a01960 et 70, Jean-Max Rivi\u00e8re a sign\u00e9 pour Brigitte Bardot \u00ab\u00a0La Madrague\u00a0\u00bb en\u00a01962, mais aussi \u00ab\u00a0C\u2019est rigolo\u00a0\u00bb, \u00ab\u00a0A la fin de l\u2019\u00e9t\u00e9\u00a0\u00bb, \u00ab\u00a0Moi je joue\u00a0\u00bb\u2026<\/p>\n<p>Des centaines de succ\u00e8s<\/p>\n<p>Leurs centaines de productions communes ont \u00e9galement \u00e9t\u00e9 interpr\u00e9t\u00e9es par Juliette Gr\u00e9co (notamment \u00ab\u00a0Un petit poisson, un petit oiseau\u00a0\u00bb en\u00a01966), Les Compagnons de la chanson, Michel Delpech ou encore <a href=\"https:\/\/www.20minutes.fr\/culture\/dalida\/\" class=\"c-link c-link--is-underlined\" target=\"_blank\" rel=\"noopener\">Dalida<\/a>.<\/p>\n<\/p>\n<p>Longtemps membre du conseil d\u2019administration de la Sacem, Jean-Max Rivi\u00e8re a adapt\u00e9 en\u00a01964 pour Richard Anthony le tube am\u00e9ricain \u00ab\u00a0I Only want to be with you\u00a0\u00bb, devenu \u00ab\u00a0A pr\u00e9sent tu peux t\u2019en aller\u00a0\u00bb.<\/p>\n<p>Pour France Gall, Jean-Max Rivi\u00e8re et G\u00e9rard Bourgeois, d\u00e9c\u00e9d\u00e9 en\u00a02016, ont sign\u00e9 en\u00a01966 \u00ab\u00a0Il neige\u00a0\u00bb et \u00ab\u00a0Tu n\u2019as pas le droit\u00a0\u00bb. Deux ans plus tard, Serge Reggiani a rencontr\u00e9 le succ\u00e8s avec une autre de leurs cr\u00e9ations, \u00ab\u00a0Il suffisait de presque rien\u00a0\u00bb.<\/p>\n<p>\u00ab\u00a0L\u2019homme \u00e0 qui je dois toute ma carri\u00e8re vient de passer de l\u2019autre c\u00f4t\u00e9 de la vie\u00a0\u00bb<\/p>\n<p>Jean-Max Rivi\u00e8re a \u00e9galement particip\u00e9 \u00e0 l\u2019op\u00e9ra-rock \u00ab\u00a0La R\u00e9volution fran\u00e7aise\u00a0\u00bb de Claude-Michel Sch\u00f6nberg et Alain Boublil.<\/p>\n<p>Egalement chanteur, il a enregistr\u00e9 plusieurs disques dans les ann\u00e9es\u00a01960.<\/p>\n<p>\u00ab\u00a0L\u2019homme \u00e0 qui je dois toute ma carri\u00e8re vient de passer de l\u2019autre c\u00f4t\u00e9 de la vie\u2026 Son nom\u00a0: Jean-Max Rivi\u00e8re, grand auteur\u00a0\u00bb, a \u00e9crit sur Facebook le chanteur Alain Turban, qui lui doit plusieurs titres dont \u00ab\u00a0Marionnette\u00a0\u00bb et \u00ab\u00a0Quatri\u00e8me dimension\u00a0\u00bb.<\/p>\n","protected":false},"excerpt":{"rendered":"La chanson fran\u00e7aise perd l\u2019un de ses grands serviteurs. Ce samedi, Jean-Max Rivi\u00e8re, parolier de nombreuses chansons pour&hellip;\n","protected":false},"author":2,"featured_media":536534,"comment_status":"","ping_status":"","sticky":false,"template":"","format":"standard","meta":{"footnotes":""},"categories":[1359],"tags":[47,20224,2218,30521,3983,58,59,1011,27,44286,7549,17665,51516,1391,2219,973,2220,104,7409],"class_list":{"0":"post-536533","1":"post","2":"type-post","3":"status-publish","4":"format-standard","5":"has-post-thumbnail","7":"category-people","8":"tag-actualite","9":"tag-brigitte-bardot","10":"tag-charente-maritime","11":"tag-dalida","12":"tag-deces","13":"tag-divertissement","14":"tag-entertainment","15":"tag-fr","16":"tag-france","17":"tag-france-gall","18":"tag-francoise-hardy","19":"tag-juliette-greco","20":"tag-michel-delpech","21":"tag-necrologie","22":"tag-nouvelle-aquitaine","23":"tag-people","24":"tag-poitou-charentes","25":"tag-societe","26":"tag-sylvie-vartan"},"share_on_mastodon":{"url":"https:\/\/pubeurope.com\/@fr\/115555188428411183","error":""},"_links":{"self":[{"href":"https:\/\/www.europesays.com\/fr\/wp-json\/wp\/v2\/posts\/536533","targetHints":{"allow":["GET"]}}],"collection":[{"href":"https:\/\/www.europesays.com\/fr\/wp-json\/wp\/v2\/posts"}],"about":[{"href":"https:\/\/www.europesays.com\/fr\/wp-json\/wp\/v2\/types\/post"}],"author":[{"embeddable":true,"href":"https:\/\/www.europesays.com\/fr\/wp-json\/wp\/v2\/users\/2"}],"replies":[{"embeddable":true,"href":"https:\/\/www.europesays.com\/fr\/wp-json\/wp\/v2\/comments?post=536533"}],"version-history":[{"count":0,"href":"https:\/\/www.europesays.com\/fr\/wp-json\/wp\/v2\/posts\/536533\/revisions"}],"wp:featuredmedia":[{"embeddable":true,"href":"https:\/\/www.europesays.com\/fr\/wp-json\/wp\/v2\/media\/536534"}],"wp:attachment":[{"href":"https:\/\/www.europesays.com\/fr\/wp-json\/wp\/v2\/media?parent=536533"}],"wp:term":[{"taxonomy":"category","embeddable":true,"href":"https:\/\/www.europesays.com\/fr\/wp-json\/wp\/v2\/categories?post=536533"},{"taxonomy":"post_tag","embeddable":true,"href":"https:\/\/www.europesays.com\/fr\/wp-json\/wp\/v2\/tags?post=536533"}],"curies":[{"name":"wp","href":"https:\/\/api.w.org\/{rel}","templated":true}]}}