{"id":536545,"date":"2025-11-15T18:49:22","date_gmt":"2025-11-15T18:49:22","guid":{"rendered":"https:\/\/www.europesays.com\/fr\/536545\/"},"modified":"2025-11-15T18:49:22","modified_gmt":"2025-11-15T18:49:22","slug":"revivez-le-match-historique-entre-chateau-malo-et-bastia","status":"publish","type":"post","link":"https:\/\/www.europesays.com\/fr\/536545\/","title":{"rendered":"revivez le match historique entre Ch\u00e2teau-Malo et Bastia"},"content":{"rendered":"<p>                    Par<br \/>\n        <strong><br \/>\n            <a href=\"https:\/\/actu.fr\/auteur\/journaliste-pm\" title=\"Consulter tous les articles de R\u00e9daction Saint-Malo\" target=\"_blank\" rel=\"noopener\">R\u00e9daction Saint-Malo<\/a><br \/>\n                    <\/strong><\/p>\n<p>        Publi\u00e9 le<\/p>\n<p>            15 nov. 2025 \u00e0 18h15        <\/p>\n<p>Match historique ce samedi 15\u00a0novembre 2025 pour le compte du septi\u00e8me tour de la <a href=\"https:\/\/actu.fr\/tag\/coupe-de-france-de-football\" target=\"_blank\" rel=\"noopener\">Coupe de France de football<\/a>. Les amateurs de l\u2019US Ch\u00e2teau-Malo (R3), \u00e9quipe d\u00e9fendant fi\u00e8rement les couleurs d\u2019un quartier de <a href=\"https:\/\/actu.fr\/bretagne\/saint-malo_35288\" target=\"_blank\" rel=\"noopener\">Saint-Malo<\/a>, accueillent au stade de Marville, les professionnels du Sporting club de Bastia, formation de Ligue\u00a02. Six divisions s\u00e9parent les Bretons de leurs adversaires corses\u2009! Revivez le match en direct sur le site du <a href=\"https:\/\/actu.fr\/le-pays-malouin\/\" target=\"_blank\" rel=\"noopener\">Pays Malouin<\/a>\u2009:<\/p>\n<p>Bravo l\u2019US Ch\u00e2teau-Malo\u2009!<\/p>\n<p class=\" wall-content\">Fin du match avec de belles accolades entre les joueurs de Ch\u00e2teau-Malo et de Bastia. L\u2019\u00e9quipe Castel-Malouine aura \u00e9t\u00e9 m\u00e9ritante dans sa d\u00e9bauche d\u2019\u00e9nergie mais les 6 divisons d\u2019\u00e9cart ont eu raison des efforts et de la combativit\u00e9 des joueurs de Thierry Maquindus. L\u2019US Ch\u00e2teau-Malo peut \u00eatre fi\u00e8re de l\u2019image affich\u00e9e, d\u2019un \u00e9tat d\u2019esprit valeureux accompagn\u00e9 d\u2019une tr\u00e8s belle organisation de la part des dirigeants de l\u2019USCM. Une soir\u00e9e historique qui restera grav\u00e9e \u00e0 jamais dans les t\u00eates des joueurs, des dirigeants et des nombreux b\u00e9n\u00e9voles.<\/p>\n<p>    <img   decoding=\"async\" loading=\"lazy\" class=\"size-large\" src=\"https:\/\/www.europesays.com\/fr\/wp-content\/uploads\/2025\/11\/7fa8a874b819673b8a874b81967b8av-960x640.jpg\" alt=\"Haie d'honneur bien m\u00e9rit\u00e9e pour les Castelmalouins.\" width=\"960\" height=\"640\"\/><br \/>\n    Haie d\u2019honneur bien m\u00e9rit\u00e9e pour les Castelmalouins. \u00a9Nino Sauneuf<br \/>\n    <img   decoding=\"async\" loading=\"lazy\" class=\"size-large\" src=\"https:\/\/www.europesays.com\/fr\/wp-content\/uploads\/2025\/11\/1cc56874b819610d56874b819f3d56v-960x640.jpg\" alt=\"Ch\u00e2teau-Malo s'incline 6 \u00e0 0 face \u00e0 Bastia apr\u00e8s une \u00e9pop\u00e9e h\u00e9ro\u00efque et historique en Coupe de France.\" width=\"960\" height=\"640\"\/><br \/>\n    Ch\u00e2teau-Malo s\u2019incline 6 \u00e0 0 face \u00e0 Bastia apr\u00e8s une \u00e9pop\u00e9e h\u00e9ro\u00efque et historique en Coupe de France. \u00a9Nino Sauneuf<br \/>\n    <a href=\"https:\/\/www.facebook.com\/plugins\/video.php?height=476&amp;href=https%3A%2F%2Fwww.facebook.com%2Freel%2F1556726285352553%2F&amp;show_text=false&amp;width=350&amp;t=0\" title=\"Ouvrie le lien\" target=\"_blank\" rel=\"noopener\">Cliquez ici pour visualiser le contenu<\/a><\/p>\n<p>90\u2019\u2009: Fin du match \u00e0 Marville<\/p>\n<p class=\" wall-content\">Six divisions s\u00e9paraient les deux \u00e9quipes. Ch\u00e2teau-Malo en prend six face \u00e0 Bastia (0-6). L\u2019aventure en Coupe de France s\u2019arr\u00eate au septi\u00e8me tour.<\/p>\n<p>Vid\u00e9os : en ce moment sur Actu87\u2019\u2009: C\u2019est chaud Ch\u00e2teau-Malo\u2009!<\/p>\n<p class=\" wall-content\">Yann Vallerie s\u2019\u00e9croule dans la surface bastiaise. L\u2019arbitre ne bronche pas. Le public crie au scandale. Mais non, il n\u2019y avait pas faute.<\/p>\n<p>80\u2019\u2009: Dix minutes pour sauver l\u2019honneur<\/p>\n<p class=\" wall-content\">Le public de Marville pousse ses prot\u00e9g\u00e9s et r\u00eave d\u2019un but pour finir sur une bonne note cette incroyable \u00e9pop\u00e9e qui restera dans les annales du club.<\/p>\n<p>Votre r\u00e9gion, votre actu !<\/p>\n<p>Recevez chaque jour les infos qui comptent pour vous.<\/p>\n<p>\t<a href=\"https:\/\/actu.fr\/newsletter\" class=\"ac-btn ac-btn--corner ac-btn--medium ac-btn--blue800\" target=\"_blank\" rel=\"noopener\">S&rsquo;incrire<\/a><br \/>\n73\u2019\u2009: Thierry Maquindus fait tourner<\/p>\n<p class=\" wall-content\">Triple changement pour l\u2019US Ch\u00e2teau-Malo avec les entr\u00e9es en jeu de Corentin Salmon, Pierre Legac et Yann Vallerie \u00e0 la place de Tanguy Le Bras, Aymard Escallada et Kyllian Angot<\/p>\n<p>68\u2019\u2009: 6-0 pour Bastia\u2009!<\/p>\n<p class=\" wall-content\">Pas le temps de respirer que Bastia corse encore un peu plus l\u2019addition. T\u00eate de Donavan Basset qui finit au fond du but malouin.<\/p>\n<p>65\u2019\u2009: Et de cinq\u2009!<\/p>\n<p class=\" wall-content\">L\u2019addition commence \u00e0 devenir sal\u00e9e \u00e0 Marville.<\/p>\n<p class=\" wall-content\">Cinqui\u00e8me but Bastiais apr\u00e8s un beau mouvement collectif. C\u2019est en train de craquer. Entr\u00e9e de Marcelo Batista \u00e0 la place de Jeremi Fangbangani Ngoto pour apporter un peu de sang neuf dans l\u2019entrejeu des Rouge et Blanc.<\/p>\n<p>62\u2019\u2009: \u00c7a se corse\u2009!<\/p>\n<p class=\" wall-content\">Le bloc Castel-Malouin montre des signes de fatigue, chose qui \u00e9tait largement pr\u00e9visible. Les attaques Bastiaises s\u2019encha\u00eenent mais Romain Mallet et la d\u00e9fense de l\u2019USCM tiennent tant bien que mal. C\u2019est difficile mais le c\u0153ur est l\u00e0\u2009!<\/p>\n<p>55\u2019\u2009: Oooooh le lob de 60\u00a0m\u00e8tres\u2009!<\/p>\n<p class=\" wall-content\">Entr\u00e9e de Edwin Bonsang \u00e0 la place de Miguel Bohuon. Le d\u00e9but de seconde p\u00e9riode est plut\u00f4t convaincant c\u00f4t\u00e9 Castel-Malouin\u2026 Jusqu\u2019\u00e0 ce qu\u2019un milieu de terrain bastiais tente sa chance \u00e0 environ\u2026 60\u00a0m\u00e8tres du but gard\u00e9 par Romain Mallet avanc\u00e9. Le ballon file dans les filets. 0-4\u2009: les carottes sont (presque) cuites.<\/p>\n<p>    <img   decoding=\"async\" loading=\"lazy\" class=\"size-large\" src=\"https:\/\/www.europesays.com\/fr\/wp-content\/uploads\/2025\/11\/7e1180b7a8196722180b7a81956218v-960x640.jpg\" alt=\"Les Corses sont intraitables face aux Bretons.\" width=\"960\" height=\"640\"\/><br \/>\n    Les Corses sont intraitables face aux Bretons. \u00a9Nino Sauneuf46\u2019\u2009: C\u2019est la reprise<\/p>\n<p class=\" wall-content\">Reprise du match. Aucun changement \u00e0 signaler du c\u00f4t\u00e9 de l\u2019US Ch\u00e2teau-Malo.<\/p>\n<p>45\u2019\u2009: Et un frisson avant la pause\u2009!<\/p>\n<p class=\" wall-content\">Premier frisson \u00e0 Marville avec une belle interception de Nils Bonsang qui voit sa tentative d\u00e9vi\u00e9e en corner. Sur ce dernier, le m\u00eame Nils Bonsang obtient un tr\u00e8s bon coup franc plein axe \u00e0 20\u00a0m\u00e8tres du but Bastiais. Un coup de pied arr\u00eat\u00e9 renvoy\u00e9 par le mur adverse en corner une nouvelle fois\u2009! Un corner qui laissait passer un dernier frisson dans les trav\u00e9es de Marville avant que l\u2019arbitre ne renvoie les 22\u00a0acteurs de la rencontre aux vestiaires. Le score est lourd (0-3) mais la f\u00eate reste belle.<\/p>\n<p>    <img   decoding=\"async\" loading=\"lazy\" class=\"size-large\" src=\"https:\/\/www.europesays.com\/fr\/wp-content\/uploads\/2025\/11\/fb0f2084a8196df0f2084a819931f2v-960x638.jpg\" alt=\"Les Castelmalouins ont offert quelques frissons \u00e0 leurs supporters en fin de premi\u00e8re p\u00e9riode.\" width=\"960\" height=\"638\"\/><br \/>\n    Les Castelmalouins ont offert quelques frissons \u00e0 leurs supporters en fin de premi\u00e8re p\u00e9riode. \u00a9Nino Sauneuf39\u2019\u2009: Et 1, et 2, et\u2026 3 \u2013 0<\/p>\n<p class=\" wall-content\">Perte de balle \u00e0 25\u00a0m\u00e8tres, \u00e7a ne pardonne pas\u2026 Centre de Felix Tomi, reprise du plat du pied sign\u00e9 Zakaria Ariss. Et \u00e7a fait 3-0 pour Bastia\u2009!<\/p>\n<p>31\u2019\u2009: Eh oui, c\u2019est de la Ligue\u00a02 en face\u2026<\/p>\n<p class=\" wall-content\">Sauvetage sur sa ligne de Tanguy Le Bras qui suppl\u00e9e Romain Mallet sorti \u00e0 la rencontre de l\u2019attaquant Bastiais. La diff\u00e9rence athl\u00e9tique se fait clairement ressentir mais les co\u00e9quipiers de Mathis Angot montrent un beau visage avec beaucoup de solidarit\u00e9.<\/p>\n<p>23\u2019\u2009: 2-0 pour Bastia\u2009!<\/p>\n<p class=\" wall-content\">Dur, dur, dur. Retourn\u00e9e acrobatique \u00e0 bout portant de Roncaglia sur corner. Les Corses font le break.<\/p>\n<p>20\u2019\u2009: Ch\u00e2teau-Malo patiente<\/p>\n<p class=\" wall-content\">Malgr\u00e9 cette ouverture du score pr\u00e9coce dans la rencontre, les joueurs de Thierry Maquindus ne se livrent pas, tout en conservant leur tactique initiale. \u00c0 0-1, tout est encore possible\u2009!<\/p>\n<p>    <img   decoding=\"async\" loading=\"lazy\" class=\"size-large\" src=\"https:\/\/www.europesays.com\/fr\/wp-content\/uploads\/2025\/11\/ee5c8d1998196d26c8d1998196e6c8v-960x640.jpg\" alt=\"Les Bleus de Bastia ont tu\u00e9 le d\u00e9but de match en ouvrant le score d\u00e8s la 11' face aux Rouges de Ch\u00e2teau-Malo.\" width=\"960\" height=\"640\"\/><br \/>\n    Les Bleus de Bastia ont tu\u00e9 le d\u00e9but de match en ouvrant le score d\u00e8s la 11\u2032 face aux Rouges de Ch\u00e2teau-Malo. \u00a9Le Pays Malouin \/ Sa. S11\u2019\u2009: Ouverture du score pour Bastia<\/p>\n<p class=\" wall-content\">A\u00efe. A\u00efe. A\u00efe. Douche froide \u00e0 Marville. Ouverture du score bastiaise sur corner. Le ballon d\u00e9vi\u00e9 au premier poteau arrive sur Tomi seul pour pousser le ballon au fond des filets. Ch\u00e2teau-Malo \u2013 Bastia\u2009: 0-1.<\/p>\n<p>7\u2019\u2009: Un dernier rempart infranchissable<\/p>\n<p class=\" wall-content\">Sur un coup franc adverse, Romain Mallet (encore lui\u2009!!!) claque la tentative bastiaise au-dessus de sa barre transversale. Le gardien Castel-Malouin est en feu.<\/p>\n<p>5\u2019\u2009: Mallet impeccable\u2009!<\/p>\n<p class=\" wall-content\">Encore une sortie d\u00e9cisive de Romain Mallet qui sort rapidement dans les pieds de l\u2019attaquant corse. Ch\u00e2teau-Malo r\u00e9pond \u00e0 l\u2019engagement mis par les Corses.<\/p>\n<p>    <img   decoding=\"async\" loading=\"lazy\" class=\"size-large\" src=\"https:\/\/www.europesays.com\/fr\/wp-content\/uploads\/2025\/11\/067ddc19981960a7ddc199819dd7ddv-960x640.jpg\" alt=\"Le \" onze=\"\" castelmalouin=\"\" face=\"\" bastia.=\"\" width=\"960\" height=\"640\"\/><br \/>\n    Le \u00ab\u2009onze\u2009\u00bb castelmalouin face \u00e0 Bastia. \u00a9le Pays Malouin16h\u2009: c\u2019est parti \u00e0 Marville\u2009!<\/p>\n<p class=\" wall-content\">Le coup d\u2019envoi est donn\u00e9 par les Bastiais\u2009! Premi\u00e8re offensive des Corses avec un centre capt\u00e9 parfaitement par Romain Mallet. Le ton est donn\u00e9. Le pensionnaire de Ligue\u00a02 semble vouloir imposer du rythme en privil\u00e9giant les attaques sur les c\u00f4t\u00e9s.<\/p>\n<p>\u00c0 dix minutes du coup d\u2019envoi<\/p>\n<p class=\" wall-content\">L\u2019ambiance monte dans les trav\u00e9es de Marville pour ce match exceptionnel entre Ch\u00e2teau-Malo et Bastia. Pr\u00e8s de 3\u2009000 entr\u00e9es ont \u00e9t\u00e9 vendues\u2009!<\/p>\n<p>    <img   decoding=\"async\" loading=\"lazy\" class=\"size-large\" src=\"https:\/\/www.europesays.com\/fr\/wp-content\/uploads\/2025\/11\/5e5c3d1998196426c3d199819166c3v-960x640.jpg\" alt=\"Le chaudron de Marville.\" width=\"960\" height=\"640\"\/><br \/>\n    3\u2009000\u00a0spectateurs ont pris place dans le chaudron de Marville. \u00a9Le Pays MalouinLa compo de Ch\u00e2teau-Malo<\/p>\n<p class=\" wall-content\">1. Romain Mallet, 2. Nils Bonsang, 3. Alban Escallada, 4. Tanguy Le Bras, 5. Maxime Foucher, 6. Aymard Escallada, 7. Miguel Bohuon, 8. Mathis Angot (cap), 9. Arthur Lefeuvre, 10. Kyllian Angot, 11. J\u00e9r\u00e9mi Fangbangani Ngoto.<\/p>\n<p class=\" wall-content\">Rempla\u00e7ants\u2009: 12. Marcelo Afonso Batista, 13. Pierre Legac, 14. Corentin Salmon, 15. Bilel Dardouri, 16. Benjamin Jeglot, 17. Edwin Bonsang, 18. Yann Vallerie.<\/p>\n<p>Bastia sur la mauvaise pente<\/p>\n<p class=\" wall-content\">Bastia, c\u2019est une Coupe de France en 1981. Et un tr\u00e8s mauvais d\u00e9but de saison en Ligue\u2009: lanterne rouge avec sept points en treize matchs, les Corses n\u2019ont gagn\u00e9 qu\u2019une seule fois cette saison contre Clermont, il y a quinze jours. Le club traverse une crise avec le d\u00e9part de son directeur sportif embl\u00e9matique Fr\u00e9d\u00e9ric Antonetti. Sur le banc, Michel Moretti assume l\u2019int\u00e9rim apr\u00e8s le limogeage de Beno\u00eet Tavenot il y a quinze jours.<\/p>\n<p class=\" wall-content\">Personnalisez votre actualit\u00e9 en ajoutant vos villes et m\u00e9dias en favori avec <a href=\"https:\/\/moncompte.actu.fr\" title=\"D\u00e9couvez Mon Actu\" rel=\"nofollow noopener\" data-trk=\"{&quot;cta&quot;:{&quot;action&quot;:&quot;https:\\\/\\\/moncompte.actu.fr&quot;,&quot;category&quot;:&quot;mon compte&quot;,&quot;from&quot;:&quot;article footer&quot;,&quot;name&quot;:&quot;Mon actu&quot;,&quot;type&quot;:&quot;cta&quot;}}\" target=\"_blank\">Mon Actu<\/a>.<\/p>\n","protected":false},"excerpt":{"rendered":"Par R\u00e9daction Saint-Malo Publi\u00e9 le 15 nov. 2025 \u00e0 18h15 Match historique ce samedi 15\u00a0novembre 2025 pour le&hellip;\n","protected":false},"author":2,"featured_media":536546,"comment_status":"","ping_status":"","sticky":false,"template":"","format":"standard","meta":{"footnotes":""},"categories":[9],"tags":[83,15922,1011,27,60],"class_list":{"0":"post-536545","1":"post","2":"type-post","3":"status-publish","4":"format-standard","5":"has-post-thumbnail","7":"category-sports","8":"tag-coupe-de-france","9":"tag-coupe-de-france-de-football","10":"tag-fr","11":"tag-france","12":"tag-sports"},"share_on_mastodon":{"url":"https:\/\/pubeurope.com\/@fr\/115555217374338969","error":""},"_links":{"self":[{"href":"https:\/\/www.europesays.com\/fr\/wp-json\/wp\/v2\/posts\/536545","targetHints":{"allow":["GET"]}}],"collection":[{"href":"https:\/\/www.europesays.com\/fr\/wp-json\/wp\/v2\/posts"}],"about":[{"href":"https:\/\/www.europesays.com\/fr\/wp-json\/wp\/v2\/types\/post"}],"author":[{"embeddable":true,"href":"https:\/\/www.europesays.com\/fr\/wp-json\/wp\/v2\/users\/2"}],"replies":[{"embeddable":true,"href":"https:\/\/www.europesays.com\/fr\/wp-json\/wp\/v2\/comments?post=536545"}],"version-history":[{"count":0,"href":"https:\/\/www.europesays.com\/fr\/wp-json\/wp\/v2\/posts\/536545\/revisions"}],"wp:featuredmedia":[{"embeddable":true,"href":"https:\/\/www.europesays.com\/fr\/wp-json\/wp\/v2\/media\/536546"}],"wp:attachment":[{"href":"https:\/\/www.europesays.com\/fr\/wp-json\/wp\/v2\/media?parent=536545"}],"wp:term":[{"taxonomy":"category","embeddable":true,"href":"https:\/\/www.europesays.com\/fr\/wp-json\/wp\/v2\/categories?post=536545"},{"taxonomy":"post_tag","embeddable":true,"href":"https:\/\/www.europesays.com\/fr\/wp-json\/wp\/v2\/tags?post=536545"}],"curies":[{"name":"wp","href":"https:\/\/api.w.org\/{rel}","templated":true}]}}