{"id":536555,"date":"2025-11-15T18:54:14","date_gmt":"2025-11-15T18:54:14","guid":{"rendered":"https:\/\/www.europesays.com\/fr\/536555\/"},"modified":"2025-11-15T18:54:14","modified_gmt":"2025-11-15T18:54:14","slug":"des-centaines-de-viticulteurs-en-detresse-manifestent-pour-mettre-en-lumiere-la-souffrance-du-secteur","status":"publish","type":"post","link":"https:\/\/www.europesays.com\/fr\/536555\/","title":{"rendered":"Des centaines de viticulteurs en d\u00e9tresse manifestent pour mettre en lumi\u00e8re la souffrance du secteur"},"content":{"rendered":"<p>C\u2019est une manifestation \u00ab\u00a0de la derni\u00e8re chance\u00a0\u00bb. Plusieurs centaines de viticulteurs se sont \u00e9lanc\u00e9s ce samedi dans les rues de B\u00e9ziers (<a href=\"https:\/\/www.20minutes.fr\/societe\/herault\/\" class=\"c-link c-link--is-underlined\" target=\"_blank\" rel=\"noopener\">H\u00e9rault<\/a>), sonn\u00e9s par la conjonction des al\u00e9as climatiques et d\u2019une situation \u00e9conomique tr\u00e8s tendue depuis plusieurs ann\u00e9es. \u00ab\u00a0On a besoin d\u2019un triptyque\u00a0: un plan d\u2019arrachage, un plan de distillation et des pr\u00eats pour r\u00e9concilier la tr\u00e9sorerie puis relancer la commercialisation\u00a0\u00bb, a estim\u00e9 Jean-Samuel Eynard, venu de <a href=\"https:\/\/www.20minutes.fr\/bordeaux\/\" class=\"c-link c-link--is-underlined\" target=\"_blank\" rel=\"noopener\">Bordeaux <\/a>o\u00f9 il cultive 35 hectares de vigne d\u2019appellation C\u00f4te-de-bourg. \u00ab\u00a0Dans toutes les zones viticoles de France, c\u2019est compliqu\u00e9\u00a0\u00bb, a-t-il affirm\u00e9.<\/p>\n<\/p>\n<p>Consommation de <a href=\"https:\/\/www.20minutes.fr\/dossier\/vin\" class=\"c-link c-link--is-underlined\" target=\"_blank\" rel=\"noopener\">vin <\/a>des Fran\u00e7ais en recul, \u00e9pisodes de gel, de gr\u00eale et de s\u00e9cheresse qui se multiplient, <a href=\"https:\/\/www.20minutes.fr\/economie\/droits-douane-americains\/\" class=\"c-link c-link--is-underlined\" target=\"_blank\" rel=\"noopener\">droits de douane<\/a> de <a href=\"https:\/\/www.20minutes.fr\/dossier\/donald_trump\" class=\"c-link c-link--is-underlined\" target=\"_blank\" rel=\"noopener\">Donald Trump<\/a> et taxes chinoises sur le cognac et l\u2019armagnac\u2026 \u00ab\u00a0Jamais notre secteur n\u2019avait eu \u00e0 traverser en quatre ou cinq ans autant de crises avec des origines multiples, multifactorielles\u00a0\u00bb, a soulign\u00e9 Jean-Marie Fabre, vigneron audois et pr\u00e9sident national des Vignerons ind\u00e9pendants. \u00ab\u00a0Les tr\u00e9soreries sont aujourd\u2019hui totalement exsangues et les entreprises sont sur le point de l\u00e2cher\u00a0\u00bb, a-t-il ajout\u00e9.<\/p>\n<p>Remettre la souffrance \u00ab\u00a0au centre\u00a0\u00bb des d\u00e9bats<\/p>\n<p>Face \u00e0 la situation politique instable, l\u2019id\u00e9e de cette grande mobilisation \u00e0 B\u00e9ziers a commenc\u00e9 \u00ab\u00a0\u00e0 germer un peu avant les vendanges\u00a0\u00bb, avec pour objectif de remettre la souffrance de la <a href=\"https:\/\/www.20minutes.fr\/dossier\/viticulture\" class=\"c-link c-link--is-underlined\" target=\"_blank\" rel=\"noopener\">viticulture <\/a>fran\u00e7aise, \u00ab\u00a0que personne ne voit\u00a0\u00bb, \u00ab\u00a0au centre\u00a0\u00bb des d\u00e9bats. \u00ab\u00a0C\u2019est vu comme la <a href=\"https:\/\/www.20minutes.fr\/dossier\/manifestation\" class=\"c-link c-link--is-underlined\" target=\"_blank\" rel=\"noopener\">manifestation <\/a>de la derni\u00e8re chance. On n\u2019est pas loin du d\u00e9sespoir\u00a0\u00bb, avait plus t\u00f4t expliqu\u00e9 Jean-Pascal Pelagatti, viticulteur pr\u00e8s de B\u00e9ziers et secr\u00e9taire g\u00e9n\u00e9ral de la FDSEA de l\u2019H\u00e9rault (branche d\u00e9partementale de la <a href=\"https:\/\/www.20minutes.fr\/dossier\/fnsea\" class=\"c-link c-link--is-underlined\" target=\"_blank\" rel=\"noopener\">FNSEA<\/a>, premier syndicat agricole).<\/p>\n<p>Signe de l\u2019urgence, les syndicats FNSEA\/JA (Jeunes agriculteurs) et Coordination rurale ont mis de c\u00f4t\u00e9 leurs divergences pour participer ensemble \u00e0 cette mobilisation et porter une vingtaine de revendications communes comme \u00ab\u00a0la lutte contre les prix du vin abusivement bas pratiqu\u00e9s par les n\u00e9gociants et la grande distribution\u00a0\u00bb, la \u00ab\u00a0simplification\u00a0\u00bb des contraintes administratives, l\u2019acc\u00e8s \u00e0 l\u2019eau ou encore l\u2019assouplissement de la loi interdisant la publicit\u00e9 pour le vin.<\/p>\n<p>Apr\u00e8s avoir bloqu\u00e9 des autoroutes et manifest\u00e9 \u00e0 <a href=\"https:\/\/www.20minutes.fr\/dossier\/narbonne\" class=\"c-link c-link--is-underlined\" target=\"_blank\" rel=\"noopener\">Narbonne <\/a>en\u00a02023, les viticulteurs ont opt\u00e9 pour B\u00e9ziers, ville symbole d\u2019o\u00f9 \u00e9tait partie la grande r\u00e9volte viticole de\u00a01907. \u00ab\u00a0L\u2019<a href=\"https:\/\/www.20minutes.fr\/dossier\/occitanie\" class=\"c-link c-link--is-underlined\" target=\"_blank\" rel=\"noopener\">Occitanie<\/a>, premier vignoble de France avec 257.000 hectares, subit de plein fouet le <a href=\"https:\/\/www.20minutes.fr\/dossier\/changement_climatique\" class=\"c-link c-link--is-underlined\" target=\"_blank\" rel=\"noopener\">changement climatique<\/a> [\u2026] Sans eau, pas d\u2019<a href=\"https:\/\/www.20minutes.fr\/dossier\/agriculture\" class=\"c-link c-link--is-underlined\" target=\"_blank\" rel=\"noopener\">agriculture<\/a>, et sans agriculture, c\u2019est tout un territoire qui s\u2019effondre\u00a0\u00bb, s\u2019est en outre alarm\u00e9 Denis Carretier, pr\u00e9sident de la Chambre r\u00e9gionale d\u2019agriculture d\u2019Occitanie.<\/p>\n","protected":false},"excerpt":{"rendered":"C\u2019est une manifestation \u00ab\u00a0de la derni\u00e8re chance\u00a0\u00bb. Plusieurs centaines de viticulteurs se sont \u00e9lanc\u00e9s ce samedi dans les&hellip;\n","protected":false},"author":2,"featured_media":536556,"comment_status":"","ping_status":"","sticky":false,"template":"","format":"standard","meta":{"footnotes":""},"categories":[4],"tags":[47,11,37552,1011,27,7089,2681,1272,12,2680,25,104,1662,18193],"class_list":{"0":"post-536555","1":"post","2":"type-post","3":"status-publish","4":"format-standard","5":"has-post-thumbnail","7":"category-france","8":"tag-actualite","9":"tag-actualites","10":"tag-beziers","11":"tag-fr","12":"tag-france","13":"tag-herault","14":"tag-languedoc-roussillon","15":"tag-manifestations","16":"tag-news","17":"tag-occitanie","18":"tag-republique-francaise","19":"tag-societe","20":"tag-vin","21":"tag-viticulture"},"share_on_mastodon":{"url":"https:\/\/pubeurope.com\/@fr\/115555235552644947","error":""},"_links":{"self":[{"href":"https:\/\/www.europesays.com\/fr\/wp-json\/wp\/v2\/posts\/536555","targetHints":{"allow":["GET"]}}],"collection":[{"href":"https:\/\/www.europesays.com\/fr\/wp-json\/wp\/v2\/posts"}],"about":[{"href":"https:\/\/www.europesays.com\/fr\/wp-json\/wp\/v2\/types\/post"}],"author":[{"embeddable":true,"href":"https:\/\/www.europesays.com\/fr\/wp-json\/wp\/v2\/users\/2"}],"replies":[{"embeddable":true,"href":"https:\/\/www.europesays.com\/fr\/wp-json\/wp\/v2\/comments?post=536555"}],"version-history":[{"count":0,"href":"https:\/\/www.europesays.com\/fr\/wp-json\/wp\/v2\/posts\/536555\/revisions"}],"wp:featuredmedia":[{"embeddable":true,"href":"https:\/\/www.europesays.com\/fr\/wp-json\/wp\/v2\/media\/536556"}],"wp:attachment":[{"href":"https:\/\/www.europesays.com\/fr\/wp-json\/wp\/v2\/media?parent=536555"}],"wp:term":[{"taxonomy":"category","embeddable":true,"href":"https:\/\/www.europesays.com\/fr\/wp-json\/wp\/v2\/categories?post=536555"},{"taxonomy":"post_tag","embeddable":true,"href":"https:\/\/www.europesays.com\/fr\/wp-json\/wp\/v2\/tags?post=536555"}],"curies":[{"name":"wp","href":"https:\/\/api.w.org\/{rel}","templated":true}]}}