{"id":536565,"date":"2025-11-15T18:59:20","date_gmt":"2025-11-15T18:59:20","guid":{"rendered":"https:\/\/www.europesays.com\/fr\/536565\/"},"modified":"2025-11-15T18:59:20","modified_gmt":"2025-11-15T18:59:20","slug":"les-personnages-prennent-la-pose-pour-la-photo-souvenir","status":"publish","type":"post","link":"https:\/\/www.europesays.com\/fr\/536565\/","title":{"rendered":"les personnages prennent la pose pour la photo souvenir"},"content":{"rendered":"<p>Elle s\u2019appelle Kuro, et son costume en atteste\u00a0: elle sort tout droit de \u00ab\u00a0Honkai\u00a0: Star Rail\u00a0\u00bb. Habill\u00e9e et maquill\u00e9e dans les r\u00e8gles de l\u2019art, d\u00e9sormais dans la peau d\u2019un des personnages de ce jeu vid\u00e9o, la jeune Strasbourgeoise d\u00e9ambule ainsi depuis quelques heures au centre Prouv\u00e9, <a href=\"https:\/\/www.estrepublicain.fr\/culture-loisirs\/2024\/11\/30\/anim-est-revient-au-centre-ville-de-nancy-et-ravit-les-fans-du-genre\" target=\"_blank\" rel=\"noopener\">temple de la culture pop nippone pour cette nouvelle \u00e9dition de la convention Anim\u2019Est<\/a>. Mais en ce d\u00e9but d\u2019apr\u00e8s-midi, il est temps pour la demoiselle de faire une pause. Pour une pose photo.<\/p>\n<p>Car outre les multiples stands commerciaux (bibelots, jeux, cartes Pok\u00e9mon, d\u00e9guisements\u2026) et animations (concerts, ateliers, d\u00e9monstrations, cuisine japonaise\u2026), l\u2019\u00e9v\u00e9nement abrite un \u201ccoin\u201d \u00e0 photos souvenirs. \u00ab\u00a0On est plusieurs photographes, g\u00e9n\u00e9ralement amateurs et passionn\u00e9s nous aussi de mangas ou jeux vid\u00e9o. Moi, je viens surtout pour le plaisir de rencontrer d\u2019autres fans, de d\u00e9couvrir des univers\u00a0\u00bb, t\u00e9moigne S\u00e9bastien, venu avec son appareil depuis Mulhouse. Et qui, du coup et comme plusieurs autres photographes, fournira gratuitement ses images. Mais pas tout de suite. \u00ab\u00a0Le temps de tout trier, de retoucher un peu\u2026\u00a0\u00bb<\/p>\n<p>  Pour Instagram<\/p>\n<p>\u00ab\u00a0Si je connais l\u2019univers du personnage, je guide et j\u2019aide \u00e0 prendre la pose\u00a0\u00bb, d\u00e9veloppe Nicolas, photographe venu de Dijon et lui aussi passionn\u00e9 de cosplay. Lui, publiera ses images \u00ab\u00a0avec participation au chapeau, les gens donneront ce qu\u2019ils veulent\u00a0\u00bb sur <a href=\"https:\/\/www.estrepublicain.fr\/magazine-lifestyle\/2025\/10\/21\/instagram-fete-ses-15-ans-comment-l-application-est-devenue-bien-plus-qu-un-reseau-social\" target=\"_blank\" rel=\"noopener\">son compte Instagram.<\/a> Un compte \u201cInsta\u201d in-con-tour-nable pour beaucoup de ces mod\u00e8les\u00a0!<\/p>\n<p>\u00ab\u00a0Le mien, c\u2019est Jijijade Cosplay\u00a0\u00bb, pr\u00e9cise Jade, \u00e9tudiante en m\u00e9decine \u00e0 Nancy, venue ce samedi en mode League of Legends, dans un costume \u00ab\u00a0que j\u2019ai fabriqu\u00e9\u00a0; \u00e7a m\u2019a pris trois mois\u00a0!\u00a0\u00bb Et qui reviendra ce dimanche, \u00ab\u00a0mais cette fois, \u00e7a sera en homme\u2026\u00a0\u00bb<\/p>\n<p>Pour de nouvelles rencontres, de nouveaux \u00e9changes. Et une photo de plus \u00e0 poster sur les r\u00e9seaux.<\/p>\n<p class=\"note\">Anim\u2019Est au centre Prouv\u00e9, place de la R\u00e9publique, ce dimanche de 9\u00a0h\u00a030 \u00e0 19\u00a0h (\u00e0 partir de 10\u00a0h\u00a030 pour les personnes sans billet\u00a0; entr\u00e9e \u00e0 8\u00a0\u20ac, 13\u00a0\u20ac ou 15\u00a0\u20ac).<\/p>\n","protected":false},"excerpt":{"rendered":"Elle s\u2019appelle Kuro, et son costume en atteste\u00a0: elle sort tout droit de \u00ab\u00a0Honkai\u00a0: Star Rail\u00a0\u00bb. Habill\u00e9e et&hellip;\n","protected":false},"author":2,"featured_media":536566,"comment_status":"","ping_status":"","sticky":false,"template":"","format":"standard","meta":{"footnotes":""},"categories":[9635],"tags":[1111,11,1687,1704,1777,674,1011,27,775,1702,1703,12,25],"class_list":{"0":"post-536565","1":"post","2":"type-post","3":"status-publish","4":"format-standard","5":"has-post-thumbnail","7":"category-nancy","8":"tag-actu","9":"tag-actualites","10":"tag-culture-loisirs","11":"tag-edition-nancy-et-agglomeration","12":"tag-eu","13":"tag-europe","14":"tag-fr","15":"tag-france","16":"tag-grand-est","17":"tag-nancy","18":"tag-nancy-ville-54b","19":"tag-news","20":"tag-republique-francaise"},"share_on_mastodon":{"url":"https:\/\/pubeurope.com\/@fr\/115555255166256905","error":""},"_links":{"self":[{"href":"https:\/\/www.europesays.com\/fr\/wp-json\/wp\/v2\/posts\/536565","targetHints":{"allow":["GET"]}}],"collection":[{"href":"https:\/\/www.europesays.com\/fr\/wp-json\/wp\/v2\/posts"}],"about":[{"href":"https:\/\/www.europesays.com\/fr\/wp-json\/wp\/v2\/types\/post"}],"author":[{"embeddable":true,"href":"https:\/\/www.europesays.com\/fr\/wp-json\/wp\/v2\/users\/2"}],"replies":[{"embeddable":true,"href":"https:\/\/www.europesays.com\/fr\/wp-json\/wp\/v2\/comments?post=536565"}],"version-history":[{"count":0,"href":"https:\/\/www.europesays.com\/fr\/wp-json\/wp\/v2\/posts\/536565\/revisions"}],"wp:featuredmedia":[{"embeddable":true,"href":"https:\/\/www.europesays.com\/fr\/wp-json\/wp\/v2\/media\/536566"}],"wp:attachment":[{"href":"https:\/\/www.europesays.com\/fr\/wp-json\/wp\/v2\/media?parent=536565"}],"wp:term":[{"taxonomy":"category","embeddable":true,"href":"https:\/\/www.europesays.com\/fr\/wp-json\/wp\/v2\/categories?post=536565"},{"taxonomy":"post_tag","embeddable":true,"href":"https:\/\/www.europesays.com\/fr\/wp-json\/wp\/v2\/tags?post=536565"}],"curies":[{"name":"wp","href":"https:\/\/api.w.org\/{rel}","templated":true}]}}