{"id":536585,"date":"2025-11-15T19:12:30","date_gmt":"2025-11-15T19:12:30","guid":{"rendered":"https:\/\/www.europesays.com\/fr\/536585\/"},"modified":"2025-11-15T19:12:30","modified_gmt":"2025-11-15T19:12:30","slug":"les-remparts-de-tours-visent-la-passe-de-cinq-face-a-strasbourg","status":"publish","type":"post","link":"https:\/\/www.europesays.com\/fr\/536585\/","title":{"rendered":"les Remparts de Tours visent la passe de cinq face \u00e0 Strasbourg"},"content":{"rendered":"<p><strong>Remparts de Tours\u00a0&#8211; \u00c9toile Noire de Strasbourg<\/strong><\/p>\n<p>Ce direct est anim\u00e9 par Paul Vuillemin, journaliste du service des sports de La\u00a0Nouvelle R\u00e9publique.<strong\/><\/p>\n<p>Avant-match<\/p>\n<p><strong>20\u00a0h\u00a010.<\/strong> L\u2019arri\u00e8re-garde de Tours devra notamment se m\u00e9fier du capitaine canadien S\u00e9bastien Trudeau (11 points) ou de l\u2019international espagnol Alejandro Burgos Ramirez (7 points). Les statistiques individuelles sont bien plus impressionnantes c\u00f4t\u00e9 tourangeau avec six joueurs \u00e0 plus de 8 points \u2013 meilleure attaque de D1 avec 39 buts \u2013 et notamment Peter Bourgaut (17) et Gr\u00e9gory Lapointe (16), sur le podium des meilleurs pointeurs de D1 derri\u00e8re le Chamb\u00e9rien Fletcher Anderson (17).<\/p>\n<p><img alt=\"Steven Fournier est le 3e meilleur pointeur de Tours (13).\" loading=\"lazy\" width=\"980\" height=\"573\" decoding=\"async\" data-nimg=\"1\" class=\"img-responsive spinner-show\" style=\"color:transparent;background-size:cover;background-position:50% 50%;background-repeat:no-repeat;background-image:url(&quot;data:image\/svg+xml;charset=utf-8,%3Csvg xmlns='http:\/\/www.w3.org\/2000\/svg' viewBox='0 0 980 573'%3E%3Cfilter id='b' color-interpolation-filters='sRGB'%3E%3CfeGaussianBlur stdDeviation='20'\/%3E%3CfeColorMatrix values='1 0 0 0 0 0 1 0 0 0 0 0 1 0 0 0 0 0 100 -1' result='s'\/%3E%3CfeFlood x='0' y='0' width='100%25' height='100%25'\/%3E%3CfeComposite operator='out' in='s'\/%3E%3CfeComposite in2='SourceGraphic'\/%3E%3CfeGaussianBlur stdDeviation='20'\/%3E%3C\/filter%3E%3Cimage width='100%25' height='100%25' x='0' y='0' preserveAspectRatio='none' style='filter: url(%23b);' href='https:\/\/images.lanouvellerepublique.fr\/image\/upload\/t_88w\/f_auto\/6918cf9b6a8fbafe2c8b4582.jpg'\/%3E%3C\/svg%3E&quot;)\"   src=\"https:\/\/www.europesays.com\/fr\/wp-content\/uploads\/2025\/11\/6918cf9b6a8fbafe2c8b4582.jpg\"\/><\/p>\n<p style=\"background-color:#F2F2F2;padding:5px;margin-top:0px;margin-bottom:10px\">Steven Fournier est le 3e meilleur pointeur de Tours (13).<br \/> \u00a9 (Photo cor. NR, Ludovic Dupraz)<\/p>\n<p><strong>20\u00a0h\u00a005.<\/strong> Si avec 22 buts l\u2019\u00c9toile Noire est la 5e moins bonne attaque du championnat, il faudra tout de m\u00eame se m\u00e9fier. Preuve en est, sa victoire 8-3 lors de son dernier match face \u00e0 Lyon. Tours pourra en tout cas compter sur son d\u00e9fenseur su\u00e9dois Marcus Bj\u00f6rk qui commence \u00e0 monter en puissance avec les Remparts. \u00ab\u00a0Il a d\u00fb un peu se bouger les fesses et il l\u2019a bien fait. Maintenant, il est vraiment costaud\u00a0\u00bb, confiait St\u00e9phane Gros avant match sur son joueur.<\/p>\n<p><strong>20\u00a0h\u00a000. <\/strong>Tours est actuellement 2e de D1 alors que Strasbourg n\u2019est que 8e (un match de moins). Avec <a target=\"_self\" href=\"https:\/\/www.lanouvellerepublique.fr\/tours\/division-1-belle-operation-des-remparts-sur-la-glace-de-caen-1762643101\" rel=\"noopener\">sa victoire \u00e0 Caen<\/a> (4-6) et le revers du leader choletais, aux tirs au but face \u00e0 \u00c9pinal (2-3), l\u2019\u00e9quipe de St\u00e9phane Gros est revenue \u00e0 un petit point des Dogs qui se d\u00e9placent ce samedi \u00e0 Lyon. Si les Remparts ont tout gagn\u00e9 \u00e0 domicile (5\/5 toutes comp\u00e9titions confondues), les Strasbourgeois sont plut\u00f4t bons \u00e0 l\u2019ext\u00e9rieur. En comptant la Coupe de France, ils sont \u00e0 trois succ\u00e8s en quatre matchs et notamment \u00e0 Cholet (2-3) et Neuilly-sur-Marne (3-4), premier et troisi\u00e8me de D1.<\/p>\n<p><img alt=\"Conner Jean et les Tourangeaux sont d\u00e9j\u00e0 sur la glace.\" loading=\"lazy\" width=\"980\" height=\"573\" decoding=\"async\" data-nimg=\"1\" class=\"img-responsive spinner-show\" style=\"color:transparent;background-size:cover;background-position:50% 50%;background-repeat:no-repeat;background-image:url(&quot;data:image\/svg+xml;charset=utf-8,%3Csvg xmlns='http:\/\/www.w3.org\/2000\/svg' viewBox='0 0 980 573'%3E%3Cfilter id='b' color-interpolation-filters='sRGB'%3E%3CfeGaussianBlur stdDeviation='20'\/%3E%3CfeColorMatrix values='1 0 0 0 0 0 1 0 0 0 0 0 1 0 0 0 0 0 100 -1' result='s'\/%3E%3CfeFlood x='0' y='0' width='100%25' height='100%25'\/%3E%3CfeComposite operator='out' in='s'\/%3E%3CfeComposite in2='SourceGraphic'\/%3E%3CfeGaussianBlur stdDeviation='20'\/%3E%3C\/filter%3E%3Cimage width='100%25' height='100%25' x='0' y='0' preserveAspectRatio='none' style='filter: url(%23b);' href='https:\/\/images.lanouvellerepublique.fr\/image\/upload\/t_88w\/f_auto\/6918cdccbaee04df508b45de.jpg'\/%3E%3C\/svg%3E&quot;)\"   src=\"https:\/\/www.europesays.com\/fr\/wp-content\/uploads\/2025\/11\/6918cdccbaee04df508b45de.jpg\"\/><\/p>\n<p style=\"background-color:#F2F2F2;padding:5px;margin-top:0px;margin-bottom:10px\">Conner Jean et les Tourangeaux sont d\u00e9j\u00e0 sur la glace.<br \/> \u00a9 (Photo cor. NR, Ludovic Dupraz)<\/p>\n<p><strong>19\u00a0h\u00a055.<\/strong> Depuis la rel\u00e9gation de l\u2019\u00e9quipe du Bas-Rhin en D1 en 2019, les deux formations se sont affront\u00e9es 11 fois en deuxi\u00e8me division. Tours a remport\u00e9 7 duels et Strasbourg 4 (dont 2 en prolongation). Si Tours esp\u00e8re conserver son invincibilit\u00e9 \u00e0 domicile, le club s\u2019\u00e9tait inclin\u00e9 une fois en 2023 \u00e0 la maison face \u00e0 la formation actuellement coach\u00e9e par le Tch\u00e8que Michal Duras (1-4).<strong\/><\/p>\n<p><strong>19\u00a0h\u00a050. <\/strong>Un seul Rempart a d\u00e9j\u00e0 \u00e9volu\u00e9 avec l\u2019\u00e9quipe alsacienne, Peter Bourgaut (2013-2015), Strasbourg \u00e9tait alors en Ligue Magnus. En revanche, trois joueurs de l\u2019\u00c9toile Noire ont d\u00e9j\u00e0 port\u00e9 les couleurs tourangelles\u00a0: l\u2019attaquant Antoine Torres (2018-2021, 70 matchs, 29 points), les d\u00e9fenseurs Thomas Giorgi (2016-2018, 60 matchs, 18 points) et Mathias Thomas (2024-2025, 40 matchs, 8 points).<\/p>\n<p><img alt=\"Mathias Thomas va retrouver son ancienne \u00e9quipe ce samedi.\" loading=\"lazy\" width=\"980\" height=\"573\" decoding=\"async\" data-nimg=\"1\" class=\"img-responsive spinner-show\" style=\"color:transparent;background-size:cover;background-position:50% 50%;background-repeat:no-repeat;background-image:url(&quot;data:image\/svg+xml;charset=utf-8,%3Csvg xmlns='http:\/\/www.w3.org\/2000\/svg' viewBox='0 0 980 573'%3E%3Cfilter id='b' color-interpolation-filters='sRGB'%3E%3CfeGaussianBlur stdDeviation='20'\/%3E%3CfeColorMatrix values='1 0 0 0 0 0 1 0 0 0 0 0 1 0 0 0 0 0 100 -1' result='s'\/%3E%3CfeFlood x='0' y='0' width='100%25' height='100%25'\/%3E%3CfeComposite operator='out' in='s'\/%3E%3CfeComposite in2='SourceGraphic'\/%3E%3CfeGaussianBlur stdDeviation='20'\/%3E%3C\/filter%3E%3Cimage width='100%25' height='100%25' x='0' y='0' preserveAspectRatio='none' style='filter: url(%23b);' href='https:\/\/images.lanouvellerepublique.fr\/image\/upload\/t_88w\/f_auto\/6918cb9a5ef89c68558b458d.jpg'\/%3E%3C\/svg%3E&quot;)\"   src=\"https:\/\/www.europesays.com\/fr\/wp-content\/uploads\/2025\/11\/6918cb9a5ef89c68558b458d.jpg\"\/><\/p>\n<p style=\"background-color:#F2F2F2;padding:5px;margin-top:0px;margin-bottom:10px\">Mathias Thomas va retrouver son ancienne \u00e9quipe ce samedi.<br \/> \u00a9 (Photo archives cor. NR, Ludovic Dupraz)<\/p>\n<p><strong>19\u00a0h\u00a045.<\/strong> Bonsoir et bienvenue sur ce direct\u00a0! Les Remparts de Tours re\u00e7oivent l\u2019\u00c9toile Noire de Strasbourg, ce samedi 15\u00a0novembre 2025 dans le cadre de la 9e journ\u00e9e de Division\u00a01. Le coup d\u2019envoi sera donn\u00e9 \u00e0 20\u00a0h\u00a015.<\/p>\n","protected":false},"excerpt":{"rendered":"Remparts de Tours\u00a0&#8211; \u00c9toile Noire de Strasbourg Ce direct est anim\u00e9 par Paul Vuillemin, journaliste du service des&hellip;\n","protected":false},"author":2,"featured_media":536586,"comment_status":"","ping_status":"","sticky":false,"template":"","format":"standard","meta":{"footnotes":""},"categories":[2820],"tags":[1392,1111,11,1777,674,1011,27,775,4133,1387,12,51935,25,60,640,1390],"class_list":{"0":"post-536585","1":"post","2":"type-post","3":"status-publish","4":"format-standard","5":"has-post-thumbnail","7":"category-strasbourg","8":"tag-a-la-une-local","9":"tag-actu","10":"tag-actualites","11":"tag-eu","12":"tag-europe","13":"tag-fr","14":"tag-france","15":"tag-grand-est","16":"tag-hockey-sur-glace","17":"tag-indre-et-loire","18":"tag-news","19":"tag-remparts-de-tours","20":"tag-republique-francaise","21":"tag-sports","22":"tag-strasbourg","23":"tag-tours"},"share_on_mastodon":{"url":"https:\/\/pubeurope.com\/@fr\/115555307426650065","error":""},"_links":{"self":[{"href":"https:\/\/www.europesays.com\/fr\/wp-json\/wp\/v2\/posts\/536585","targetHints":{"allow":["GET"]}}],"collection":[{"href":"https:\/\/www.europesays.com\/fr\/wp-json\/wp\/v2\/posts"}],"about":[{"href":"https:\/\/www.europesays.com\/fr\/wp-json\/wp\/v2\/types\/post"}],"author":[{"embeddable":true,"href":"https:\/\/www.europesays.com\/fr\/wp-json\/wp\/v2\/users\/2"}],"replies":[{"embeddable":true,"href":"https:\/\/www.europesays.com\/fr\/wp-json\/wp\/v2\/comments?post=536585"}],"version-history":[{"count":0,"href":"https:\/\/www.europesays.com\/fr\/wp-json\/wp\/v2\/posts\/536585\/revisions"}],"wp:featuredmedia":[{"embeddable":true,"href":"https:\/\/www.europesays.com\/fr\/wp-json\/wp\/v2\/media\/536586"}],"wp:attachment":[{"href":"https:\/\/www.europesays.com\/fr\/wp-json\/wp\/v2\/media?parent=536585"}],"wp:term":[{"taxonomy":"category","embeddable":true,"href":"https:\/\/www.europesays.com\/fr\/wp-json\/wp\/v2\/categories?post=536585"},{"taxonomy":"post_tag","embeddable":true,"href":"https:\/\/www.europesays.com\/fr\/wp-json\/wp\/v2\/tags?post=536585"}],"curies":[{"name":"wp","href":"https:\/\/api.w.org\/{rel}","templated":true}]}}