{"id":536598,"date":"2025-11-15T19:21:12","date_gmt":"2025-11-15T19:21:12","guid":{"rendered":"https:\/\/www.europesays.com\/fr\/536598\/"},"modified":"2025-11-15T19:21:12","modified_gmt":"2025-11-15T19:21:12","slug":"la-voiture-chute-dans-un-fosse","status":"publish","type":"post","link":"https:\/\/www.europesays.com\/fr\/536598\/","title":{"rendered":"la voiture chute dans un foss\u00e9"},"content":{"rendered":"<p>                    Par<br \/>\n        <strong><br \/>\n            <a href=\"https:\/\/actu.fr\/auteur\/guillaume-laurens\" title=\"Consulter tous les articles de Guillaume Laurens\" rel=\"nofollow noopener\" target=\"_blank\">Guillaume Laurens<\/a><br \/>\n                    <\/strong><\/p>\n<p>        Publi\u00e9 le<\/p>\n<p>            15 nov. 2025 \u00e0 20h07        <\/p>\n<p>Nouveau drame de la route en Haute-Garonne. Peu apr\u00e8s 18h15, ce samedi 15 novembre 2025, de <strong>nombreux sapeurs-pompiers<\/strong> ont \u00e9t\u00e9 engag\u00e9s sur un terrible <strong>accident<\/strong>\u00a0survenu sur la commune de <a href=\"https:\/\/actu.fr\/occitanie\/merville_31341\" rel=\"nofollow noopener\" target=\"_blank\"><strong>Merville<\/strong><\/a>, au nord-ouest de Toulouse.<\/p>\n<p>En arr\u00eat cardiorespiratoire, un homme d\u00e9c\u00e8de sur place<\/p>\n<p class=\" wall-content\">\u00c0 leur arriv\u00e9e au niveau de la route de l\u2019hippodrome \u00e0 Merville, les secours ont constat\u00e9 qu\u2019une voiture avait termin\u00e9 sa course dans un foss\u00e9. Et un <strong>homme de 62 ans<\/strong> \u00e9tait <strong>en arr\u00eat cardiorespiratoire<\/strong> \u00e0 l\u2019ext\u00e9rieur du v\u00e9hicule. Malgr\u00e9 les tentatives de r\u00e9animation men\u00e9es par les sapeurs-pompiers et l\u2019\u00e9quipe du SMUR intervenue \u00e0 leurs c\u00f4t\u00e9s, la victime a \u00e9t\u00e9 <strong>d\u00e9clar\u00e9e d\u00e9c\u00e9d\u00e9e<\/strong>.<\/p>\n<p>Le second accident mortel en quelques semaines \u00e0 Merville<\/p>\n<p class=\" wall-content\">Le SDIS a envoy\u00e9 sur place sept pompiers, avec une ambulance et un v\u00e9hicule de secours routier. Une <strong>enqu\u00eate<\/strong> a \u00e9t\u00e9 ouverte par la gendarmerie de la Haute-Garonne afin de <strong>faire toute la lumi\u00e8re<\/strong> sur les circonstances de ce nouveau drame de la route, <a href=\"https:\/\/actu.fr\/occitanie\/merville_31341\" rel=\"nofollow noopener\" target=\"_blank\">le second accident mortel en moins d\u2019un mois<\/a> dans cette ville de 6 000 habitants.<\/p>\n<p>    <a href=\"https:\/\/www.google.com\/maps\/embed?pb=!1m18!1m12!1m3!1d29052.932621691696!2d1.26923925857495!3d43.74345440053053!2m3!1f0!2f0!3f0!3m2!1i1024!2i768!4f13.1!3m3!1m2!1s0x12aea97d2bd89cdf%3A0x765654f59de165a7!2sRte%20de%20l%27Hippodrome%2C%2031330!5e0!3m2!1sfr!2sfr!4v1763232824409!5m2!1sfr!2sfr\" title=\"Ouvrie le lien\" rel=\"nofollow noopener\" target=\"_blank\">Cliquez ici pour visualiser le contenu<\/a><\/p>\n<p class=\" wall-content\">Personnalisez votre actualit\u00e9 en ajoutant vos villes et m\u00e9dias en favori avec <a href=\"https:\/\/moncompte.actu.fr\" title=\"D\u00e9couvez Mon Actu\" rel=\"nofollow noopener\" data-trk=\"{&quot;cta&quot;:{&quot;action&quot;:&quot;https:\\\/\\\/moncompte.actu.fr&quot;,&quot;category&quot;:&quot;mon compte&quot;,&quot;from&quot;:&quot;article footer&quot;,&quot;name&quot;:&quot;Mon actu&quot;,&quot;type&quot;:&quot;cta&quot;}}\" target=\"_blank\">Mon Actu<\/a>.<\/p>\n","protected":false},"excerpt":{"rendered":"Par Guillaume Laurens Publi\u00e9 le 15 nov. 2025 \u00e0 20h07 Nouveau drame de la route en Haute-Garonne. Peu&hellip;\n","protected":false},"author":2,"featured_media":536599,"comment_status":"","ping_status":"","sticky":false,"template":"","format":"standard","meta":{"footnotes":""},"categories":[2816],"tags":[119,1111,11,1777,674,118,1011,27,12,2680,25,2312],"class_list":{"0":"post-536598","1":"post","2":"type-post","3":"status-publish","4":"format-standard","5":"has-post-thumbnail","7":"category-toulouse","8":"tag-accident","9":"tag-actu","10":"tag-actualites","11":"tag-eu","12":"tag-europe","13":"tag-faits-divers","14":"tag-fr","15":"tag-france","16":"tag-news","17":"tag-occitanie","18":"tag-republique-francaise","19":"tag-toulouse"},"share_on_mastodon":{"url":"https:\/\/pubeurope.com\/@fr\/115555341640548652","error":""},"_links":{"self":[{"href":"https:\/\/www.europesays.com\/fr\/wp-json\/wp\/v2\/posts\/536598","targetHints":{"allow":["GET"]}}],"collection":[{"href":"https:\/\/www.europesays.com\/fr\/wp-json\/wp\/v2\/posts"}],"about":[{"href":"https:\/\/www.europesays.com\/fr\/wp-json\/wp\/v2\/types\/post"}],"author":[{"embeddable":true,"href":"https:\/\/www.europesays.com\/fr\/wp-json\/wp\/v2\/users\/2"}],"replies":[{"embeddable":true,"href":"https:\/\/www.europesays.com\/fr\/wp-json\/wp\/v2\/comments?post=536598"}],"version-history":[{"count":0,"href":"https:\/\/www.europesays.com\/fr\/wp-json\/wp\/v2\/posts\/536598\/revisions"}],"wp:featuredmedia":[{"embeddable":true,"href":"https:\/\/www.europesays.com\/fr\/wp-json\/wp\/v2\/media\/536599"}],"wp:attachment":[{"href":"https:\/\/www.europesays.com\/fr\/wp-json\/wp\/v2\/media?parent=536598"}],"wp:term":[{"taxonomy":"category","embeddable":true,"href":"https:\/\/www.europesays.com\/fr\/wp-json\/wp\/v2\/categories?post=536598"},{"taxonomy":"post_tag","embeddable":true,"href":"https:\/\/www.europesays.com\/fr\/wp-json\/wp\/v2\/tags?post=536598"}],"curies":[{"name":"wp","href":"https:\/\/api.w.org\/{rel}","templated":true}]}}