{"id":536669,"date":"2025-11-15T20:07:13","date_gmt":"2025-11-15T20:07:13","guid":{"rendered":"https:\/\/www.europesays.com\/fr\/536669\/"},"modified":"2025-11-15T20:07:13","modified_gmt":"2025-11-15T20:07:13","slug":"lemissaire-de-donald-trump-pour-lafrique-denonce-des-atrocites-inacceptables","status":"publish","type":"post","link":"https:\/\/www.europesays.com\/fr\/536669\/","title":{"rendered":"l&rsquo;\u00e9missaire de Donald Trump pour l&rsquo;Afrique d\u00e9nonce des \u00abatrocit\u00e9s inacceptables\u00bb"},"content":{"rendered":"<p>\n    Fin octobre, les paramilitaires se sont empar\u00e9s d\u2019el-Fasher au terme d\u2019un si\u00e8ge de 18 mois, prenant ainsi le contr\u00f4le total de la vaste r\u00e9gion du Darfour. La prise de cette ville a \u00e9t\u00e9 accompagn\u00e9e d\u2019informations faisant \u00e9tat de multiples exactions contre des civils.<\/p>\n<p class=\"fig-paragraph\">L&rsquo;\u00e9missaire du\u00a0<a href=\"http:\/\/www.lefigaro.fr\/international\/donald-trump-sur-la-defensive-apres-des-revelations-dans-l-affaire-epstein-20251114\" target=\"_blank\" data-fig-type=\"Article\" rel=\"noopener\" data-gtm-custom-categorie=\"navigation\" data-gtm-custom-action=\"crossclick\" data-gtm-custom-label=\"Contextuel\" data-gtm-event=\"customEventSPE\" data-fig-domain=\"LEFIGARO\">pr\u00e9sident am\u00e9ricain Donald Trump<\/a>\u00a0pour l&rsquo;Afrique, Massad Boulos, a d\u00e9clar\u00e9 samedi \u00e0 l&rsquo;AFP que la\u00a0<a href=\"http:\/\/www.lefigaro.fr\/international\/prise-du-darfour-massacres-de-civils-famine-tout-comprendre-au-conflit-sanglant-qui-ravage-le-soudan-20251104\" target=\"_blank\" data-fig-type=\"Article\" rel=\"noopener\" data-gtm-custom-categorie=\"navigation\" data-gtm-custom-action=\"crossclick\" data-gtm-custom-label=\"Contextuel\" data-gtm-event=\"customEventSPE\" data-fig-domain=\"LEFIGARO\">guerre au Soudan<\/a>\u00a0avait entra\u00een\u00e9 la \u00abplus grande crise humanitaire au monde\u00bb et d\u00e9nonc\u00e9 des \u00abatrocit\u00e9s inacceptables\u00bb. Depuis son d\u00e9clenchement en avril 2023, le\u00a0<a href=\"http:\/\/www.lefigaro.fr\/international\/soudan-au-darfour-des-massacres-qui-se-repetent-depuis-plus-de-vingt-ans-20251104\" target=\"_blank\" data-fig-type=\"Article\" rel=\"noopener\" data-gtm-custom-categorie=\"navigation\" data-gtm-custom-action=\"crossclick\" data-gtm-custom-label=\"Contextuel\" data-gtm-event=\"customEventSPE\" data-fig-domain=\"LEFIGARO\">conflit entre l&rsquo;arm\u00e9e soudanaise et les paramilitaires des Forces de soutien rapide (FSR<\/a>) a fait des dizaines de milliers de morts et d\u00e9plac\u00e9 pr\u00e8s de 12 millions de personnes.<\/p>\n<p class=\"fig-paragraph\">Fin octobre, les FSR se sont empar\u00e9es d&rsquo;el-Fasher au terme d&rsquo;un si\u00e8ge de 18 mois, prenant ainsi le contr\u00f4le total de la vaste r\u00e9gion du Darfour (ouest). La prise de cette ville a \u00e9t\u00e9 accompagn\u00e9e d&rsquo;informations faisant \u00e9tat de multiples exactions contre des civils.<\/p>\n<p>                                    <a class=\"fig-a11y-skip a11y-hidden\" href=\"#fig-a11y-skip-main-inarticle\"><br \/>\n        Passer la publicit\u00e9<br \/>\n    <\/a><\/p>\n<p>\u00abLa plus grande crise humanitaire au monde\u00bb<\/p>\n<p class=\"fig-paragraph\">\u00abLe conflit au Soudan, du point de vue humanitaire, est aujourd&rsquo;hui la plus grande crise humanitaire au monde, et la plus grande catastrophe humanitaire mondiale\u00bb, a d\u00e9clar\u00e9 Massad Boulos \u00e0 l&rsquo;AFP lors d&rsquo;un entretien \u00e0 Doha. \u00abEn particulier ce qui s&rsquo;est pass\u00e9 \u00e0 el-Fasher ces deux ou trois derni\u00e8res semaines. Nous avons tous vu ces vid\u00e9os, ces rapports. Ces atrocit\u00e9s sont absolument inacceptables. Cela doit cesser tr\u00e8s rapidement.\u00bb<\/p>\n<p class=\"fig-paragraph\">Massad Boulos a indiqu\u00e9 que les \u00c9tats-Unis et leurs partenaires m\u00e9diateurs appelaient les deux camps \u00e0 s&rsquo;entendre sur une \u00abtr\u00eave humanitaire de trois mois\u00bb. \u00abNous les exhortons \u00e0 accepter cette proposition et \u00e0 la mettre en oeuvre imm\u00e9diatement\u00bb, a-t-il dit.<\/p>\n<p>\u00abParvenir \u00e0 une avanc\u00e9e dans les semaines \u00e0 venir\u00bb<\/p>\n<p class=\"fig-paragraph\">En septembre, les \u00c9tats-Unis, l&rsquo;Arabie saoudite, les \u00c9mirats arabes unis et l&rsquo;\u00c9gypte avaient conjointement appel\u00e9 \u00e0 une tr\u00eave humanitaire, suivie d&rsquo;un cessez-le-feu permanent et d&rsquo;une transition vers un pouvoir civil, tout en estimant qu&rsquo;aucune des parties en guerre ne devrait participer \u00e0 cette transition.<\/p>\n<p class=\"fig-paragraph\">Massad Boulos a d\u00e9clar\u00e9 que les \u00c9tats-Unis esp\u00e9raient, avec leurs partenaires, \u00abparvenir \u00e0 une avanc\u00e9e dans les semaines \u00e0 venir\u00bb sur ce plan plus large incluant une transition vers un gouvernement civil.<\/p>\n<p class=\"fig-paragraph\">\u00abLa priorit\u00e9 absolue reste pour l&rsquo;instant l&rsquo;aspect humanitaire et la tr\u00eave humanitaire\u00bb, a-t-il pr\u00e9cis\u00e9.<\/p>\n<p>                                    <a class=\"fig-a11y-skip a11y-hidden\" href=\"#fig-a11y-skip-main-inarticle_mtf\"><br \/>\n        Passer la publicit\u00e9<br \/>\n    <\/a><\/p>\n<p class=\"fig-paragraph\">Le gouvernement soudanais, align\u00e9 sur l&rsquo;arm\u00e9e, a indiqu\u00e9 vouloir poursuivre la guerre \u00e0 l&rsquo;issue d&rsquo;une r\u00e9union consacr\u00e9e \u00e0 la proposition de cessez-le-feu. Les FSR ont affirm\u00e9 accepter la tr\u00eave humanitaire, tout en poursuivant leur offensive.<\/p>\n","protected":false},"excerpt":{"rendered":"Fin octobre, les paramilitaires se sont empar\u00e9s d\u2019el-Fasher au terme d\u2019un si\u00e8ge de 18 mois, prenant ainsi le&hellip;\n","protected":false},"author":2,"featured_media":536670,"comment_status":"","ping_status":"","sticky":false,"template":"","format":"standard","meta":{"footnotes":""},"categories":[5],"tags":[11,73,1011,27,14,12,4535,28],"class_list":{"0":"post-536669","1":"post","2":"type-post","3":"status-publish","4":"format-standard","5":"has-post-thumbnail","7":"category-international","8":"tag-actualites","9":"tag-etats-unis","10":"tag-fr","11":"tag-france","12":"tag-international","13":"tag-news","14":"tag-soudan","15":"tag-world"},"share_on_mastodon":{"url":"https:\/\/pubeurope.com\/@fr\/115555522733134623","error":""},"_links":{"self":[{"href":"https:\/\/www.europesays.com\/fr\/wp-json\/wp\/v2\/posts\/536669","targetHints":{"allow":["GET"]}}],"collection":[{"href":"https:\/\/www.europesays.com\/fr\/wp-json\/wp\/v2\/posts"}],"about":[{"href":"https:\/\/www.europesays.com\/fr\/wp-json\/wp\/v2\/types\/post"}],"author":[{"embeddable":true,"href":"https:\/\/www.europesays.com\/fr\/wp-json\/wp\/v2\/users\/2"}],"replies":[{"embeddable":true,"href":"https:\/\/www.europesays.com\/fr\/wp-json\/wp\/v2\/comments?post=536669"}],"version-history":[{"count":0,"href":"https:\/\/www.europesays.com\/fr\/wp-json\/wp\/v2\/posts\/536669\/revisions"}],"wp:featuredmedia":[{"embeddable":true,"href":"https:\/\/www.europesays.com\/fr\/wp-json\/wp\/v2\/media\/536670"}],"wp:attachment":[{"href":"https:\/\/www.europesays.com\/fr\/wp-json\/wp\/v2\/media?parent=536669"}],"wp:term":[{"taxonomy":"category","embeddable":true,"href":"https:\/\/www.europesays.com\/fr\/wp-json\/wp\/v2\/categories?post=536669"},{"taxonomy":"post_tag","embeddable":true,"href":"https:\/\/www.europesays.com\/fr\/wp-json\/wp\/v2\/tags?post=536669"}],"curies":[{"name":"wp","href":"https:\/\/api.w.org\/{rel}","templated":true}]}}