{"id":536687,"date":"2025-11-15T20:20:21","date_gmt":"2025-11-15T20:20:21","guid":{"rendered":"https:\/\/www.europesays.com\/fr\/536687\/"},"modified":"2025-11-15T20:20:21","modified_gmt":"2025-11-15T20:20:21","slug":"un-big-centre-des-congres","status":"publish","type":"post","link":"https:\/\/www.europesays.com\/fr\/536687\/","title":{"rendered":"un BIG centre des congr\u00e8s"},"content":{"rendered":"<p class=\"c-paragraph\">La Voile, futur centre des congr\u00e8s de Rouen (Seine-Maritime), devrait arriver \u00e0 bon port fin 2032. L\u2019agence d\u2019architectes danoise BIG (Bjarke Ingels Group) a \u00e9t\u00e9 retenue pour r\u00e9aliser l\u2019\u00e9quipement de 11 500 m\u00b2 SP. Situ\u00e9 rive droite, au pied du pont Flaubert, \u00e0 l\u2019emplacement de l\u2019actuel magasin Lapeyre, le b\u00e2timent dont la toiture \u00e9voquera les voiles de bateaux vise le label Passivhaus. En outre, le toit de l\u2019\u00e9difice, dont la structure et la fa\u00e7ade seront en bois massif, sera recouvert de tuiles photovolta\u00efques qui produiront 700 MWh\/an.<\/p>\n<p>Un projet qui ne fait pas l\u2019unanimit\u00e9<\/p>\n<p class=\"c-paragraph\">Le Centre int\u00e9grera un auditorium (1 400 places), une salle pl\u00e9ni\u00e8re (400 places), un hall d\u2019exposition et un espace restauration (1 400 couverts). Le projet, port\u00e9 par la mairie PS, est contest\u00e9 autant \u00e0 droite que par les \u00e9lus \u00e9cologistes, notamment en raison de son co\u00fbt estim\u00e9 \u00e0 80 M\u20ac. Prochaine \u00e9tape : \u00ab la lib\u00e9ration du foncier courant 2030 \u00bb, indique la m\u00e9tropole Rouen Normandie.<\/p>\n","protected":false},"excerpt":{"rendered":"La Voile, futur centre des congr\u00e8s de Rouen (Seine-Maritime), devrait arriver \u00e0 bon port fin 2032. L\u2019agence d\u2019architectes&hellip;\n","protected":false},"author":2,"featured_media":536688,"comment_status":"","ping_status":"","sticky":false,"template":"","format":"standard","meta":{"footnotes":""},"categories":[9587],"tags":[1111,11,1350,2598,1777,674,1011,27,12,5161,4916,25,9590,5163,7333],"class_list":{"0":"post-536687","1":"post","2":"type-post","3":"status-publish","4":"format-standard","5":"has-post-thumbnail","7":"category-rouen","8":"tag-actu","9":"tag-actualites","10":"tag-architecture","11":"tag-equipement","12":"tag-eu","13":"tag-europe","14":"tag-fr","15":"tag-france","16":"tag-news","17":"tag-normandie","18":"tag-projets","19":"tag-republique-francaise","20":"tag-rouen","21":"tag-seine-maritime","22":"tag-vie-du-btp"},"share_on_mastodon":{"url":"https:\/\/pubeurope.com\/@fr\/115555573837282463","error":""},"_links":{"self":[{"href":"https:\/\/www.europesays.com\/fr\/wp-json\/wp\/v2\/posts\/536687","targetHints":{"allow":["GET"]}}],"collection":[{"href":"https:\/\/www.europesays.com\/fr\/wp-json\/wp\/v2\/posts"}],"about":[{"href":"https:\/\/www.europesays.com\/fr\/wp-json\/wp\/v2\/types\/post"}],"author":[{"embeddable":true,"href":"https:\/\/www.europesays.com\/fr\/wp-json\/wp\/v2\/users\/2"}],"replies":[{"embeddable":true,"href":"https:\/\/www.europesays.com\/fr\/wp-json\/wp\/v2\/comments?post=536687"}],"version-history":[{"count":0,"href":"https:\/\/www.europesays.com\/fr\/wp-json\/wp\/v2\/posts\/536687\/revisions"}],"wp:featuredmedia":[{"embeddable":true,"href":"https:\/\/www.europesays.com\/fr\/wp-json\/wp\/v2\/media\/536688"}],"wp:attachment":[{"href":"https:\/\/www.europesays.com\/fr\/wp-json\/wp\/v2\/media?parent=536687"}],"wp:term":[{"taxonomy":"category","embeddable":true,"href":"https:\/\/www.europesays.com\/fr\/wp-json\/wp\/v2\/categories?post=536687"},{"taxonomy":"post_tag","embeddable":true,"href":"https:\/\/www.europesays.com\/fr\/wp-json\/wp\/v2\/tags?post=536687"}],"curies":[{"name":"wp","href":"https:\/\/api.w.org\/{rel}","templated":true}]}}