{"id":536689,"date":"2025-11-15T20:21:22","date_gmt":"2025-11-15T20:21:22","guid":{"rendered":"https:\/\/www.europesays.com\/fr\/536689\/"},"modified":"2025-11-15T20:21:22","modified_gmt":"2025-11-15T20:21:22","slug":"pour-les-carignonistes-le-ps-trahit-grenoble","status":"publish","type":"post","link":"https:\/\/www.europesays.com\/fr\/536689\/","title":{"rendered":"pour les Carignonistes, \u00ab\u00a0le PS trahit Grenoble\u00a0\u00bb"},"content":{"rendered":"<p>Cl\u00e9ment Chappet, animateur du collectif \u201cR\u00e9concilier Grenoble\u201d soutien de la liste d\u2019<a href=\"https:\/\/www.ledauphine.com\/p\/alain-carignon\" target=\"_blank\" rel=\"nofollow noopener\">Alain Carignon<\/a>, a aussi r\u00e9agi \u00e0 l\u2019annonce de <a href=\"https:\/\/www.ledauphine.com\/elections\/2025\/11\/14\/isere-grenoble-accord-historique-le-ps-et-les-ecolos-font-liste-commune-pour-les-municipales-2026\" target=\"_blank\" rel=\"nofollow noopener\">l\u2019alliance du PS et des \u00e9cologistes<\/a> pour les municipales de 2026 \u00e0 Grenoble.<\/p>\n<p>\u00ab\u00a0Le PS trahit Grenoble. La soumission du Parti socialiste grenoblois aux Verts et \u00e0 l\u2019extr\u00eame gauche est une mauvaise nouvelle pour la d\u00e9mocratie locale. C\u2019est aussi l\u2019aveu d\u2019un syst\u00e8me \u00e0 bout de souffle qui cherche \u00e0 se sauver par la tambouille politicienne. En rejoignant <a href=\"https:\/\/www.ledauphine.com\/p\/laurence-ruffin\" target=\"_blank\" rel=\"nofollow noopener\">Laurence Ruffin<\/a>, la candidate d\u2019<a href=\"https:\/\/www.ledauphine.com\/p\/eric-piolle\" target=\"_blank\" rel=\"nofollow noopener\">Eric Piolle<\/a>, le PS se fait le complice officiel du bilan et de la trajectoire qu\u2019elle porte. Les socialistes cautionnent d\u00e9sormais tout ce qui a fait mal aux Grenoblois et qu\u2019ils combattaient jusqu\u2019\u00e0 hier encore\u00a0: le d\u00e9mant\u00e8lement de la politique de pr\u00e9vention, la fermeture d\u2019\u00e9quipements publics de proximit\u00e9, l\u2019absence de dialogue et de concertation\u2026 Ce faisant, le PS rompt avec l\u2019ADN de Grenoble qui allie d\u00e9veloppement \u00e9conomique et innovation avec une ville solidaire et \u00e0 la pointe de la participation citoyenne.\u00a0\u00bb<\/p>\n","protected":false},"excerpt":{"rendered":"Cl\u00e9ment Chappet, animateur du collectif \u201cR\u00e9concilier Grenoble\u201d soutien de la liste d\u2019Alain Carignon, a aussi r\u00e9agi \u00e0 l\u2019annonce&hellip;\n","protected":false},"author":2,"featured_media":536690,"comment_status":"","ping_status":"","sticky":false,"template":"","format":"standard","meta":{"footnotes":""},"categories":[9566],"tags":[1111,11,2430,112,4188,1777,674,1011,27,2731,2732,108,12,316,25],"class_list":{"0":"post-536689","1":"post","2":"type-post","3":"status-publish","4":"format-standard","5":"has-post-thumbnail","7":"category-grenoble","8":"tag-actu","9":"tag-actualites","10":"tag-auvergne-rhone-alpes","11":"tag-edition-grenoble-agglomeration","12":"tag-elections-municipales","13":"tag-eu","14":"tag-europe","15":"tag-fr","16":"tag-france","17":"tag-grenoble","18":"tag-grenoble-bassin","19":"tag-isere","20":"tag-news","21":"tag-politique","22":"tag-republique-francaise"},"share_on_mastodon":{"url":"https:\/\/pubeurope.com\/@fr\/115555577638371707","error":""},"_links":{"self":[{"href":"https:\/\/www.europesays.com\/fr\/wp-json\/wp\/v2\/posts\/536689","targetHints":{"allow":["GET"]}}],"collection":[{"href":"https:\/\/www.europesays.com\/fr\/wp-json\/wp\/v2\/posts"}],"about":[{"href":"https:\/\/www.europesays.com\/fr\/wp-json\/wp\/v2\/types\/post"}],"author":[{"embeddable":true,"href":"https:\/\/www.europesays.com\/fr\/wp-json\/wp\/v2\/users\/2"}],"replies":[{"embeddable":true,"href":"https:\/\/www.europesays.com\/fr\/wp-json\/wp\/v2\/comments?post=536689"}],"version-history":[{"count":0,"href":"https:\/\/www.europesays.com\/fr\/wp-json\/wp\/v2\/posts\/536689\/revisions"}],"wp:featuredmedia":[{"embeddable":true,"href":"https:\/\/www.europesays.com\/fr\/wp-json\/wp\/v2\/media\/536690"}],"wp:attachment":[{"href":"https:\/\/www.europesays.com\/fr\/wp-json\/wp\/v2\/media?parent=536689"}],"wp:term":[{"taxonomy":"category","embeddable":true,"href":"https:\/\/www.europesays.com\/fr\/wp-json\/wp\/v2\/categories?post=536689"},{"taxonomy":"post_tag","embeddable":true,"href":"https:\/\/www.europesays.com\/fr\/wp-json\/wp\/v2\/tags?post=536689"}],"curies":[{"name":"wp","href":"https:\/\/api.w.org\/{rel}","templated":true}]}}