{"id":536691,"date":"2025-11-15T20:22:11","date_gmt":"2025-11-15T20:22:11","guid":{"rendered":"https:\/\/www.europesays.com\/fr\/536691\/"},"modified":"2025-11-15T20:22:11","modified_gmt":"2025-11-15T20:22:11","slug":"rc-vannes-grenoble-rugby-a-quelle-heure-et-sur-quelle-chaine-tv-suivre-le-choc-de-pro-d2","status":"publish","type":"post","link":"https:\/\/www.europesays.com\/fr\/536691\/","title":{"rendered":"RC Vannes &#8211; Grenoble rugby\u00a0: \u00e0 quelle heure et sur quelle cha\u00eene TV suivre le choc de Pro D2"},"content":{"rendered":"<p>Pro D2 (11e journ\u00e9e). RC Vannes &#8211; Grenoble, dimanche (21 h) \u00e0 Rennes<\/p>\n<p>C\u2019est LE choc de Pro D2 ! Ce dimanche, le RC Vannes re\u00e7oit Grenoble pour le compte de la 11e journ\u00e9e de championnat. La rencontre ne se tiendra pas \u00e0 La Rabine mais \u00e0 Rennes, au Roazhon Park. Pr\u00e8s de 30 000 spectateurs sont attendus.<\/p>\n<p>Apr\u00e8s dix jours, le RCV pointe \u00e0 la 2e place du championnat, pendant que Grenoble n\u2019est que 9e.<\/p>\n<p>O\u00f9 et quand voir le match ?<\/p>\n<p>Le match se jouera le dimanche 16 novembre \u00e0 21 h et sera diffus\u00e9 sur Canal +. Il sera aussi comment\u00e9 en direct sur le site du T\u00e9l\u00e9gramme (www.letelegramme.fr).<\/p>\n","protected":false},"excerpt":{"rendered":"Pro D2 (11e journ\u00e9e). RC Vannes &#8211; Grenoble, dimanche (21 h) \u00e0 Rennes C\u2019est LE choc de Pro&hellip;\n","protected":false},"author":2,"featured_media":536692,"comment_status":"","ping_status":"","sticky":false,"template":"","format":"standard","meta":{"footnotes":""},"categories":[9566],"tags":[1111,11,2430,1777,674,1011,27,2731,12,2308,3164,25,60,3165],"class_list":{"0":"post-536691","1":"post","2":"type-post","3":"status-publish","4":"format-standard","5":"has-post-thumbnail","7":"category-grenoble","8":"tag-actu","9":"tag-actualites","10":"tag-auvergne-rhone-alpes","11":"tag-eu","12":"tag-europe","13":"tag-fr","14":"tag-france","15":"tag-grenoble","16":"tag-news","17":"tag-pro-d2","18":"tag-rc-vannes","19":"tag-republique-francaise","20":"tag-sports","21":"tag-vannes"},"share_on_mastodon":{"url":"https:\/\/pubeurope.com\/@fr\/115555581619405810","error":""},"_links":{"self":[{"href":"https:\/\/www.europesays.com\/fr\/wp-json\/wp\/v2\/posts\/536691","targetHints":{"allow":["GET"]}}],"collection":[{"href":"https:\/\/www.europesays.com\/fr\/wp-json\/wp\/v2\/posts"}],"about":[{"href":"https:\/\/www.europesays.com\/fr\/wp-json\/wp\/v2\/types\/post"}],"author":[{"embeddable":true,"href":"https:\/\/www.europesays.com\/fr\/wp-json\/wp\/v2\/users\/2"}],"replies":[{"embeddable":true,"href":"https:\/\/www.europesays.com\/fr\/wp-json\/wp\/v2\/comments?post=536691"}],"version-history":[{"count":0,"href":"https:\/\/www.europesays.com\/fr\/wp-json\/wp\/v2\/posts\/536691\/revisions"}],"wp:featuredmedia":[{"embeddable":true,"href":"https:\/\/www.europesays.com\/fr\/wp-json\/wp\/v2\/media\/536692"}],"wp:attachment":[{"href":"https:\/\/www.europesays.com\/fr\/wp-json\/wp\/v2\/media?parent=536691"}],"wp:term":[{"taxonomy":"category","embeddable":true,"href":"https:\/\/www.europesays.com\/fr\/wp-json\/wp\/v2\/categories?post=536691"},{"taxonomy":"post_tag","embeddable":true,"href":"https:\/\/www.europesays.com\/fr\/wp-json\/wp\/v2\/tags?post=536691"}],"curies":[{"name":"wp","href":"https:\/\/api.w.org\/{rel}","templated":true}]}}