{"id":536695,"date":"2025-11-15T20:24:14","date_gmt":"2025-11-15T20:24:14","guid":{"rendered":"https:\/\/www.europesays.com\/fr\/536695\/"},"modified":"2025-11-15T20:24:14","modified_gmt":"2025-11-15T20:24:14","slug":"violente-agression-a-la-batte-de-base-ball-a-rennes-trois-personnes-arretees","status":"publish","type":"post","link":"https:\/\/www.europesays.com\/fr\/536695\/","title":{"rendered":"Violente agression \u00e0 la batte de base-ball \u00e0 Rennes, trois personnes arr\u00eat\u00e9es"},"content":{"rendered":"<p class=\"paragraph text_align_left lp-f-body-02\">Son pronostic vital \u00e9tait toujours engag\u00e9 ce samedi apr\u00e8s-midi. Une personne a \u00e9t\u00e9 sauvagement agress\u00e9e, dans la nuit de samedi \u00e0 dimanche, dans le centre-ville de Rennes (<a href=\"https:\/\/www.leparisien.fr\/ille-et-vilaine-35\/\" target=\"_blank\" rel=\"noreferrer nofollow noopener\">Ille-et-Vilaine<\/a>) par des individus arm\u00e9s de battes de base-ball. <\/p>\n<p class=\"paragraph text_align_left lp-f-body-02\">Trois personnes ont \u00e9t\u00e9 arr\u00eat\u00e9es, dont celle soup\u00e7onn\u00e9e d\u2019\u00eatre l\u2019auteur des coups les plus violents, derri\u00e8re la t\u00eate.<\/p>\n<p class=\"paragraph text_align_left lp-f-body-02\">L\u2019agression a eu lieu place des Lices, vers 1h30, \u00e0 la suite d\u2019un diff\u00e9rend dans un bar dans la capitale bretonne, dans la nuit de vendredi \u00e0 samedi.<\/p>\n<p class=\"paragraph text_align_left lp-f-body-02\">Selon nos informations, la violence de l\u2019agression est telle que la victime est m\u00e9connaissable. Elle n\u2019a pas encore \u00e9t\u00e9 identifi\u00e9e, selon une source polici\u00e8re aupr\u00e8s du Parisien.<\/p>\n<p class=\"lp-card-podcast-highlighting__title  lp-f-subtitle-05\">[1\/2] Mus\u00e9e Marmottan\u00a0: le vol spectaculaire d\u2019un chef-d\u2019\u0153uvre de Monet<\/p>\n<p class=\"lp-card-podcast-highlighting__description lp-f-ui-05\">Crime story raconte chaque semaine les grandes affaires criminelles.<\/p>\n<p><a class=\"lp-card-podcast-highlighting__call-to-action\" data-page-type=\"HP\" data-block-name=\"podcast-highlight\">\u00c9couter<\/a><\/p>\n<p class=\"paragraph text_align_left lp-f-body-02\">Les trois personnes interpell\u00e9es \u2014 deux jeunes majeurs et un mineur \u2014 sont inconnues des services de police ou de la justice. Une d\u2019elles a \u00e9t\u00e9 arr\u00eat\u00e9e sur place durant la nuit, les deux autres ce samedi apr\u00e8s-midi.<\/p>\n","protected":false},"excerpt":{"rendered":"Son pronostic vital \u00e9tait toujours engag\u00e9 ce samedi apr\u00e8s-midi. Une personne a \u00e9t\u00e9 sauvagement agress\u00e9e, dans la nuit&hellip;\n","protected":false},"author":2,"featured_media":536696,"comment_status":"","ping_status":"","sticky":false,"template":"","format":"standard","meta":{"footnotes":""},"categories":[2821],"tags":[1111,11,829,459,1777,674,118,1011,27,12,584,25],"class_list":{"0":"post-536695","1":"post","2":"type-post","3":"status-publish","4":"format-standard","5":"has-post-thumbnail","7":"category-rennes","8":"tag-actu","9":"tag-actualites","10":"tag-bretagne","11":"tag-departements-horsidfo","12":"tag-eu","13":"tag-europe","14":"tag-faits-divers","15":"tag-fr","16":"tag-france","17":"tag-news","18":"tag-rennes","19":"tag-republique-francaise"},"share_on_mastodon":{"url":"https:\/\/pubeurope.com\/@fr\/115555589677440899","error":""},"_links":{"self":[{"href":"https:\/\/www.europesays.com\/fr\/wp-json\/wp\/v2\/posts\/536695","targetHints":{"allow":["GET"]}}],"collection":[{"href":"https:\/\/www.europesays.com\/fr\/wp-json\/wp\/v2\/posts"}],"about":[{"href":"https:\/\/www.europesays.com\/fr\/wp-json\/wp\/v2\/types\/post"}],"author":[{"embeddable":true,"href":"https:\/\/www.europesays.com\/fr\/wp-json\/wp\/v2\/users\/2"}],"replies":[{"embeddable":true,"href":"https:\/\/www.europesays.com\/fr\/wp-json\/wp\/v2\/comments?post=536695"}],"version-history":[{"count":0,"href":"https:\/\/www.europesays.com\/fr\/wp-json\/wp\/v2\/posts\/536695\/revisions"}],"wp:featuredmedia":[{"embeddable":true,"href":"https:\/\/www.europesays.com\/fr\/wp-json\/wp\/v2\/media\/536696"}],"wp:attachment":[{"href":"https:\/\/www.europesays.com\/fr\/wp-json\/wp\/v2\/media?parent=536695"}],"wp:term":[{"taxonomy":"category","embeddable":true,"href":"https:\/\/www.europesays.com\/fr\/wp-json\/wp\/v2\/categories?post=536695"},{"taxonomy":"post_tag","embeddable":true,"href":"https:\/\/www.europesays.com\/fr\/wp-json\/wp\/v2\/tags?post=536695"}],"curies":[{"name":"wp","href":"https:\/\/api.w.org\/{rel}","templated":true}]}}