{"id":536703,"date":"2025-11-15T20:29:44","date_gmt":"2025-11-15T20:29:44","guid":{"rendered":"https:\/\/www.europesays.com\/fr\/536703\/"},"modified":"2025-11-15T20:29:44","modified_gmt":"2025-11-15T20:29:44","slug":"le-collectif-enfantiste-en-croisade-contre-ladultisme-a-nantes-2","status":"publish","type":"post","link":"https:\/\/www.europesays.com\/fr\/536703\/","title":{"rendered":"Le Collectif enfantiste en croisade contre \u00ab\u00a0l\u2019adultisme\u00a0\u00bb \u00e0 Nantes"},"content":{"rendered":"<p>Plusieurs dizaines de personnes ont particip\u00e9 ce samedi \u00e0 Nantes, comme dans 40\u00a0autres villes en France, au rassemblement organis\u00e9 par le <a href=\"https:\/\/collectifenfantiste.fr\/le-mouvement-enfantiste\/\" target=\"_self\" rel=\"nofollow noopener\">Collectif enfantiste<\/a> contre les violences faites aux enfants.<\/p>\n<p>Cr\u00e9\u00e9 en 2022, ce mouvement milite pour l\u2019\u00e9galit\u00e9 en mati\u00e8re de respect de droits et de dignit\u00e9 entre les adultes et les enfants et lutte contre \u00ab\u00a0l\u2019adultisme\u00a0\u00bb qui consiste \u00e0 consid\u00e9rer les enfants comme des \u00eatres inf\u00e9rieurs, avec toutes les violences qui peuvent en d\u00e9couler.<\/p>\n<p>\u00ab\u00a0Il faut changer le regard que l\u2019on porte sur les enfants, et mobiliser l\u2019opinion publique que leur protection devienne r\u00e9ellement une priorit\u00e9\u00a0\u00bb, explique Nathalie Leneveu, activiste au sein du collectif de Loire-Atlantique, qui regroupe une cinquantaine de militants.<\/p>\n<p>\u00a0<\/p>\n","protected":false},"excerpt":{"rendered":"Plusieurs dizaines de personnes ont particip\u00e9 ce samedi \u00e0 Nantes, comme dans 40\u00a0autres villes en France, au rassemblement&hellip;\n","protected":false},"author":2,"featured_media":536473,"comment_status":"","ping_status":"","sticky":false,"template":"","format":"standard","meta":{"footnotes":""},"categories":[2818],"tags":[1111,11,65581,7819,41855,65580,1777,674,1011,27,766,12,2636,25],"class_list":{"0":"post-536703","1":"post","2":"type-post","3":"status-publish","4":"format-standard","5":"has-post-thumbnail","7":"category-nantes","8":"tag-actu","9":"tag-actualites","10":"tag-adultisme","11":"tag-collectif","12":"tag-croisade","13":"tag-enfantiste","14":"tag-eu","15":"tag-europe","16":"tag-fr","17":"tag-france","18":"tag-nantes","19":"tag-news","20":"tag-pays-de-la-loire","21":"tag-republique-francaise"},"share_on_mastodon":{"url":"https:\/\/pubeurope.com\/@fr\/115555609082474177","error":""},"_links":{"self":[{"href":"https:\/\/www.europesays.com\/fr\/wp-json\/wp\/v2\/posts\/536703","targetHints":{"allow":["GET"]}}],"collection":[{"href":"https:\/\/www.europesays.com\/fr\/wp-json\/wp\/v2\/posts"}],"about":[{"href":"https:\/\/www.europesays.com\/fr\/wp-json\/wp\/v2\/types\/post"}],"author":[{"embeddable":true,"href":"https:\/\/www.europesays.com\/fr\/wp-json\/wp\/v2\/users\/2"}],"replies":[{"embeddable":true,"href":"https:\/\/www.europesays.com\/fr\/wp-json\/wp\/v2\/comments?post=536703"}],"version-history":[{"count":0,"href":"https:\/\/www.europesays.com\/fr\/wp-json\/wp\/v2\/posts\/536703\/revisions"}],"wp:featuredmedia":[{"embeddable":true,"href":"https:\/\/www.europesays.com\/fr\/wp-json\/wp\/v2\/media\/536473"}],"wp:attachment":[{"href":"https:\/\/www.europesays.com\/fr\/wp-json\/wp\/v2\/media?parent=536703"}],"wp:term":[{"taxonomy":"category","embeddable":true,"href":"https:\/\/www.europesays.com\/fr\/wp-json\/wp\/v2\/categories?post=536703"},{"taxonomy":"post_tag","embeddable":true,"href":"https:\/\/www.europesays.com\/fr\/wp-json\/wp\/v2\/tags?post=536703"}],"curies":[{"name":"wp","href":"https:\/\/api.w.org\/{rel}","templated":true}]}}