{"id":536756,"date":"2025-11-15T21:01:23","date_gmt":"2025-11-15T21:01:23","guid":{"rendered":"https:\/\/www.europesays.com\/fr\/536756\/"},"modified":"2025-11-15T21:01:23","modified_gmt":"2025-11-15T21:01:23","slug":"tous-les-partenaires-majeurs-ont-mis-le-meme-budget-quen-top-14-comment-le-modele-economique-du-rc-vannes-lui-a-permis-de-digerer-la-relegation-en-pro-d2","status":"publish","type":"post","link":"https:\/\/www.europesays.com\/fr\/536756\/","title":{"rendered":"\u00ab\u00a0Tous les partenaires majeurs ont mis le m\u00eame budget qu\u2019en Top\u00a014\u00a0\u00bb\u00a0: comment le mod\u00e8le \u00e9conomique du RC Vannes lui a permis de dig\u00e9rer la rel\u00e9gation en Pro D2"},"content":{"rendered":"<p>Pro D2 (11e journ\u00e9e). RC Vannes &#8211; Grenoble, dimanche (21 h) \u00e0 Rennes<\/p>\n<p>Pour la premi\u00e8re fois de son histoire, le <a href=\"https:\/\/www.letelegramme.fr\/sports\/rugby\/rc-vannes\/\" target=\"_blank\" rel=\"nofollow noopener\">RC Vannes<\/a> a connu un coup d\u2019arr\u00eat dans sa progression sportive. Apr\u00e8s avoir grimp\u00e9 les \u00e9chelons, pas \u00e0 pas, jusqu\u2019\u00e0 acc\u00e9der au Top 14, le club morbihannais est retourn\u00e9 en Pro D2. Cette descente, mal dig\u00e9r\u00e9e par les derniers rel\u00e9gu\u00e9s les saisons pr\u00e9c\u00e9dentes (Oyonnax, Brive, Biarritz, Agen\u2026), n\u2019a pas sembl\u00e9 toucher le RCV, leader de Pro D2 au tiers de la phase r\u00e9guli\u00e8re.<\/p>\n<p>Le secret tient certainement en un mot qui a fait sa r\u00e9ussite ces derni\u00e8res ann\u00e9es : la stabilit\u00e9. La chute a bien \u00e9t\u00e9 amortie gr\u00e2ce \u00e0 l\u2019anticipation. Le diff\u00e9rentiel de deux millions d\u2019euros entre son budget en Top 14 et celui en Pro D2 cette saison (de 22 \u00e0 20 millions) vient surtout du montant plus faible vers\u00e9 par la Ligue nationale de rugby (LNR) pour les droits audiovisuels aux clubs de deuxi\u00e8me division.<\/p>\n<p>Pour le reste, la masse salariale n\u2019a que tr\u00e8s l\u00e9g\u00e8rement baiss\u00e9 et a permis de <a href=\"https:\/\/www.letelegramme.fr\/sports\/rugby\/rc-vannes\/selon-vous-le-rc-vannes-dispose-dun-meilleur-effectif-cette-saison-en-pro-d2-que-la-saison-passee-en-top-14-6890347.php\" target=\"_blank\" rel=\"nofollow noopener\">b\u00e2tir un effectif pouvant largement tenir la comparaison avec celui de l\u2019ann\u00e9e derni\u00e8re<\/a>. La grande majorit\u00e9 des cadres ont prolong\u00e9. Cette continuit\u00e9 est une grande force et une raret\u00e9 par rapport aux derni\u00e8res formations rel\u00e9gu\u00e9es.<\/p>\n<p>Les recettes de la billetterie n\u2019ont pas baiss\u00e9, La Rabine encha\u00eenant les matchs \u00e0 guichets ferm\u00e9s (32 cons\u00e9cutifs depuis le 19 octobre 2023 contre Biarritz, soit plus de deux ans). Et cette d\u00e9localisation \u00e0 Rennes, devant pr\u00e8s de 30 000 spectateurs, offrira encore une belle image du rugby breton.<\/p>\n<p>Le <a href=\"https:\/\/www.letelegramme.fr\/sports\/rugby\/rc-vannes\/\" target=\"_blank\" rel=\"nofollow noopener\">RC Vannes<\/a> est toujours soutenu par 650 partenaires, issus du territoire, dont 15 dits \u00ab Premium \u00bb (*). \u00ab Tous les partenaires majeurs ont mis le m\u00eame budget qu\u2019en Top 14, explique <a href=\"https:\/\/www.letelegramme.fr\/bretagne\/ma-passion-cest-developper-olivier-rome-le-chef-dentreprise-lorientais-que-rien-narrete-6768362.php\" target=\"_blank\" rel=\"nofollow noopener\">Olivier Rome<\/a>, le vice-pr\u00e9sident. \u00c7a montre la d\u00e9termination des sponsors et des actionnaires \u00e0 vouloir remonter. Le tissu \u00e9conomique breton, c\u2019est vraiment notre force. Aujourd\u2019hui, on n\u2019a pas de gros sponsors nationaux, donc c\u2019est plut\u00f4t bien. \u00c7a nous donne de la r\u00e9serve pour l\u2019avenir. \u00bb<\/p>\n<p>Depuis la saison pass\u00e9e, cinq partenaires sont entr\u00e9s au capital (Brets, SBV, Groupe Le Saint, Interaction et Ultimate Fishing) et la gouvernance a \u00e9volu\u00e9 avec la cr\u00e9ation d\u2019un directoire, qui g\u00e8re l\u2019op\u00e9rationnel, et d\u2019un conseil de surveillance, en garde-fou, qui ont remplac\u00e9 l\u2019ancien conseil d\u2019administration.<\/p>\n<p>Les dirigeants vannetais ont aussi d\u00e9nich\u00e9 un nouvel \u00e9quipementier apr\u00e8s les soucis financiers rencontr\u00e9s par l\u2019ancien, Le Coq Sportif. <a href=\"https:\/\/www.letelegramme.fr\/sports\/rugby\/rc-vannes\/le-rc-vannes-et-le-coq-sportif-cest-fini-le-rcv-change-dequipementier-pour-les-cinq-prochaines-saisons-6851387.php\" target=\"_blank\" rel=\"nofollow noopener\">La marque britannique Castore<\/a> s\u2019est engag\u00e9e pour cinq ans. Une grande premi\u00e8re en France pour celle qui \u00e9quipe notamment la s\u00e9lection anglaise, la franchise irlandaise du Leinster et plusieurs \u00e9quipes anglaises (Bath, les Saracens et les Harlequins).<\/p>\n<p>\u00ab Objectif : 1 000 partenaires ! \u00bb<\/p>\n<p>Le d\u00e9veloppement du RCV est seulement frein\u00e9 par la capacit\u00e9 de son stade de La Rabine, malgr\u00e9 une <a href=\"https:\/\/www.letelegramme.fr\/sports\/rugby\/rc-vannes\/combien-de-places-sont-mises-en-vente-au-grand-public-a-chaque-match-du-rc-vannes-a-la-rabine-6895998.php\" target=\"_blank\" rel=\"nofollow noopener\">augmentation de 640 places \u00e0 l\u2019intersaison (de 11 782 \u00e0 12 422)<\/a>. L\u2019objectif affich\u00e9, \u00e0 moyen terme, est d\u2019atteindre 15 000 places en agrandissant la tribune Lucien-Jaffr\u00e9, mais \u00e7a ne sera pas avant 2028. \u00c0 plus long terme, il esp\u00e8re m\u00eame atteindre 18 000 places d\u2019ici cinq ans environ, selon Olivier Rome. \u00ab 18 000, c\u2019est beaucoup pour un club mais pas pour une r\u00e9gion. \u00bb<\/p>\n<p>\u00c7a permettrait aussi d\u2019accueillir de nouveaux partenaires. \u00ab L\u2019objectif est clairement affich\u00e9 : c\u2019est 1 000 partenaires, poursuit le vice-pr\u00e9sident du RCV. On sera les seuls en France \u00e0 en avoir 1 000 ! C\u2019est l\u2019objectif qu\u2019on s\u2019est fix\u00e9. \u00bb Des ambitions \u00e9lev\u00e9es avec une id\u00e9e derri\u00e8re la t\u00eate : remonter puis s\u2019installer durablement en Top 14.<\/p>\n<p class=\"tech\">(*) Cr\u00e9dit Mutuel Ark\u00e9a, Armor Fruits, BMW, Brets, Castore, Daunat, d\u2019Aucy, Eureden, Delanchy, Groupama, Interaction, SBV, Poule et Toque, Sill<\/p>\n","protected":false},"excerpt":{"rendered":"Pro D2 (11e journ\u00e9e). RC Vannes &#8211; Grenoble, dimanche (21 h) \u00e0 Rennes Pour la premi\u00e8re fois de&hellip;\n","protected":false},"author":2,"featured_media":536757,"comment_status":"","ping_status":"","sticky":false,"template":"","format":"standard","meta":{"footnotes":""},"categories":[1416],"tags":[11,1011,27,2308,3164,3167,479,1468,60,3165],"class_list":{"0":"post-536756","1":"post","2":"type-post","3":"status-publish","4":"format-standard","5":"has-post-thumbnail","7":"category-rugby","8":"tag-actualites","9":"tag-fr","10":"tag-france","11":"tag-pro-d2","12":"tag-rc-vannes","13":"tag-rcv","14":"tag-rugby","15":"tag-rugby-football","16":"tag-sports","17":"tag-vannes"},"share_on_mastodon":{"url":"https:\/\/pubeurope.com\/@fr\/115555734956868154","error":""},"_links":{"self":[{"href":"https:\/\/www.europesays.com\/fr\/wp-json\/wp\/v2\/posts\/536756","targetHints":{"allow":["GET"]}}],"collection":[{"href":"https:\/\/www.europesays.com\/fr\/wp-json\/wp\/v2\/posts"}],"about":[{"href":"https:\/\/www.europesays.com\/fr\/wp-json\/wp\/v2\/types\/post"}],"author":[{"embeddable":true,"href":"https:\/\/www.europesays.com\/fr\/wp-json\/wp\/v2\/users\/2"}],"replies":[{"embeddable":true,"href":"https:\/\/www.europesays.com\/fr\/wp-json\/wp\/v2\/comments?post=536756"}],"version-history":[{"count":0,"href":"https:\/\/www.europesays.com\/fr\/wp-json\/wp\/v2\/posts\/536756\/revisions"}],"wp:featuredmedia":[{"embeddable":true,"href":"https:\/\/www.europesays.com\/fr\/wp-json\/wp\/v2\/media\/536757"}],"wp:attachment":[{"href":"https:\/\/www.europesays.com\/fr\/wp-json\/wp\/v2\/media?parent=536756"}],"wp:term":[{"taxonomy":"category","embeddable":true,"href":"https:\/\/www.europesays.com\/fr\/wp-json\/wp\/v2\/categories?post=536756"},{"taxonomy":"post_tag","embeddable":true,"href":"https:\/\/www.europesays.com\/fr\/wp-json\/wp\/v2\/tags?post=536756"}],"curies":[{"name":"wp","href":"https:\/\/api.w.org\/{rel}","templated":true}]}}