{"id":536762,"date":"2025-11-15T21:07:30","date_gmt":"2025-11-15T21:07:30","guid":{"rendered":"https:\/\/www.europesays.com\/fr\/536762\/"},"modified":"2025-11-15T21:07:30","modified_gmt":"2025-11-15T21:07:30","slug":"le-pertre-sort-la-tete-haute-contre-concarneau-revivez-le-match","status":"publish","type":"post","link":"https:\/\/www.europesays.com\/fr\/536762\/","title":{"rendered":"Le Pertre sort la t\u00eate haute contre Concarneau, revivez le match"},"content":{"rendered":"<p>                    Par<br \/>\n        <strong><br \/>\n            <a href=\"https:\/\/actu.fr\/auteur\/matheo-girard\" title=\"Consulter tous les articles de Matheo Girard\" target=\"_blank\" rel=\"noopener\">Matheo Girard<\/a><br \/>\n                    <\/strong><\/p>\n<p>        Publi\u00e9 le<\/p>\n<p>            15 nov. 2025 \u00e0 19h01        <\/p>\n<p>C\u2019\u00e9tait le grand jour pour <b>les Bleuets du Pertre<\/b> (Ille-et-Vilaine)\u2009! L\u2019\u00e9quipe entra\u00een\u00e9e par Pascal Pouthier, pensionnaire de <b>R\u00e9gional 3<\/b>, se frottait <a href=\"https:\/\/actu.fr\/bretagne\/le-pertre_35217\/coupe-de-france-un-super-tirage-le-pertre-va-recevoir-un-club-professionnel_63368996.html\" target=\"_blank\" rel=\"noopener\">aux professionnels de <b>l\u2019US Concarneau,<\/b><\/a> ce samedi 15\u00a0novembre 2025 \u00e0 Vitr\u00e9.<\/p>\n<p class=\" wall-content\">Les Thoniers, qui disposent encore du statut pro, constituaient une montagne pour le club des communes du Pertre, Brielles, Gennes-sur-Seiche et Saint-Cyr-le-Gravelais.<\/p>\n<p>Concarneau fait preuve de s\u00e9rieux<\/p>\n<p class=\" wall-content\">Cela s\u2019est assez logiquement v\u00e9rifi\u00e9 sur le terrain, o\u00f9 les Finist\u00e9riens ont fait preuve de <b>beaucoup de s\u00e9rieux<\/b> en premi\u00e8re p\u00e9riode avant de g\u00e9rer apr\u00e8s la pause.<\/p>\n<p class=\" wall-content\"><a href=\"https:\/\/www.instagram.com\/p\/DRFnn8UjXrK\/embed\" title=\"Ouvrir le lien sur Instagram\" target=\"_blank\" rel=\"noopener\">Visualiser le contenu sur Instagram<\/a><\/p>\n<p class=\" wall-content\"><b>Lo\u00efc Goujon, Amadou Samoura et Mewan Le Bonniec sont les buteurs<\/b> du soir, malgr\u00e9 <b>un Th\u00e9o Pasquier h\u00e9ro\u00efque<\/b> dans les cages.<\/p>\n<p class=\" wall-content\">Le Journal de Vitr\u00e9 vous propose de revivre l\u2019\u00e9v\u00e9nement, de son avant-match enflamm\u00e9 au r\u00e9cit de la rencontre.<\/p>\n<p>Vid\u00e9os : en ce moment sur ActuLe Pertre \u2013 Concarneau\u2009: 0-3<\/p>\n<p class=\" wall-content\"><b>Bonne soir\u00e9e\u2009!<\/b><\/p>\n<p class=\" wall-content\">C\u2019est la fin de ce live, merci \u00e0 toutes et \u00e0 tous d\u2019avoir suivi ce match en notre compagnie. Rendez-vous dans quelques minutes pour un retour en photos sur cette partie.<\/p>\n<p class=\" wall-content\"><b>Fin du match<\/b><\/p>\n<p class=\" wall-content\">M. Lesage siffle la fin de cette rencontre. Les Bleuets du Pertre sortent la t\u00eate haute, \u00e9limin\u00e9s par une \u00e9quipe de Concarneau qui a fait preuve de s\u00e9rieux en premi\u00e8re p\u00e9riode, avant de g\u00e9rer apr\u00e8s la pause. Goujon, Samoura et Le Bonniec sont les buteurs.<\/p>\n<p>Votre r\u00e9gion, votre actu !<\/p>\n<p>Recevez chaque jour les infos qui comptent pour vous.<\/p>\n<p>\t<a href=\"https:\/\/actu.fr\/newsletter\" class=\"ac-btn ac-btn--corner ac-btn--medium ac-btn--blue800\" target=\"_blank\" rel=\"noopener\">S&rsquo;incrire<\/a><\/p>\n<p class=\" wall-content\"><b>90\u2019\u2009: trois minutes de temps additionnel<\/b><\/p>\n<p class=\" wall-content\">C\u2019est ce qu\u2019il reste aux Bleuets avant de dire au revoir \u00e0 la Coupe de France.<\/p>\n<p class=\" wall-content\"><b>84\u2019\u2009: une situation offensive pour les Bleuets<\/b><\/p>\n<p class=\" wall-content\">Apr\u00e8s un centre venu de la gauche, Axel Mieuzet h\u00e9rite du ballon dans la surface. Il semble s\u2019emmener le ballon de la main, mais l\u2019arbitre ne s\u2019en rend pas compte. Il est trop excentr\u00e9, et sa tentative meurt \u00e0 c\u00f4t\u00e9 du poteau.<b\/><\/p>\n<p class=\" wall-content\"><b>83\u2019\u2009: nouveau changement pour Le Pertre<\/b><\/p>\n<p class=\" wall-content\">Evan Hacques remplace le capitaine des Bleuets, Mathias Ollivier.<\/p>\n<p class=\" wall-content\"><b>81\u2019\u2009: le rythme retombe dans ce match<\/b><\/p>\n<p class=\" wall-content\">La qualification semble acquise et les Thoniers ont rel\u00e2ch\u00e9 la pression, malgr\u00e9 cette frappe de Mercier.<\/p>\n<p class=\" wall-content\"><b>75\u2019\u2009: De la Bou\u00e8re fait se lever le stade<\/b><\/p>\n<p class=\" wall-content\">Lanc\u00e9 en profondeur, l\u2019arri\u00e8re gauche est devanc\u00e9 de justesse par la sortie de Viot.<\/p>\n<p class=\" wall-content\"><b>73\u2019\u2009: nouveau double changement pour les Bleuets<\/b><\/p>\n<p class=\" wall-content\">Luc Chaineau et Julian Loison c\u00e8dent leur place \u00e0 Rudy Neveu et \u00e0 Tom Ryo.<\/p>\n<p class=\" wall-content\"><b>70\u2019\u2009: Les Pertrais ont pris un coup sur la t\u00eate<\/b><\/p>\n<p class=\" wall-content\">Il semble d\u00e9sormais acquis que l\u2019aventure des Bleuets en Coupe de France va s\u2019arr\u00eater dans une vingtaine de minutes.<\/p>\n<p>    <img   decoding=\"async\" loading=\"lazy\" class=\"size-large\" src=\"https:\/\/www.europesays.com\/fr\/wp-content\/uploads\/2025\/11\/e8e77898b8196dce77898b819d0f77v-960x640.jpg\" alt=\"Les Bleuets du Pertre face \u00e0 Concarneau.\" width=\"960\" height=\"640\"\/><br \/>\n    Les Bleuets du Pertre face \u00e0 Concarneau. \u00a9Romain Garion \/ Le Journal de Vitr\u00e9<\/p>\n<p class=\" wall-content\"><b>68\u2019\u2009: Le troisi\u00e8me but des Thoniers\u2009!<\/b><\/p>\n<p class=\" wall-content\">L\u2019attaquant breton Mewan Le Bonniec est trouv\u00e9 au deuxi\u00e8me poteau par un centre d\u2019Etcheverria. Il croise sa t\u00eate et Pasquier est impuissant cette fois-ci.<\/p>\n<p class=\" wall-content\"><b>66\u2019\u2009: Pasquier poursuit son festival\u2009!<\/b><\/p>\n<p class=\" wall-content\">Le gardien des Bleuets capte une nouvelle t\u00eate concarnoise \u00e0 bout portant. Il s\u2019agissait de Goujon, pas pass\u00e9 loin du doubl\u00e9.<\/p>\n<p class=\" wall-content\"><b>63\u2019\u2009: Boscher sauve les siens\u2009!<\/b><\/p>\n<p class=\" wall-content\">Gros retour du d\u00e9fenseur central des Bleuets sur une situation de frappe concarnoise. Quelques instants plus tard, une nouvelle tentative de Samoura s\u2019envole.<\/p>\n<p class=\" wall-content\"><b>60\u2019\u2009: on n\u2019est pas pass\u00e9 loin du troisi\u00e8me\u2026<\/b><\/p>\n<p class=\" wall-content\">Servi plein axe, Sylvestre d\u00e9cale Samoura. Le Concarnois d\u00e9clenche une lourde frappe qui fr\u00f4le la barre de Pasquier. Il semblait battu sur celle-ci.<\/p>\n<p class=\" wall-content\"><b>57\u2019\u2009: deux changements pour les Bleuets<\/b><\/p>\n<p class=\" wall-content\">Pierre Thireau, buteur contre Cl\u00e9der, entre \u00e0 la place de Th\u00e9o Quintin. Marvin Mieuzet, fait \u00e9galement son apparition \u00e0 la place de Jonathan Gilet.<\/p>\n<p class=\" wall-content\"><b>52\u2019\u2009: Pasquier une nouvelle fois en \u00e9vidence<\/b><\/p>\n<p class=\" wall-content\">Le portier pertrais se saisit d\u2019une nouvelle frappe de Soukouna, le deuxi\u00e8me buteur concarnois. Celle-ci \u00e9tait un peu trop molle.<\/p>\n<p class=\" wall-content\"><b>50\u2019\u2009: Sylvestre est\u00a0averti pour Concarneau<\/b><b\/><\/p>\n<p class=\" wall-content\"><b>49\u2019\u2009: le centre d\u2019Etcheverria\u2009!<\/b><\/p>\n<p class=\" wall-content\">Le Concarnois avait profit\u00e9 d\u2019une erreur de lecture de De la Bou\u00e8re pour avaler l\u2019espace c\u00f4t\u00e9 droit. Son centre est un peu trop long pour Le Bonniec.<\/p>\n<p class=\" wall-content\"><b>48\u2019\u2009: \u00e7a chauffe dans la surface des Bleuets\u2009!<\/b><\/p>\n<p class=\" wall-content\">Coudray manque son d\u00e9gagement mais Pasquier vient capter le ballon et \u00e9carter le danger.<\/p>\n<p class=\" wall-content\"><b>46\u2019\u2009: d\u00e9but de la seconde p\u00e9riode<\/b><\/p>\n<p class=\" wall-content\">Il reste encore au moins 45\u00a0minutes pour r\u00eaver du c\u00f4t\u00e9 Bleuets. Les hommes de Pascal Pouthier, esp\u00e8rent encore pouvoir faire trembler les filets, des Finist\u00e9riens. Pour Concarneau, Soukouna est remplac\u00e9 par Sylvestre.<\/p>\n<p class=\" wall-content\"><b>17\u2009h\u200955\u2009: quelques clich\u00e9s de la premi\u00e8re p\u00e9riode \u00e0 Vitr\u00e9<\/b><\/p>\n<p>    <img   decoding=\"async\" loading=\"lazy\" class=\"size-large\" src=\"https:\/\/www.europesays.com\/fr\/wp-content\/uploads\/2025\/11\/cd8d5411b8196b19d5411b819859d5v-960x640.jpg\" alt=\"Les Bleuets du Pertre tentent de s'accrocher contre Concarneau.\" width=\"960\" height=\"640\"\/><br \/>\n    Les Bleuets du Pertre tentent de s\u2019accrocher contre Concarneau. \u00a9Romain Garion \/ Le Journal de Vitr\u00e9<br \/>\n    <img   decoding=\"async\" loading=\"lazy\" class=\"size-large\" src=\"https:\/\/www.europesays.com\/fr\/wp-content\/uploads\/2025\/11\/f9d55411b81961ed55411b819f1e55v-960x640.jpg\" alt=\"Les Bleuets du Pertre tentent de s'accrocher contre Concarneau.\" width=\"960\" height=\"640\"\/><br \/>\n    Les Bleuets du Pertre tentent de s\u2019accrocher contre Concarneau. \u00a9Romain Garion \/ Le Journal de Vitr\u00e9<br \/>\n    <img   decoding=\"async\" loading=\"lazy\" class=\"size-large\" src=\"https:\/\/www.europesays.com\/fr\/wp-content\/uploads\/2025\/11\/4b579411b81964f579411b81923679v-960x640.jpg\" alt=\"Les Bleuets du Pertre tentent de s'accrocher contre Concarneau.\" width=\"960\" height=\"640\"\/><br \/>\n    Les Bleuets du Pertre tentent de s\u2019accrocher contre Concarneau. \u00a9Romain Garion \/ Le Journal de Vitr\u00e9<\/p>\n<p class=\" wall-content\"><b>Mi-temps \u00e0 Vitr\u00e9\u2009!<\/b><\/p>\n<p class=\" wall-content\">L\u2019US Concarneau, s\u00e9rieuse, m\u00e8ne logiquement au score face au Pertre. Les Bleuets r\u00e9sistent tant bien que mal, notamment gr\u00e2ce \u00e0 une \u00e9norme premi\u00e8re p\u00e9riode de Th\u00e9o Pasquier, mais l\u2019\u00e9cart de niveau est net sur le terrain. Il reste 45\u00a0minutes pour essayer de renverser la vapeur.<\/p>\n<p class=\" wall-content\"><b>45+\u00a01\u2019\u2009: Les Thoniers creusent l\u2019\u00e9cart<\/b><\/p>\n<p class=\" wall-content\">Deuxi\u00e8me but pour l\u2019US Concarneau, inscrit par Amadou Samoura, qui conclut dans le but vide apr\u00e8s un bon service d\u2019Inquel dans la surface.<\/p>\n<p class=\" wall-content\"><b>45\u2019\u2009: les Bleuets r\u00e9sistent\u2009!<\/b><\/p>\n<p class=\" wall-content\">La d\u00e9fense des Bleuets met le pied au dernier moment pour contrer Inquel.<\/p>\n<p class=\" wall-content\"><b>44\u2019\u2009: Pasquier est exceptionnel\u2009!<\/b><\/p>\n<p class=\" wall-content\">Il sort une nouvelle parade XXL pour priver Le Bonniec d\u2019alourdir le score, \u00e0 bout portant dans la surface.<\/p>\n<p class=\" wall-content\"><b>40\u2019\u2009: le stade donne de la voix\u2009!<\/b><b\/><\/p>\n<p class=\" wall-content\">Les Bleuets sont encourag\u00e9s avec leur public sur cette incursion, conclue par un centre de Coudray c\u00f4t\u00e9 droit. Le capitaine des Thoniers, Jannez, \u00e9carte le danger.<\/p>\n<p class=\" wall-content\"><b>38\u2019\u2009: Pasquier \u00e9c\u0153ure Concarneau\u2009!<\/b><\/p>\n<p class=\" wall-content\">Cette fois, c\u2019est une frappe de Goujon, le buteur, qui trouve Pasquier \u00e0 la parade.<b\/><\/p>\n<p class=\" wall-content\"><b>35\u2019\u2009: Pasquier encore\u2009!<\/b><\/p>\n<p class=\" wall-content\">Il d\u00e9tourne cette fois une frappe \u00e0 bout portant de Jannez, \u00e0 la conclusion d\u2019un superbe mouvement collectif concarnois. Sur le corner qui suit, la frappe de Sinquin n\u2019est pas cadr\u00e9e.<\/p>\n<p class=\" wall-content\"><b>34\u2019\u2009: Pasquier fait exulter le stade\u2009!<\/b><\/p>\n<p class=\" wall-content\">Des \u00ab\u2009Th\u00e9o, Th\u00e9o, Th\u00e9o\u2009\u00bb, r\u00e9sonne dans le stade. Le gardien des Bleuets vient de d\u00e9tourner une nouvelle frappe, sign\u00e9e Samoura cette fois.<\/p>\n<p class=\" wall-content\"><b>33\u2019\u2009: Mieuzet percute\u2009!<\/b><\/p>\n<p class=\" wall-content\">Le n\u00b010 des Bleuets prend de la vitesse plein axe. L\u00e9g\u00e8rement d\u00e9s\u00e9quilibr\u00e9, il transmet vers Quintin, mais la d\u00e9fense finist\u00e9rienne est vigilante.<\/p>\n<p class=\" wall-content\"><b>30\u2019\u2009: Le Pertre s\u2019accroche\u2009!<\/b><\/p>\n<p class=\" wall-content\">Apr\u00e8s une demi-heure de jeu, les Bleuets sont toujours men\u00e9s mais restent dans le coup et tentent de faire remonter leur bloc, \u00e0 l\u2019image d\u2019Axel Mieuzet.<\/p>\n<p class=\" wall-content\"><b>27\u2019\u2009: Pasquier soulage sa d\u00e9fense\u2009!<\/b><\/p>\n<p class=\" wall-content\">Apr\u00e8s un corner repouss\u00e9, Mercier centre depuis l\u2019entr\u00e9e de la surface. Le gardien capte le cuir.<\/p>\n<p class=\" wall-content\"><b>23\u2019\u2009: Le Pertre n\u2019abdique pas\u2009!<\/b><b\/><\/p>\n<p class=\" wall-content\">Mieuzet lance Gilet sur son c\u00f4t\u00e9 droit. L\u2019attaquant tente de prendre Inquel de vitesse mais n\u2019y parvient pas. Le ballon est dans les pieds des Thoniers.<\/p>\n<p class=\" wall-content\"><b>20\u2019\u2009: grosse intervention d\u00e9fensive\u2009!<\/b><\/p>\n<p class=\" wall-content\">De la Bou\u00e8re ne l\u00e2che rien sur son c\u00f4t\u00e9 gauche et tacle Soukouna dans les r\u00e8gles. Le corner qui suit ne donne rien. Le public applaudit.<\/p>\n<p class=\" wall-content\"><b>18\u2019\u2009: Pasquier s\u2019illustre encore\u2009!<\/b><\/p>\n<p class=\" wall-content\">Le gardien pertrais est vigilant sur cette frappe d\u2019Etcheverria et capte le ballon.<\/p>\n<p class=\" wall-content\"><b>15\u2019\u2009: l\u2019ouverture du score des Thoniers (0-1)\u2009!<\/b><\/p>\n<p class=\" wall-content\">Servi plein axe, Lo\u00efc Goujon d\u00e9croche une lourde frappe \u00e0 25m, sur laquelle Pasquier ne peut cette fois rien faire. Concarneau prend les devants.<\/p>\n<p class=\" wall-content\"><b>14\u2019\u2009: Le Pertre s\u2019en sort encore<\/b><\/p>\n<p class=\" wall-content\">Nouvelle situation tr\u00e8s chaude dans la surface sur ce coup franc \u00e0 25\u00a0m plein centre, frapp\u00e9 \u00e0 ras de terre par Picouleau. Une faute est siffl\u00e9e en faveur des Bleuets.<\/p>\n<p class=\" wall-content\"><b>11\u2019\u2009: l\u2019\u00e9norme claquette de Pasquier<\/b><\/p>\n<p class=\" wall-content\">Le gardien des Bleuets d\u00e9tourne une t\u00eate concarnoise apr\u00e8s un corner frapp\u00e9 par Picouleau\u2009! Magnifique parade\u2009!<\/p>\n<p class=\" wall-content\"><b>9\u2019\u2009: Concarneau se montre dangereux<\/b><\/p>\n<p class=\" wall-content\">Apr\u00e8s un centre venu de la gauche, Soukouna reprend le ballon en premi\u00e8re intention. Son tir fuit le cadre.<\/p>\n<p class=\" wall-content\"><b>7\u2019\u2009: Le Pertre ose<\/b><\/p>\n<p class=\" wall-content\">Boscher tente de trouver de la Bou\u00e8re dans le dos de la d\u00e9fense des Thoniers. C\u2019est trop long.<\/p>\n<p class=\" wall-content\"><b>4\u2019\u2009: premier arr\u00eat pour Pasquier\u2009!<\/b><\/p>\n<p class=\" wall-content\">Le portier du Pertre d\u00e9vie une premi\u00e8re frappe de Soukouna en corner. Derri\u00e8re, le ciseau d\u2019un attaquant est manqu\u00e9.<\/p>\n<p class=\" wall-content\"><b>17\u2009h\u2009: C\u2019EST PARTI\u2009!<\/b><\/p>\n<p class=\" wall-content\">Ce sont les Bleuets du Pertre, qui \u00e9voluent en blanc, qui donnent le coup d\u2019envoi de la rencontre face \u00e0 Concarneau. Le coup d\u2019envoi fictif a \u00e9t\u00e9 donn\u00e9, sous les applaudissements, par le pr\u00e9sident Franck Boisseau. Notre entretien avec ce dernier <a href=\"https:\/\/actu.fr\/bretagne\/le-pertre_35217\/coupe-de-france-le-7e-tour-cest-un-autre-monde-pour-le-club-du-pertre_63428527.html\" target=\"_blank\" rel=\"noopener\">\u00e0 retrouver ici.<\/a><\/p>\n<p class=\" wall-content\"><b>16\u2009h\u200955\u2009: les joueurs font leur entr\u00e9e sur le terrain<\/b><\/p>\n<p class=\" wall-content\">Coup d\u2019envoi imminent pour ce 7e tour de Coupe de France \u00e0 Vitr\u00e9. Les supporters proposent un joli tifo.<\/p>\n<p class=\" wall-content\"><a href=\"https:\/\/www.instagram.com\/p\/DRFVJAnDKQV\/embed\" title=\"Ouvrir le lien sur Instagram\" target=\"_blank\" rel=\"noopener\">Visualiser le contenu sur Instagram<\/a><\/p>\n<p class=\" wall-content\"><b>16\u2009h\u200950\u2009: comment les Pertrais ont-ils n\u00e9goci\u00e9 leur venue dans le bus du Stade Rennais\u2009?<\/b><\/p>\n<p class=\" wall-content\">La r\u00e9ponse en vid\u00e9o avec Simon, qui m\u00e8ne le kop de supporters depuis plusieurs heures maintenant.<\/p>\n<p class=\" wall-content\"><a href=\"https:\/\/www.instagram.com\/p\/DRFTEMkjGOB\/embed\" title=\"Ouvrir le lien sur Instagram\" target=\"_blank\" rel=\"noopener\">Visualiser le contenu sur Instagram<\/a><\/p>\n<p class=\" wall-content\"><b>16\u2009h\u200945\u2009: un mot du coach de Concarneau avant d\u2019affronter Le Pertre<\/b><\/p>\n<p class=\" wall-content\">St\u00e9phane Rossi s\u2019est arr\u00eat\u00e9 \u00e0 notre micro avant le coup d\u2019envoi. Le coach sait que son \u00e9quipe devra se montrer rigoureuse.<\/p>\n<p class=\" wall-content\"><a href=\"https:\/\/www.instagram.com\/p\/DRFSZwOjNMg\/embed\" title=\"Ouvrir le lien sur Instagram\" target=\"_blank\" rel=\"noopener\">Visualiser le contenu sur Instagram<\/a><\/p>\n<p class=\" wall-content\"><b>16\u2009h\u200935\u2009: les supporters ne s\u2019arr\u00eatent pas de chanter<\/b><\/p>\n<p class=\" wall-content\">Les supporters des Bleuets sont en train de transformer le stade municipal de Vitr\u00e9 en petit chaudron. On a rarement vu \u00e7a pour un club de R\u00e9gional 3, rappelons-le\u2009!<\/p>\n<p>    <img   decoding=\"async\" loading=\"lazy\" class=\"size-large\" src=\"https:\/\/www.europesays.com\/fr\/wp-content\/uploads\/2025\/11\/ffb918cd98196d3c918cd9819a7c91v-960x640.jpg\" alt=\"Les supporters donnent de la voix avant le coup d'envoi.\" width=\"960\" height=\"640\"\/><br \/>\n    Les supporters donnent de la voix avant le coup d\u2019envoi. \u00a9Romain Garion \/ Le Journal de Vitr\u00e9<br \/>\n    <img   decoding=\"async\" loading=\"lazy\" class=\"size-large\" src=\"https:\/\/www.europesays.com\/fr\/wp-content\/uploads\/2025\/11\/bb2168cd98196ef2168cd9819e3316v-960x640.jpg\" alt=\"Les supporters donnent de la voix avant le coup d'envoi.\" width=\"960\" height=\"640\"\/><br \/>\n    Les supporters donnent de la voix avant le coup d\u2019envoi. \u00a9Romain Garion \/ Le Journal de Vitr\u00e9<br \/>\n    <img   decoding=\"async\" loading=\"lazy\" class=\"size-large\" src=\"https:\/\/www.europesays.com\/fr\/wp-content\/uploads\/2025\/11\/0db878cd98196f0c878cd9819c4c87v-960x640.jpg\" alt=\"Les supporters donnent de la voix avant le coup d'envoi.\" width=\"960\" height=\"640\"\/><br \/>\n    Les supporters donnent de la voix avant le coup d\u2019envoi. \u00a9Romain Garion \/ Le Journal de Vitr\u00e9<\/p>\n<p class=\" wall-content\"><b>16\u2009h\u200930\u2009: l\u2019\u00e9chauffement des Bleuets en images<\/b><\/p>\n<p class=\" wall-content\">L\u2019heure de faire chauffer les muscles pour les Pertrais, avant le coup d\u2019envoi dans une trentaine de minutes.<\/p>\n<p>    <img   decoding=\"async\" loading=\"lazy\" class=\"size-large\" src=\"https:\/\/www.europesays.com\/fr\/wp-content\/uploads\/2025\/11\/23e0950c9819627e0950c9819fae09v-960x640.jpg\" alt=\"Les Bleuets sont \u00e0 l'\u00e9chauffement.\" width=\"960\" height=\"640\"\/><br \/>\n    Les Bleuets sont \u00e0 l\u2019\u00e9chauffement. \u00a9Romain Garion \/ Le Journal de Vitr\u00e9<br \/>\n    <img   decoding=\"async\" loading=\"lazy\" class=\"size-large\" src=\"https:\/\/www.europesays.com\/fr\/wp-content\/uploads\/2025\/11\/1c31dedb981962041dedb98190441dv-960x640.jpg\" alt=\"Les Pertrais \u00e0 l'\u00e9chauffement.\" width=\"960\" height=\"640\"\/><br \/>\n    Les Pertrais \u00e0 l\u2019\u00e9chauffement. \u00a9Romain Garion \/ Le Journal de Vitr\u00e9<\/p>\n<p class=\" wall-content\"><b>16\u2009h\u200925\u2009: un homme exp\u00e9riment\u00e9 au sifflet<\/b><\/p>\n<p class=\" wall-content\">C\u2019est Mika\u00ebl Lesage qui a \u00e9t\u00e9 d\u00e9sign\u00e9 par la FFF pour officier sur cette rencontre. Il a arbitr\u00e9 en Ligue\u00a01, ainsi que la finale de Coupe de France remport\u00e9e par le PSG face aux Herbiers en 2018.<\/p>\n<p class=\" wall-content\"><b\/><b>16\u2009h\u200920\u2009: les 11 guerriers choisis par Pascal Pouthier<\/b><\/p>\n<p class=\" wall-content\">Un seul changement par rapport au 11 qui avait sorti Cl\u00e9der au 6e tour, avec Rudy Neveu qui prend place sur le banc. Jonathan Gilet le remplace.<\/p>\n<p class=\" wall-content\">Le 11\u2009: Pasquier \u2013 Coudray, Boscher, Chaineau, Th. de la Bou\u00e8re \u2013 Ollivier (cap), Rocher, A. Mieuzet \u2013 Loison, Quintin, Gilet.<\/p>\n<p class=\" wall-content\">Rempla\u00e7ants\u2009: Neveu, M. Mieuzet, Ryo, Thireau, Lancelot (g), To. de la Bou\u00e8re, Hacques.<\/p>\n<p class=\" wall-content\"><b>16\u2009h\u200915\u2009: les compositions viennent de tomber\u2009!<\/b><b\/><\/p>\n<p class=\" wall-content\">Du c\u00f4t\u00e9 de Concarneau, Viot fait son retour et Le Bonniec, auteur de son premier but en National il y a quelques jours, est titulaire en pointe.<\/p>\n<p class=\" wall-content\">Le 11\u2009: Viot \u2013 Sinquin, Jannez (cap), Etcheverria, Inquel \u2013 Goujon, Picouleau, Mercier \u2013 Samoura, Le Bonniec, Soukouna.<\/p>\n<p class=\" wall-content\"><b>1<\/b><b>6\u2009h\u200910\u2009: Le Pertre vers un nouvel exploit\u2009?<\/b><\/p>\n<p class=\" wall-content\">Les Bleuets ont notamment sorti Langueux et Plaintel pour se qualifier au 7e tour, alors qu\u2019ils n\u2019avaient jamais d\u00e9pass\u00e9 le 3e tour dans leur histoire. Ce sera encore une autre paire de manches cet apr\u00e8s-midi\u2026<\/p>\n<p class=\" wall-content\"><b>16\u2009h\u200905\u2009: des supporters imaginatifs pour les Bleuets<\/b><\/p>\n<p class=\" wall-content\">Avec un clin d\u2019\u0153il au coach Pascal Pouthier. \u00ab\u2009Pascal va me tuer s\u2019il voit \u00e7a\u2009\u00bb, s\u2019amuse-t-on\u2026<\/p>\n<p>    <img   decoding=\"async\" loading=\"lazy\" class=\"size-large\" src=\"https:\/\/www.europesays.com\/fr\/wp-content\/uploads\/2025\/11\/55b192669819659b1926698193db19v-960x640.jpg\" alt=\"Les pancartes des supporters des Bleuets !\" width=\"960\" height=\"640\"\/><br \/>\n    Les pancartes des supporters des Bleuets ! \u00a9Math\u00e9o Girard<br \/>\n    <img   decoding=\"async\" loading=\"lazy\" class=\"size-large\" src=\"https:\/\/www.europesays.com\/fr\/wp-content\/uploads\/2025\/11\/ec52d26698196c062d2669819a462dv-960x640.jpg\" alt=\"Des supporters pertrais imaginatifs.\" width=\"960\" height=\"640\"\/><br \/>\n    Des supporters pertrais imaginatifs. \u00a9Math\u00e9o Girard<\/p>\n<p class=\" wall-content\"><b>15\u2009h\u200955\u2009: un bagad pour mettre l\u2019ambiance avant le match<\/b><\/p>\n<p class=\" wall-content\">Le stade municipal de Vitr\u00e9 s\u2019\u00e9chauffe doucement avec ce bagad qui se produit \u00e0 quelques pas de la pelouse. Coup d\u2019envoi d\u2019ici une heure environ\u2026<\/p>\n<p class=\" wall-content\"><a href=\"https:\/\/www.instagram.com\/p\/DRFMgxSDBuo\/embed\" title=\"Ouvrir le lien sur Instagram\" target=\"_blank\" rel=\"noopener\">Visualiser le contenu sur Instagram<\/a><\/p>\n<p class=\" wall-content\"><b>15\u2009h\u200945\u2009: Rencontre avec les parents des joueurs<\/b><\/p>\n<p class=\" wall-content\">Deux heures avant le coup d\u2019envoi, on a rencontr\u00e9 les parents des fr\u00e8res de la Bou\u00e8re, ainsi que du capitaine Mathias Ollivier. Leur prono\u2009? Une qualification, forc\u00e9ment\u2009!<\/p>\n<p class=\" wall-content\"><a href=\"https:\/\/www.instagram.com\/p\/DRFIw6hjLtI\/embed\" title=\"Ouvrir le lien sur Instagram\" target=\"_blank\" rel=\"noopener\">Visualiser le contenu sur Instagram<\/a><\/p>\n<p class=\" wall-content\"><b>15\u2009h\u200930\u2009: les joueurs arrivent \u00e0 Vitr\u00e9\u2026 avec le bus du Stade Rennais<\/b><\/p>\n<p class=\" wall-content\">La belle surprise des dirigeants du Pertre\u2009! Avant le 7e tour des Bleuets (R3) contre Concarneau, les joueurs arrivent dans le bus du Stade Rennais\u2009! Et le public est d\u00e9j\u00e0 chaud \u00e0 deux heures du coup d\u2019envoi\u2009!<a href=\"https:\/\/www.instagram.com\/reel\/DRFJssKjKcB\/?utm_source=ig_embed&amp;utm_campaign=loading\" style=\"color: #c9c8cd; font-family: Arial,sans-serif; font-size: 14px; font-style: normal; font-weight: normal; line-height: 17px; text-decoration: none;\" target=\"_blank\" rel=\"noopener\"><\/p>\n<p class=\" wall-content\"><a href=\"https:\/\/www.instagram.com\/p\/DRFJssKjKcB\/embed\" title=\"Ouvrir le lien sur Instagram\" target=\"_blank\" rel=\"noopener\">Visualiser le contenu sur Instagram<\/a><\/p>\n<p class=\" wall-content\">Bienvenue sur ce direct, pour suivre en notre compagnie le match entre les Bleuets du Pertre et l\u2019US Concarneau\u2009!<\/p>\n<p class=\" wall-content\">Personnalisez votre actualit\u00e9 en ajoutant vos villes et m\u00e9dias en favori avec <a href=\"https:\/\/moncompte.actu.fr\" title=\"D\u00e9couvez Mon Actu\" rel=\"nofollow noopener\" data-trk=\"{&quot;cta&quot;:{&quot;action&quot;:&quot;https:\\\/\\\/moncompte.actu.fr&quot;,&quot;category&quot;:&quot;mon compte&quot;,&quot;from&quot;:&quot;article footer&quot;,&quot;name&quot;:&quot;Mon actu&quot;,&quot;type&quot;:&quot;cta&quot;}}\" target=\"_blank\">Mon Actu<\/a>.<\/p>\n<p>                    <script async src=\"\/\/www.instagram.com\/embed.js\"><\/script><\/p>\n","protected":false},"excerpt":{"rendered":"Par Matheo Girard Publi\u00e9 le 15 nov. 2025 \u00e0 19h01 C\u2019\u00e9tait le grand jour pour les Bleuets du&hellip;\n","protected":false},"author":2,"featured_media":536763,"comment_status":"","ping_status":"","sticky":false,"template":"","format":"standard","meta":{"footnotes":""},"categories":[1410],"tags":[83,15922,63,1011,27,60],"class_list":{"0":"post-536762","1":"post","2":"type-post","3":"status-publish","4":"format-standard","5":"has-post-thumbnail","7":"category-football","8":"tag-coupe-de-france","9":"tag-coupe-de-france-de-football","10":"tag-football","11":"tag-fr","12":"tag-france","13":"tag-sports"},"share_on_mastodon":{"url":"https:\/\/pubeurope.com\/@fr\/115555760230271824","error":""},"_links":{"self":[{"href":"https:\/\/www.europesays.com\/fr\/wp-json\/wp\/v2\/posts\/536762","targetHints":{"allow":["GET"]}}],"collection":[{"href":"https:\/\/www.europesays.com\/fr\/wp-json\/wp\/v2\/posts"}],"about":[{"href":"https:\/\/www.europesays.com\/fr\/wp-json\/wp\/v2\/types\/post"}],"author":[{"embeddable":true,"href":"https:\/\/www.europesays.com\/fr\/wp-json\/wp\/v2\/users\/2"}],"replies":[{"embeddable":true,"href":"https:\/\/www.europesays.com\/fr\/wp-json\/wp\/v2\/comments?post=536762"}],"version-history":[{"count":0,"href":"https:\/\/www.europesays.com\/fr\/wp-json\/wp\/v2\/posts\/536762\/revisions"}],"wp:featuredmedia":[{"embeddable":true,"href":"https:\/\/www.europesays.com\/fr\/wp-json\/wp\/v2\/media\/536763"}],"wp:attachment":[{"href":"https:\/\/www.europesays.com\/fr\/wp-json\/wp\/v2\/media?parent=536762"}],"wp:term":[{"taxonomy":"category","embeddable":true,"href":"https:\/\/www.europesays.com\/fr\/wp-json\/wp\/v2\/categories?post=536762"},{"taxonomy":"post_tag","embeddable":true,"href":"https:\/\/www.europesays.com\/fr\/wp-json\/wp\/v2\/tags?post=536762"}],"curies":[{"name":"wp","href":"https:\/\/api.w.org\/{rel}","templated":true}]}}