{"id":536783,"date":"2025-11-15T21:19:11","date_gmt":"2025-11-15T21:19:11","guid":{"rendered":"https:\/\/www.europesays.com\/fr\/536783\/"},"modified":"2025-11-15T21:19:11","modified_gmt":"2025-11-15T21:19:11","slug":"le-liban-accuse-a-son-tour-israel-de-construire-un-mur-dans-le-sud-et-proteste-aupres-de-lonu","status":"publish","type":"post","link":"https:\/\/www.europesays.com\/fr\/536783\/","title":{"rendered":"Le Liban accuse \u00e0 son tour Isra\u00ebl de construire un mur dans le sud et proteste aupr\u00e8s de l&rsquo;ONU"},"content":{"rendered":"<p>\n    L\u2019\u00c9tat h\u00e9breu a rejet\u00e9 ces accusations, parlant de \u00abrenforcement de la barri\u00e8re physique\u00bb le long de la ligne de d\u00e9marcation avec son voisin du nord, mais pas en territoire libanais.<\/p>\n<p class=\"fig-paragraph\">Le Liban a annonc\u00e9 samedi d\u00e9poser plainte devant le Conseil de s\u00e9curit\u00e9 de l&rsquo;ONU en raison de la\u00a0<a href=\"http:\/\/www.lefigaro.fr\/flash-actu\/liban-le-hezbollah-denonce-la-construction-par-israel-d-un-mur-autour-d-un-village-frontalier-20230706\" target=\"_blank\" data-fig-type=\"NewsFlash\" rel=\"noopener\" data-gtm-custom-categorie=\"navigation\" data-gtm-custom-action=\"crossclick\" data-gtm-custom-label=\"Contextuel\" data-gtm-event=\"customEventSPE\" data-fig-domain=\"LEFIGARO\">construction d&rsquo;un mur dans le sud du Liban<\/a>\u00a0par Isra\u00ebl, dont avait fait \u00e9tat la veille la\u00a0<a href=\"http:\/\/www.lefigaro.fr\/international\/desarmement-du-hezbollah-mediation-les-enjeux-de-la-prolongation-du-mandat-de-la-finul-au-liban-20250828\" target=\"_blank\" data-fig-type=\"Article\" rel=\"noopener\" data-gtm-custom-categorie=\"navigation\" data-gtm-custom-action=\"crossclick\" data-gtm-custom-label=\"Contextuel\" data-gtm-event=\"customEventSPE\" data-fig-domain=\"LEFIGARO\">Force int\u00e9rimaire des Nations unies au Liban<\/a>\u00a0(Finul).<\/p>\n<p class=\"fig-paragraph\">Isra\u00ebl a rejet\u00e9 les accusations de la Finul, parlant de \u00abrenforcement de la barri\u00e8re physique\u00bb le long de la ligne de d\u00e9marcation avec son voisin du nord, mais pas en territoire libanais.<\/p>\n<p>                                    <a class=\"fig-a11y-skip a11y-hidden\" href=\"#fig-a11y-skip-main-inarticle\"><br \/>\n        Passer la publicit\u00e9<br \/>\n    <\/a><\/p>\n<p>\u00abMur de b\u00e9ton\u00bb<\/p>\n<p class=\"fig-paragraph\">Le bureau du pr\u00e9sident libanais\u00a0<a href=\"http:\/\/www.lefigaro.fr\/international\/le-president-du-liban-joseph-aoun-au-figaro-le-soutien-de-la-france-est-essentiel-elle-est-notre-mere-protectrice-20250327\" target=\"_blank\" data-fig-type=\"Article\" rel=\"noopener\" data-gtm-custom-categorie=\"navigation\" data-gtm-custom-action=\"crossclick\" data-gtm-custom-label=\"Contextuel\" data-gtm-event=\"customEventSPE\" data-fig-domain=\"LEFIGARO\">Joseph Aoun<\/a>\u00a0a indiqu\u00e9 qu&rsquo;il avait ordonn\u00e9 \u00abde d\u00e9poser une plainte urgente aupr\u00e8s du Conseil de s\u00e9curit\u00e9 des Nations unies contre Isra\u00ebl pour avoir construit un mur en b\u00e9ton \u00e0 la fronti\u00e8re sud du Liban en d\u00e9passant la Ligne bleue\u00bb, qui marque la fronti\u00e8re entre les deux pays. Il a demand\u00e9 que la plainte \u00absoit accompagn\u00e9e de rapports \u00e9mis par l&rsquo;ONU r\u00e9futant le d\u00e9ni isra\u00e9lien de la construction du mur\u00bb.<\/p>\n<p class=\"fig-paragraph\">Vendredi, la Finul avait dit dans un communiqu\u00e9 avoir d\u00e9couvert en octobre \u00abun mur de b\u00e9ton \u00e9rig\u00e9\u00bb par l&rsquo;arm\u00e9e isra\u00e9lienne \u00abau sud-ouest de Yaroun\u00bb. \u00abL&rsquo;enqu\u00eate a confirm\u00e9 que le mur traversait la Ligne bleue\u00bb, \u00abrendant plus de 4000 m\u00e8tres carr\u00e9s de territoire libanais inaccessibles\u00bb aux habitants, avait-elle ajout\u00e9.<\/p>\n<p>\u00abLe mur ne traverse pas la Ligne bleue\u00bb<\/p>\n<p class=\"fig-paragraph\">Depuis le d\u00e9but de la guerre d\u00e9clench\u00e9e \u00e0 Gaza par l&rsquo;<a href=\"http:\/\/www.lefigaro.fr\/international\/samedi-6-heures-les-tueurs-du-hamas-deferlent-sur-sderot-le-recit-de-l-envoye-special-du-figaro-20231008\" target=\"_blank\" data-fig-type=\"Article\" rel=\"noopener\" data-gtm-custom-categorie=\"navigation\" data-gtm-custom-action=\"crossclick\" data-gtm-custom-label=\"Contextuel\" data-gtm-event=\"customEventSPE\" data-fig-domain=\"LEFIGARO\">attaque du mouvement islamiste palestinien Hamas en Isra\u00ebl le 7 octobre 2023<\/a>, l&rsquo;arm\u00e9e isra\u00e9lienne \u00aba mis en \u0153uvre une s\u00e9rie de mesures, notamment le renforcement de la barri\u00e8re physique le long de la fronti\u00e8re nord\u00bb,a d\u00e9clar\u00e9 \u00e0 l&rsquo;AFP un porte-parole militaire isra\u00e9lien. \u00abLe mur ne traverse pas la Ligne bleue\u00bb, a-t-il affirm\u00e9, disant que sa construction avait d\u00e9but\u00e9 en 2022.<\/p>\n<p class=\"fig-paragraph\">Apr\u00e8s le d\u00e9but de la guerre \u00e0 Gaza, le mouvement pro-iranien libanais Hezbollah avait ouvert un front en tirant des roquettes \u00e0 partir du sud du Liban sur le nord d&rsquo;Isra\u00ebl, affirmant agir \u00aben soutien\u00bb au Hamas, son alli\u00e9. Ces hostilit\u00e9s ont d\u00e9g\u00e9n\u00e9r\u00e9 en guerre ouverte en septembre 2024 avant un accord de cessez-le-feu fin novembre.<\/p>\n","protected":false},"excerpt":{"rendered":"L\u2019\u00c9tat h\u00e9breu a rejet\u00e9 ces accusations, parlant de \u00abrenforcement de la barri\u00e8re physique\u00bb le long de la ligne&hellip;\n","protected":false},"author":2,"featured_media":536784,"comment_status":"","ping_status":"","sticky":false,"template":"","format":"standard","meta":{"footnotes":""},"categories":[5],"tags":[11,1011,27,14,664,12404,12,28],"class_list":{"0":"post-536783","1":"post","2":"type-post","3":"status-publish","4":"format-standard","5":"has-post-thumbnail","7":"category-international","8":"tag-actualites","9":"tag-fr","10":"tag-france","11":"tag-international","12":"tag-israel","13":"tag-liban","14":"tag-news","15":"tag-world"},"share_on_mastodon":{"url":"https:\/\/pubeurope.com\/@fr\/115555805724197478","error":""},"_links":{"self":[{"href":"https:\/\/www.europesays.com\/fr\/wp-json\/wp\/v2\/posts\/536783","targetHints":{"allow":["GET"]}}],"collection":[{"href":"https:\/\/www.europesays.com\/fr\/wp-json\/wp\/v2\/posts"}],"about":[{"href":"https:\/\/www.europesays.com\/fr\/wp-json\/wp\/v2\/types\/post"}],"author":[{"embeddable":true,"href":"https:\/\/www.europesays.com\/fr\/wp-json\/wp\/v2\/users\/2"}],"replies":[{"embeddable":true,"href":"https:\/\/www.europesays.com\/fr\/wp-json\/wp\/v2\/comments?post=536783"}],"version-history":[{"count":0,"href":"https:\/\/www.europesays.com\/fr\/wp-json\/wp\/v2\/posts\/536783\/revisions"}],"wp:featuredmedia":[{"embeddable":true,"href":"https:\/\/www.europesays.com\/fr\/wp-json\/wp\/v2\/media\/536784"}],"wp:attachment":[{"href":"https:\/\/www.europesays.com\/fr\/wp-json\/wp\/v2\/media?parent=536783"}],"wp:term":[{"taxonomy":"category","embeddable":true,"href":"https:\/\/www.europesays.com\/fr\/wp-json\/wp\/v2\/categories?post=536783"},{"taxonomy":"post_tag","embeddable":true,"href":"https:\/\/www.europesays.com\/fr\/wp-json\/wp\/v2\/tags?post=536783"}],"curies":[{"name":"wp","href":"https:\/\/api.w.org\/{rel}","templated":true}]}}